{"id":6517,"date":"2024-08-29T08:59:12","date_gmt":"2024-08-29T08:59:12","guid":{"rendered":"https:\/\/urban-connect.com\/?post_type=news&#038;p=6517"},"modified":"2024-09-18T09:24:17","modified_gmt":"2024-09-18T09:24:17","slug":"fallstudie-im-blickpunkt-nachhaltige-mobilitaet-in-den-schweizer-alpen","status":"publish","type":"news","link":"https:\/\/urban-connect.com\/de\/news\/fallstudie-im-blickpunkt-nachhaltige-mobilitaet-in-den-schweizer-alpen\/","title":{"rendered":"Fallstudie im Blickpunkt: Nachhaltige Mobilit\u00e4t in den Schweizer Alpen"},"content":{"rendered":"\n<figure class=\"wp-block-image size-large\"><img loading=\"lazy\" decoding=\"async\" width=\"1024\" height=\"323\" data-src=\"https:\/\/urban-connect.com\/wp-content\/uploads\/2024\/09\/CS_1_DE-1024x323.png\" alt=\"\" class=\"wp-image-6518 lazyload\" data-srcset=\"https:\/\/urban-connect.com\/wp-content\/uploads\/2024\/09\/CS_1_DE-1024x323.png 1024w, https:\/\/urban-connect.com\/wp-content\/uploads\/2024\/09\/CS_1_DE-300x95.png 300w, https:\/\/urban-connect.com\/wp-content\/uploads\/2024\/09\/CS_1_DE-768x242.png 768w, https:\/\/urban-connect.com\/wp-content\/uploads\/2024\/09\/CS_1_DE-1536x484.png 1536w, https:\/\/urban-connect.com\/wp-content\/uploads\/2024\/09\/CS_1_DE-2048x645.png 2048w, https:\/\/urban-connect.com\/wp-content\/uploads\/2024\/09\/CS_1_DE-1920x605.png 1920w\" data-sizes=\"auto, (max-width: 1024px) 100vw, 1024px\" src=\"data:image\/gif;base64,R0lGODlhAQABAAAAACH5BAEKAAEALAAAAAABAAEAAAICTAEAOw==\" style=\"--smush-placeholder-width: 1024px; --smush-placeholder-aspect-ratio: 1024\/323;\" \/><noscript><img loading=\"lazy\" decoding=\"async\" width=\"1024\" height=\"323\" src=\"https:\/\/urban-connect.com\/wp-content\/uploads\/2024\/09\/CS_1_DE-1024x323.png\" alt=\"\" class=\"wp-image-6518\" srcset=\"https:\/\/urban-connect.com\/wp-content\/uploads\/2024\/09\/CS_1_DE-1024x323.png 1024w, https:\/\/urban-connect.com\/wp-content\/uploads\/2024\/09\/CS_1_DE-300x95.png 300w, https:\/\/urban-connect.com\/wp-content\/uploads\/2024\/09\/CS_1_DE-768x242.png 768w, https:\/\/urban-connect.com\/wp-content\/uploads\/2024\/09\/CS_1_DE-1536x484.png 1536w, https:\/\/urban-connect.com\/wp-content\/uploads\/2024\/09\/CS_1_DE-2048x645.png 2048w, https:\/\/urban-connect.com\/wp-content\/uploads\/2024\/09\/CS_1_DE-1920x605.png 1920w\" sizes=\"auto, (max-width: 1024px) 100vw, 1024px\" \/><\/noscript><\/figure>\n\n\n\n<p>Der Kunde ist eines der weltweit gr\u00f6ssten Produktionsunternehmen im Gesundheitswesen mit einer bedeutenden Pr\u00e4senz in der Schweiz. Das Unternehmen ist auf f\u00fcnf Kontinenten t\u00e4tig und besch\u00e4ftigt weltweit rund 18.000 Mitarbeiter. Urban Connect bietet integrierte \/ multimodale Mobilit\u00e4tsdienstleistungen an drei Standorten des Kunden an: in einer Kleinstadt in den Walliser Alpen, in einer Schweizer Grossstadt sowie in einer kleineren Schweizer Gemeinde direkt an der deutschen Grenze. In dieser Fallstudie wird jedoch der Schwerpunkt auf die Stadt in den Alpen gelegt.<\/p>\n\n\n\n<figure class=\"wp-block-image size-large\"><img loading=\"lazy\" decoding=\"async\" width=\"1024\" height=\"790\" data-src=\"https:\/\/urban-connect.com\/wp-content\/uploads\/2024\/09\/CS_2_DE-1024x790.jpg\" alt=\"\" class=\"wp-image-6522 lazyload\" data-srcset=\"https:\/\/urban-connect.com\/wp-content\/uploads\/2024\/09\/CS_2_DE-1024x790.jpg 1024w, https:\/\/urban-connect.com\/wp-content\/uploads\/2024\/09\/CS_2_DE-300x231.jpg 300w, https:\/\/urban-connect.com\/wp-content\/uploads\/2024\/09\/CS_2_DE-768x592.jpg 768w, https:\/\/urban-connect.com\/wp-content\/uploads\/2024\/09\/CS_2_DE-1536x1185.jpg 1536w, https:\/\/urban-connect.com\/wp-content\/uploads\/2024\/09\/CS_2_DE-2048x1580.jpg 2048w, https:\/\/urban-connect.com\/wp-content\/uploads\/2024\/09\/CS_2_DE-1400x1080.jpg 1400w\" data-sizes=\"auto, (max-width: 1024px) 100vw, 1024px\" src=\"data:image\/gif;base64,R0lGODlhAQABAAAAACH5BAEKAAEALAAAAAABAAEAAAICTAEAOw==\" style=\"--smush-placeholder-width: 1024px; --smush-placeholder-aspect-ratio: 1024\/790;\" \/><noscript><img loading=\"lazy\" decoding=\"async\" width=\"1024\" height=\"790\" src=\"https:\/\/urban-connect.com\/wp-content\/uploads\/2024\/09\/CS_2_DE-1024x790.jpg\" alt=\"\" class=\"wp-image-6522\" srcset=\"https:\/\/urban-connect.com\/wp-content\/uploads\/2024\/09\/CS_2_DE-1024x790.jpg 1024w, https:\/\/urban-connect.com\/wp-content\/uploads\/2024\/09\/CS_2_DE-300x231.jpg 300w, https:\/\/urban-connect.com\/wp-content\/uploads\/2024\/09\/CS_2_DE-768x592.jpg 768w, https:\/\/urban-connect.com\/wp-content\/uploads\/2024\/09\/CS_2_DE-1536x1185.jpg 1536w, https:\/\/urban-connect.com\/wp-content\/uploads\/2024\/09\/CS_2_DE-2048x1580.jpg 2048w, https:\/\/urban-connect.com\/wp-content\/uploads\/2024\/09\/CS_2_DE-1400x1080.jpg 1400w\" sizes=\"auto, (max-width: 1024px) 100vw, 1024px\" \/><\/noscript><\/figure>\n\n\n\n<p>Der Kunde sah sich mit mehreren bedeutenden Herausforderungen konfrontiert, die sich sowohl auf das Unternehmen als auch auf die lokale Gemeinschaft auswirkten. Erstens f\u00fchrte der grosse Zustrom von Pendlern zum Industriecampus des Unternehmens zu schweren Verkehrsstaus, was die Beziehung zur Gemeinde belastete. Zweitens gibt es auf dem Gel\u00e4nde keine ausreichenden Parkm\u00f6glichkeiten f\u00fcr Privatfahrzeuge, so dass die Mitarbeiter auf \u00f6ffentliche Parkpl\u00e4tze ausweichen m\u00fcssen, was die Parksituation vor Ort weiter versch\u00e4rft, was die Beziehungen zur Gemeinde zus\u00e4tzlich belastet. Drittens wohnen 82 % der Besch\u00e4ftigten nahe genug, um mit dem E-Bike zur Arbeit zu fahren (0-15 km), aber die Mehrheit entschied sich dennoch f\u00fcr das eigene Auto. Vor dem Hintergrund dieser Probleme erkannte der Kunde die Notwendigkeit einer L\u00f6sung, die das Pendlererlebnis verbessert.<\/p>\n\n\n\n<figure class=\"wp-block-image size-large\"><img loading=\"lazy\" decoding=\"async\" width=\"1024\" height=\"651\" data-src=\"https:\/\/urban-connect.com\/wp-content\/uploads\/2024\/09\/CS_3_DE-1024x651.jpg\" alt=\"\" class=\"wp-image-6526 lazyload\" data-srcset=\"https:\/\/urban-connect.com\/wp-content\/uploads\/2024\/09\/CS_3_DE-1024x651.jpg 1024w, https:\/\/urban-connect.com\/wp-content\/uploads\/2024\/09\/CS_3_DE-300x191.jpg 300w, https:\/\/urban-connect.com\/wp-content\/uploads\/2024\/09\/CS_3_DE-768x488.jpg 768w, https:\/\/urban-connect.com\/wp-content\/uploads\/2024\/09\/CS_3_DE-1536x977.jpg 1536w, https:\/\/urban-connect.com\/wp-content\/uploads\/2024\/09\/CS_3_DE-2048x1302.jpg 2048w, https:\/\/urban-connect.com\/wp-content\/uploads\/2024\/09\/CS_3_DE-1698x1080.jpg 1698w\" data-sizes=\"auto, (max-width: 1024px) 100vw, 1024px\" src=\"data:image\/gif;base64,R0lGODlhAQABAAAAACH5BAEKAAEALAAAAAABAAEAAAICTAEAOw==\" style=\"--smush-placeholder-width: 1024px; --smush-placeholder-aspect-ratio: 1024\/651;\" \/><noscript><img loading=\"lazy\" decoding=\"async\" width=\"1024\" height=\"651\" src=\"https:\/\/urban-connect.com\/wp-content\/uploads\/2024\/09\/CS_3_DE-1024x651.jpg\" alt=\"\" class=\"wp-image-6526\" srcset=\"https:\/\/urban-connect.com\/wp-content\/uploads\/2024\/09\/CS_3_DE-1024x651.jpg 1024w, https:\/\/urban-connect.com\/wp-content\/uploads\/2024\/09\/CS_3_DE-300x191.jpg 300w, https:\/\/urban-connect.com\/wp-content\/uploads\/2024\/09\/CS_3_DE-768x488.jpg 768w, https:\/\/urban-connect.com\/wp-content\/uploads\/2024\/09\/CS_3_DE-1536x977.jpg 1536w, https:\/\/urban-connect.com\/wp-content\/uploads\/2024\/09\/CS_3_DE-2048x1302.jpg 2048w, https:\/\/urban-connect.com\/wp-content\/uploads\/2024\/09\/CS_3_DE-1698x1080.jpg 1698w\" sizes=\"auto, (max-width: 1024px) 100vw, 1024px\" \/><\/noscript><\/figure>\n\n\n\n<p>In Anbetracht der Tatsache, dass 82% der Mitarbeitenden zwischen 0 und 15 km von der Anlage entfernt wohnen, und der Herausforderungen, denen sich der Kunde gegen\u00fcbersah, implementierte Urban Connect ein umfassendes E-Bike-Gemeinschaftsprogramm f\u00fcr den Standort. Diese Initiative umfasste 50 gemeinsam genutzte E-Bikes (jetzt 160) und 4 gemeinsam genutzte E-Cargo-Bikes, die mit einer Buchungssoftware, Wartungsdiensten, Versicherungen und einer 24\/7-Helpline f\u00fcr die Benutzerunterst\u00fctzung ausgestattet sind. Dieses Supportsystem stellt sicher, dass die E-Bikes jederzeit zug\u00e4nglich, gut gewartet und einsatzbereit sind und den Mitarbeitenden vom Kunden eine zuverl\u00e4ssige und umweltfreundliche Transportm\u00f6glichkeit bieten.<\/p>\n\n\n\n<p>Zur Unterst\u00fctzung dieser Initiative hat Urban Connect 160 E-Bike-Ladestationen eingerichtet, die auf 7 verschiedene Kundenstandorte in der Gemeinde verteilt sind. Diese strategische Platzierung stellt sicher, dass die Mitarbeitenden die E-Bikes leicht erreichen und aufladen k\u00f6nnen, was eine breite Nutzung und Bequemlichkeit f\u00f6rdert.<\/p>\n\n\n\n<p>Um die Wirkung zu maximieren, organisierte Urban Connect eine Einf\u00fchrungsveranstaltung mit dem Ziel, das Engagement und das Bewusstsein der Nutzer zu steigern. Diese Veranstaltung sollte die Mitarbeitenden mit den neuen E-Bike- und E-Cargo-Bike-Systemen vertraut machen und sie ermutigen, die E-Bikes in ihre t\u00e4gliche Routine zu integrieren. Durch diese Bem\u00fchungen hat der Kunde nicht nur das Pendlererlebnis f\u00fcr ihre Mitarbeitenden verbessert, sondern auch ihr Engagement f\u00fcr betriebliche Effizienz gef\u00f6rdert.<\/p>\n\n\n\n<figure class=\"wp-block-image size-large\"><img loading=\"lazy\" decoding=\"async\" width=\"1024\" height=\"666\" data-src=\"https:\/\/urban-connect.com\/wp-content\/uploads\/2024\/09\/CS_4_DE-1024x666.png\" alt=\"\" class=\"wp-image-6530 lazyload\" data-srcset=\"https:\/\/urban-connect.com\/wp-content\/uploads\/2024\/09\/CS_4_DE-1024x666.png 1024w, https:\/\/urban-connect.com\/wp-content\/uploads\/2024\/09\/CS_4_DE-300x195.png 300w, https:\/\/urban-connect.com\/wp-content\/uploads\/2024\/09\/CS_4_DE-768x499.png 768w, https:\/\/urban-connect.com\/wp-content\/uploads\/2024\/09\/CS_4_DE-1536x998.png 1536w, https:\/\/urban-connect.com\/wp-content\/uploads\/2024\/09\/CS_4_DE-2048x1331.png 2048w, https:\/\/urban-connect.com\/wp-content\/uploads\/2024\/09\/CS_4_DE-1662x1080.png 1662w\" data-sizes=\"auto, (max-width: 1024px) 100vw, 1024px\" src=\"data:image\/gif;base64,R0lGODlhAQABAAAAACH5BAEKAAEALAAAAAABAAEAAAICTAEAOw==\" style=\"--smush-placeholder-width: 1024px; --smush-placeholder-aspect-ratio: 1024\/666;\" \/><noscript><img loading=\"lazy\" decoding=\"async\" width=\"1024\" height=\"666\" src=\"https:\/\/urban-connect.com\/wp-content\/uploads\/2024\/09\/CS_4_DE-1024x666.png\" alt=\"\" class=\"wp-image-6530\" srcset=\"https:\/\/urban-connect.com\/wp-content\/uploads\/2024\/09\/CS_4_DE-1024x666.png 1024w, https:\/\/urban-connect.com\/wp-content\/uploads\/2024\/09\/CS_4_DE-300x195.png 300w, https:\/\/urban-connect.com\/wp-content\/uploads\/2024\/09\/CS_4_DE-768x499.png 768w, https:\/\/urban-connect.com\/wp-content\/uploads\/2024\/09\/CS_4_DE-1536x998.png 1536w, https:\/\/urban-connect.com\/wp-content\/uploads\/2024\/09\/CS_4_DE-2048x1331.png 2048w, https:\/\/urban-connect.com\/wp-content\/uploads\/2024\/09\/CS_4_DE-1662x1080.png 1662w\" sizes=\"auto, (max-width: 1024px) 100vw, 1024px\" \/><\/noscript><\/figure>\n\n\n\n<p>Der Kunde hat mit Urban Connect eine umfassende Mobilit\u00e4tsl\u00f6sung implementiert, um die Probleme des Pendelns und Parkens zu l\u00f6sen. Das gemeinsame E-Bike-Programm hat beim Kunden beeindruckende Ergebnisse erzielt. Insgesamt haben sich 4&#8217;325 Benutzer auf der Plattform registriert, was 86.5% der Mitarbeitenden von Kunden an diesem Standort entspricht. In den ersten drei Jahren verzeichnete das Programm 101&#8217;506 Buchungen, was einem Durchschnitt von \u00fcber 4&#8217;200 Buchungen pro Monat entspricht. Jeden Monat nutzen im Durchschnitt mehr als 550 Benutzer die 164 E-Bikes aktiv. Die beliebtesten E-Bikes haben eine Auslastung von \u00fcber 93 %, wobei die Buchungsspitzen morgens, mittags und w\u00e4hrend der Pendlerzeit auftreten.<\/p>\n\n\n\n<p>Im Juni 2024 haben wir eine Umfrage unter den Benutzern dieses Kunden an diesem Standort durchgef\u00fchrt, um ihre Zufriedenheit mit unserem Service zu ermitteln, und dabei einige interessante Erkenntnisse gewonnen.<\/p>\n\n\n\n<p>Erstens war der Kunde mit einem grossen Verkehrsproblem konfrontiert, das die Beziehung zur Gemeinde beeintr\u00e4chtigte. 58% der Befragten pendeln nun mindestens einmal pro Woche mit dem UC-E-Bike, und 20% ziehen es dem privaten Auto vor. Diese Verlagerung hat zu einer Verringerung der Verkehrsbelastung um mindestens 10 % gef\u00fchrt.<\/p>\n\n\n\n<p>Zweitens gaben 25 % der Befragten an, weniger h\u00e4ufig zu parken. Zwei Mitarbeiter haben ihr Auto verkauft, und sieben weitere ziehen dies in Erw\u00e4gung. Ausserdem hat die Verf\u00fcgbarkeit von E-Bikes 14 Mitarbeiter davon abgehalten, ein Auto zu kaufen. Daher werden die Parkpl\u00e4tze insgesamt weniger genutzt.<\/p>\n\n\n\n<p>Drittens war der Kunde mit der Tatsache konfrontiert, dass 82% der Mitarbeitenden nahe genug wohnen, um mit dem Fahrrad zur Arbeit zu fahren. Da 58% der Mitarbeitenden mindestens einmal pro Woche (20%) mit dem UC-E-Bike statt mit dem Auto zur Arbeit fahren, erreichen die Mitarbeitenden die Kundenstandorte auf eine effizientere Weise.<\/p>\n\n\n\n<p>Aufgrund des grossen Erfolgs von Urban Connect hat der Kundedas Programm auf ihre zwei weiteren Standorte in der Schweiz ausgeweitet.<\/p>\n\n\n\n<hr class=\"wp-block-separator has-alpha-channel-opacity\"\/>\n\n\n\n<p>\ud83d\udc49 Kontaktiere unser Team, um \u00fcber deine Mobilit\u00e4tsbed\u00fcrfnisse zu sprechen: <a>sales@urban-connect.ch<\/a><\/p>\n\n\n\n<p>Change Mobility &#8211; Change the World<\/p>\n\n\n        <section class=\"author-block\">\n            <div class=\"container\">\n                <div class=\"left-side\">\n                    <h6 class=\"name\">Ana Gomez Ortiz<\/h6>\n                    <span class=\"position\">Marketing and Communications<\/span>\n                <\/div>\n                <div class=\"right-side\">\n                                            <img decoding=\"async\" \n                        class=\"image lazyload\" data-src=\"https:\/\/urban-connect.com\/wp-content\/uploads\/2024\/07\/1712246840024.jpeg\"\n                        data-srcset=\"https:\/\/urban-connect.com\/wp-content\/uploads\/2024\/07\/1712246840024.jpeg 800w, https:\/\/urban-connect.com\/wp-content\/uploads\/2024\/07\/1712246840024-300x300.jpeg 300w, https:\/\/urban-connect.com\/wp-content\/uploads\/2024\/07\/1712246840024-150x150.jpeg 150w, https:\/\/urban-connect.com\/wp-content\/uploads\/2024\/07\/1712246840024-768x768.jpeg 768w\"\n                        data-sizes=\"(max-width: 800px) 100vw, 800px\"\n                        alt=\"Chart Image\"\n                         src=\"data:image\/gif;base64,R0lGODlhAQABAAAAACH5BAEKAAEALAAAAAABAAEAAAICTAEAOw==\" style=\"--smush-placeholder-width: 800px; --smush-placeholder-aspect-ratio: 800\/800;\"><noscript><img decoding=\"async\" \n                        class=\"image\" src=\"https:\/\/urban-connect.com\/wp-content\/uploads\/2024\/07\/1712246840024.jpeg\"\n                        srcset=\"https:\/\/urban-connect.com\/wp-content\/uploads\/2024\/07\/1712246840024.jpeg 800w, https:\/\/urban-connect.com\/wp-content\/uploads\/2024\/07\/1712246840024-300x300.jpeg 300w, https:\/\/urban-connect.com\/wp-content\/uploads\/2024\/07\/1712246840024-150x150.jpeg 150w, https:\/\/urban-connect.com\/wp-content\/uploads\/2024\/07\/1712246840024-768x768.jpeg 768w\"\n                        sizes=\"(max-width: 800px) 100vw, 800px\"\n                        alt=\"Chart Image\"\n                        ><\/noscript>\n                                        <\/div>\n            <\/div>\n        <\/section>\n        \n\n    <section class=\"related-posts\">\n        <div class=\"container\">\n            <h4 class=\"block-title\"><\/h4>\n        <\/div>\n        <div class=\"container posts-wrap\">\n            <div class=\"swiper swiper-related-posts\">\n                <div class=\"swiper-wrapper\">\n                                            <div class=\"swiper-slide\">\n                            <div class=\"card-horizontal\">\n    <div class=\"left-side\">\n                    <a href=\"https:\/\/urban-connect.com\/de\/news\/wheels-wine-2026-eine-wegweisende-ausgabe-die-die-zukunft-der-unternehmensmobilitaet-gestaltet\/\">\n                <img decoding=\"async\" \n                    class=\"image lazyload\" data-src=\"https:\/\/urban-connect.com\/wp-content\/uploads\/2026\/03\/F06A4076-768x512.jpg\"\n                    data-srcset=\"https:\/\/urban-connect.com\/wp-content\/uploads\/2026\/03\/F06A4076-768x512.jpg 768w, https:\/\/urban-connect.com\/wp-content\/uploads\/2026\/03\/F06A4076-300x200.jpg 300w, https:\/\/urban-connect.com\/wp-content\/uploads\/2026\/03\/F06A4076-1024x683.jpg 1024w, https:\/\/urban-connect.com\/wp-content\/uploads\/2026\/03\/F06A4076-1536x1024.jpg 1536w, https:\/\/urban-connect.com\/wp-content\/uploads\/2026\/03\/F06A4076-2048x1365.jpg 2048w, https:\/\/urban-connect.com\/wp-content\/uploads\/2026\/03\/F06A4076-1620x1080.jpg 1620w\"\n                    data-sizes=\"(max-width: 768px) 100vw, 768px\"\n                    alt=\"Wheels &amp; Wine 2026 \u2013 Eine wegweisende Ausgabe, die die Zukunft der Unternehmensmobilit\u00e4t gestaltet\"\n                 src=\"data:image\/gif;base64,R0lGODlhAQABAAAAACH5BAEKAAEALAAAAAABAAEAAAICTAEAOw==\" style=\"--smush-placeholder-width: 768px; --smush-placeholder-aspect-ratio: 768\/512;\"><noscript><img decoding=\"async\" \n                    class=\"image\" src=\"https:\/\/urban-connect.com\/wp-content\/uploads\/2026\/03\/F06A4076-768x512.jpg\"\n                    srcset=\"https:\/\/urban-connect.com\/wp-content\/uploads\/2026\/03\/F06A4076-768x512.jpg 768w, https:\/\/urban-connect.com\/wp-content\/uploads\/2026\/03\/F06A4076-300x200.jpg 300w, https:\/\/urban-connect.com\/wp-content\/uploads\/2026\/03\/F06A4076-1024x683.jpg 1024w, https:\/\/urban-connect.com\/wp-content\/uploads\/2026\/03\/F06A4076-1536x1024.jpg 1536w, https:\/\/urban-connect.com\/wp-content\/uploads\/2026\/03\/F06A4076-2048x1365.jpg 2048w, https:\/\/urban-connect.com\/wp-content\/uploads\/2026\/03\/F06A4076-1620x1080.jpg 1620w\"\n                    sizes=\"(max-width: 768px) 100vw, 768px\"\n                    alt=\"Wheels &amp; Wine 2026 \u2013 Eine wegweisende Ausgabe, die die Zukunft der Unternehmensmobilit\u00e4t gestaltet\"\n                ><\/noscript>\n            <\/a>\n                <\/div>\n    <div class=\"right-side\">\n                    <a href=\"https:\/\/urban-connect.com\/de\/news\/wheels-wine-2026-eine-wegweisende-ausgabe-die-die-zukunft-der-unternehmensmobilitaet-gestaltet\/\">\n                <h6 class=\"title\">Wheels &amp; Wine 2026 \u2013 Eine wegweisende Ausgabe, die die Zukunft der Unternehmensmobilit\u00e4t gestaltet<\/h6>\n            <\/a>\n                        <span class=\"date\">M\u00e4rz 24, 2026 <\/span>\n            \n\t        <\/div>\n<\/div>                        <\/div>\n                                                <div class=\"swiper-slide\">\n                            <div class=\"card-horizontal\">\n    <div class=\"left-side\">\n                    <a href=\"https:\/\/urban-connect.com\/de\/news\/was-passiert-wenn-das-laden-von-elektroautos-endlich-funktioniert-wie-urban-connect-und-zaptec-eine-bessere-ladeinfrastruktur-fuer-elektroautos-geschaffen-haben\/\">\n                <img decoding=\"async\" \n                    class=\"image lazyload\" data-src=\"https:\/\/urban-connect.com\/wp-content\/uploads\/2026\/03\/Zaptec-cover-3-1-768x453.png\"\n                    data-srcset=\"https:\/\/urban-connect.com\/wp-content\/uploads\/2026\/03\/Zaptec-cover-3-1-768x453.png 768w, https:\/\/urban-connect.com\/wp-content\/uploads\/2026\/03\/Zaptec-cover-3-1-300x177.png 300w, https:\/\/urban-connect.com\/wp-content\/uploads\/2026\/03\/Zaptec-cover-3-1-1024x604.png 1024w, https:\/\/urban-connect.com\/wp-content\/uploads\/2026\/03\/Zaptec-cover-3-1-1536x906.png 1536w, https:\/\/urban-connect.com\/wp-content\/uploads\/2026\/03\/Zaptec-cover-3-1-2048x1208.png 2048w, https:\/\/urban-connect.com\/wp-content\/uploads\/2026\/03\/Zaptec-cover-3-1-1831x1080.png 1831w\"\n                    data-sizes=\"(max-width: 768px) 100vw, 768px\"\n                    alt=\"Was passiert, wenn das Laden von Elektroautos endlich funktioniert?\"\n                 src=\"data:image\/gif;base64,R0lGODlhAQABAAAAACH5BAEKAAEALAAAAAABAAEAAAICTAEAOw==\" style=\"--smush-placeholder-width: 768px; --smush-placeholder-aspect-ratio: 768\/453;\"><noscript><img decoding=\"async\" \n                    class=\"image\" src=\"https:\/\/urban-connect.com\/wp-content\/uploads\/2026\/03\/Zaptec-cover-3-1-768x453.png\"\n                    srcset=\"https:\/\/urban-connect.com\/wp-content\/uploads\/2026\/03\/Zaptec-cover-3-1-768x453.png 768w, https:\/\/urban-connect.com\/wp-content\/uploads\/2026\/03\/Zaptec-cover-3-1-300x177.png 300w, https:\/\/urban-connect.com\/wp-content\/uploads\/2026\/03\/Zaptec-cover-3-1-1024x604.png 1024w, https:\/\/urban-connect.com\/wp-content\/uploads\/2026\/03\/Zaptec-cover-3-1-1536x906.png 1536w, https:\/\/urban-connect.com\/wp-content\/uploads\/2026\/03\/Zaptec-cover-3-1-2048x1208.png 2048w, https:\/\/urban-connect.com\/wp-content\/uploads\/2026\/03\/Zaptec-cover-3-1-1831x1080.png 1831w\"\n                    sizes=\"(max-width: 768px) 100vw, 768px\"\n                    alt=\"Was passiert, wenn das Laden von Elektroautos endlich funktioniert?\"\n                ><\/noscript>\n            <\/a>\n                <\/div>\n    <div class=\"right-side\">\n                    <a href=\"https:\/\/urban-connect.com\/de\/news\/was-passiert-wenn-das-laden-von-elektroautos-endlich-funktioniert-wie-urban-connect-und-zaptec-eine-bessere-ladeinfrastruktur-fuer-elektroautos-geschaffen-haben\/\">\n                <h6 class=\"title\">Was passiert, wenn das Laden von Elektroautos endlich funktioniert?<\/h6>\n            <\/a>\n                        <span class=\"date\">M\u00e4rz 17, 2026 <\/span>\n            \n\t        <\/div>\n<\/div>                        <\/div>\n                                                <div class=\"swiper-slide\">\n                            <div class=\"card-horizontal\">\n    <div class=\"left-side\">\n                    <a href=\"https:\/\/urban-connect.com\/de\/news\/fallstudie-im-blickpunkt-lonza-visps-partnerschaft-fuer-nachhaltige-mobilitaet-mit-urban-connect\/\">\n                <img decoding=\"async\" \n                    class=\"image lazyload\" data-src=\"https:\/\/urban-connect.com\/wp-content\/uploads\/2026\/02\/HELSANA-x-UC-banner-768x511.png\"\n                    data-srcset=\"https:\/\/urban-connect.com\/wp-content\/uploads\/2026\/02\/HELSANA-x-UC-banner-768x511.png 768w, https:\/\/urban-connect.com\/wp-content\/uploads\/2026\/02\/HELSANA-x-UC-banner-300x199.png 300w, https:\/\/urban-connect.com\/wp-content\/uploads\/2026\/02\/HELSANA-x-UC-banner-1024x681.png 1024w, https:\/\/urban-connect.com\/wp-content\/uploads\/2026\/02\/HELSANA-x-UC-banner-1536x1021.png 1536w, https:\/\/urban-connect.com\/wp-content\/uploads\/2026\/02\/HELSANA-x-UC-banner.png 1590w\"\n                    data-sizes=\"(max-width: 768px) 100vw, 768px\"\n                    alt=\"Fallstudie im Blickpunkt: Helsana erm\u00f6glicht \u00fcber 3'400 Mitarbeitenden ein Urban Connect Mobility Budget \u2013 dank SCIM ganz reibungslos.\"\n                 src=\"data:image\/gif;base64,R0lGODlhAQABAAAAACH5BAEKAAEALAAAAAABAAEAAAICTAEAOw==\" style=\"--smush-placeholder-width: 768px; --smush-placeholder-aspect-ratio: 768\/511;\"><noscript><img decoding=\"async\" \n                    class=\"image\" src=\"https:\/\/urban-connect.com\/wp-content\/uploads\/2026\/02\/HELSANA-x-UC-banner-768x511.png\"\n                    srcset=\"https:\/\/urban-connect.com\/wp-content\/uploads\/2026\/02\/HELSANA-x-UC-banner-768x511.png 768w, https:\/\/urban-connect.com\/wp-content\/uploads\/2026\/02\/HELSANA-x-UC-banner-300x199.png 300w, https:\/\/urban-connect.com\/wp-content\/uploads\/2026\/02\/HELSANA-x-UC-banner-1024x681.png 1024w, https:\/\/urban-connect.com\/wp-content\/uploads\/2026\/02\/HELSANA-x-UC-banner-1536x1021.png 1536w, https:\/\/urban-connect.com\/wp-content\/uploads\/2026\/02\/HELSANA-x-UC-banner.png 1590w\"\n                    sizes=\"(max-width: 768px) 100vw, 768px\"\n                    alt=\"Fallstudie im Blickpunkt: Helsana erm\u00f6glicht \u00fcber 3'400 Mitarbeitenden ein Urban Connect Mobility Budget \u2013 dank SCIM ganz reibungslos.\"\n                ><\/noscript>\n            <\/a>\n                <\/div>\n    <div class=\"right-side\">\n                    <a href=\"https:\/\/urban-connect.com\/de\/news\/fallstudie-im-blickpunkt-lonza-visps-partnerschaft-fuer-nachhaltige-mobilitaet-mit-urban-connect\/\">\n                <h6 class=\"title\">Fallstudie im Blickpunkt: Helsana erm\u00f6glicht \u00fcber 3&#8217;400 Mitarbeitenden ein Urban Connect Mobility Budget \u2013 dank SCIM ganz reibungslos.<\/h6>\n            <\/a>\n                        <span class=\"date\">Februar 05, 2026 <\/span>\n            \n\t        <\/div>\n<\/div>                        <\/div>\n                                        <\/div>\n                <div class=\"btn-slider \">\n    <div class=\"prev\">\n        <svg width=\"22\" height=\"12\" viewBox=\"0 0 22 12\" fill=\"none\" xmlns=\"http:\/\/www.w3.org\/2000\/svg\">\n            <path d=\"M5.094 4.476L7.74 1.83L6.03 0.102L0.432 5.7L6.03 11.298L7.74 9.57L5.076 6.906H21.42V4.476H5.094Z\" fill=\"white\"\/>\n        <\/svg>\n    <\/div>\n    <div class=\"next\">\n        <svg width=\"22\" height=\"12\" viewBox=\"0 0 22 12\" fill=\"none\" xmlns=\"http:\/\/www.w3.org\/2000\/svg\">\n            <path d=\"M14.292 1.83L16.938 4.476H0.612V6.906H16.956L14.292 9.57L16.002 11.298L21.6 5.7L16.002 0.102L14.292 1.83Z\" fill=\"white\"\/>\n        <\/svg>\n    <\/div>\n<\/div>            <\/div>\n        <\/div>\n    <\/section>\n    ","protected":false},"excerpt":{"rendered":"<p>Der Kunde ist eines der weltweit gr\u00f6ssten Produktionsunternehmen im Gesundheitswesen mit einer bedeutenden Pr\u00e4senz in der Schweiz. Das Unternehmen ist auf f\u00fcnf Kontinenten t\u00e4tig und besch\u00e4ftigt weltweit rund 18.000 Mitarbeiter. Urban Connect bietet integrierte \/ multimodale Mobilit\u00e4tsdienstleistungen an drei Standorten des Kunden an: in einer Kleinstadt in den Walliser Alpen, in einer Schweizer Grossstadt sowie [&hellip;]<\/p>\n","protected":false},"featured_media":6515,"parent":0,"template":"","news_category":[44],"class_list":["post-6517","news","type-news","status-publish","has-post-thumbnail","hentry","news_category-case-studies-de"],"acf":[],"yoast_head":"<!-- This site is optimized with the Yoast SEO plugin v23.2 - https:\/\/yoast.com\/wordpress\/plugins\/seo\/ -->\n<title>Fallstudie im Blickpunkt: Nachhaltige Mobilit\u00e4t in den Schweizer Alpen - Urban Connect<\/title>\n<meta name=\"robots\" content=\"index, follow, max-snippet:-1, max-image-preview:large, max-video-preview:-1\" \/>\n<link rel=\"canonical\" href=\"https:\/\/urban-connect.com\/de\/news\/fallstudie-im-blickpunkt-nachhaltige-mobilitaet-in-den-schweizer-alpen\/\" \/>\n<meta property=\"og:locale\" content=\"de_DE\" \/>\n<meta property=\"og:type\" content=\"article\" \/>\n<meta property=\"og:title\" content=\"Fallstudie im Blickpunkt: Nachhaltige Mobilit\u00e4t in den Schweizer Alpen - Urban Connect\" \/>\n<meta property=\"og:description\" content=\"Der Kunde ist eines der weltweit gr\u00f6ssten Produktionsunternehmen im Gesundheitswesen mit einer bedeutenden Pr\u00e4senz in der Schweiz. Das Unternehmen ist auf f\u00fcnf Kontinenten t\u00e4tig und besch\u00e4ftigt weltweit rund 18.000 Mitarbeiter. Urban Connect bietet integrierte \/ multimodale Mobilit\u00e4tsdienstleistungen an drei Standorten des Kunden an: in einer Kleinstadt in den Walliser Alpen, in einer Schweizer Grossstadt sowie [&hellip;]\" \/>\n<meta property=\"og:url\" content=\"https:\/\/urban-connect.com\/de\/news\/fallstudie-im-blickpunkt-nachhaltige-mobilitaet-in-den-schweizer-alpen\/\" \/>\n<meta property=\"og:site_name\" content=\"Urban Connect\" \/>\n<meta property=\"article:modified_time\" content=\"2024-09-18T09:24:17+00:00\" \/>\n<meta property=\"og:image\" content=\"https:\/\/urban-connect.com\/wp-content\/uploads\/2024\/09\/Lonza_news_new.jpg\" \/>\n\t<meta property=\"og:image:width\" content=\"1438\" \/>\n\t<meta property=\"og:image:height\" content=\"1248\" \/>\n\t<meta property=\"og:image:type\" content=\"image\/jpeg\" \/>\n<meta name=\"twitter:card\" content=\"summary_large_image\" \/>\n<meta name=\"twitter:label1\" content=\"Gesch\u00e4tzte Lesezeit\" \/>\n\t<meta name=\"twitter:data1\" content=\"5\u00a0Minuten\" \/>\n<script type=\"application\/ld+json\" class=\"yoast-schema-graph\">{\"@context\":\"https:\/\/schema.org\",\"@graph\":[{\"@type\":\"WebPage\",\"@id\":\"https:\/\/urban-connect.com\/de\/news\/fallstudie-im-blickpunkt-nachhaltige-mobilitaet-in-den-schweizer-alpen\/\",\"url\":\"https:\/\/urban-connect.com\/de\/news\/fallstudie-im-blickpunkt-nachhaltige-mobilitaet-in-den-schweizer-alpen\/\",\"name\":\"Fallstudie im Blickpunkt: Nachhaltige Mobilit\u00e4t in den Schweizer Alpen - Urban Connect\",\"isPartOf\":{\"@id\":\"https:\/\/urban-connect.com\/de\/#website\"},\"primaryImageOfPage\":{\"@id\":\"https:\/\/urban-connect.com\/de\/news\/fallstudie-im-blickpunkt-nachhaltige-mobilitaet-in-den-schweizer-alpen\/#primaryimage\"},\"image\":{\"@id\":\"https:\/\/urban-connect.com\/de\/news\/fallstudie-im-blickpunkt-nachhaltige-mobilitaet-in-den-schweizer-alpen\/#primaryimage\"},\"thumbnailUrl\":\"https:\/\/urban-connect.com\/wp-content\/uploads\/2024\/09\/Lonza_news_new.jpg\",\"datePublished\":\"2024-08-29T08:59:12+00:00\",\"dateModified\":\"2024-09-18T09:24:17+00:00\",\"breadcrumb\":{\"@id\":\"https:\/\/urban-connect.com\/de\/news\/fallstudie-im-blickpunkt-nachhaltige-mobilitaet-in-den-schweizer-alpen\/#breadcrumb\"},\"inLanguage\":\"de\",\"potentialAction\":[{\"@type\":\"ReadAction\",\"target\":[\"https:\/\/urban-connect.com\/de\/news\/fallstudie-im-blickpunkt-nachhaltige-mobilitaet-in-den-schweizer-alpen\/\"]}]},{\"@type\":\"ImageObject\",\"inLanguage\":\"de\",\"@id\":\"https:\/\/urban-connect.com\/de\/news\/fallstudie-im-blickpunkt-nachhaltige-mobilitaet-in-den-schweizer-alpen\/#primaryimage\",\"url\":\"https:\/\/urban-connect.com\/wp-content\/uploads\/2024\/09\/Lonza_news_new.jpg\",\"contentUrl\":\"https:\/\/urban-connect.com\/wp-content\/uploads\/2024\/09\/Lonza_news_new.jpg\",\"width\":1438,\"height\":1248,\"caption\":\"CS news\"},{\"@type\":\"BreadcrumbList\",\"@id\":\"https:\/\/urban-connect.com\/de\/news\/fallstudie-im-blickpunkt-nachhaltige-mobilitaet-in-den-schweizer-alpen\/#breadcrumb\",\"itemListElement\":[{\"@type\":\"ListItem\",\"position\":1,\"name\":\"Home\",\"item\":\"https:\/\/urban-connect.com\/de\/\"},{\"@type\":\"ListItem\",\"position\":2,\"name\":\"Fallstudie im Blickpunkt: Nachhaltige Mobilit\u00e4t in den Schweizer Alpen\"}]},{\"@type\":\"WebSite\",\"@id\":\"https:\/\/urban-connect.com\/de\/#website\",\"url\":\"https:\/\/urban-connect.com\/de\/\",\"name\":\"Urban Connect\",\"description\":\"\",\"potentialAction\":[{\"@type\":\"SearchAction\",\"target\":{\"@type\":\"EntryPoint\",\"urlTemplate\":\"https:\/\/urban-connect.com\/de\/?s={search_term_string}\"},\"query-input\":\"required name=search_term_string\"}],\"inLanguage\":\"de\"}]}<\/script>\n<!-- \/ Yoast SEO plugin. -->","yoast_head_json":{"title":"Fallstudie im Blickpunkt: Nachhaltige Mobilit\u00e4t in den Schweizer Alpen - Urban Connect","robots":{"index":"index","follow":"follow","max-snippet":"max-snippet:-1","max-image-preview":"max-image-preview:large","max-video-preview":"max-video-preview:-1"},"canonical":"https:\/\/urban-connect.com\/de\/news\/fallstudie-im-blickpunkt-nachhaltige-mobilitaet-in-den-schweizer-alpen\/","og_locale":"de_DE","og_type":"article","og_title":"Fallstudie im Blickpunkt: Nachhaltige Mobilit\u00e4t in den Schweizer Alpen - Urban Connect","og_description":"Der Kunde ist eines der weltweit gr\u00f6ssten Produktionsunternehmen im Gesundheitswesen mit einer bedeutenden Pr\u00e4senz in der Schweiz. Das Unternehmen ist auf f\u00fcnf Kontinenten t\u00e4tig und besch\u00e4ftigt weltweit rund 18.000 Mitarbeiter. Urban Connect bietet integrierte \/ multimodale Mobilit\u00e4tsdienstleistungen an drei Standorten des Kunden an: in einer Kleinstadt in den Walliser Alpen, in einer Schweizer Grossstadt sowie [&hellip;]","og_url":"https:\/\/urban-connect.com\/de\/news\/fallstudie-im-blickpunkt-nachhaltige-mobilitaet-in-den-schweizer-alpen\/","og_site_name":"Urban Connect","article_modified_time":"2024-09-18T09:24:17+00:00","og_image":[{"width":1438,"height":1248,"url":"https:\/\/urban-connect.com\/wp-content\/uploads\/2024\/09\/Lonza_news_new.jpg","type":"image\/jpeg"}],"twitter_card":"summary_large_image","twitter_misc":{"Gesch\u00e4tzte Lesezeit":"5\u00a0Minuten"},"schema":{"@context":"https:\/\/schema.org","@graph":[{"@type":"WebPage","@id":"https:\/\/urban-connect.com\/de\/news\/fallstudie-im-blickpunkt-nachhaltige-mobilitaet-in-den-schweizer-alpen\/","url":"https:\/\/urban-connect.com\/de\/news\/fallstudie-im-blickpunkt-nachhaltige-mobilitaet-in-den-schweizer-alpen\/","name":"Fallstudie im Blickpunkt: Nachhaltige Mobilit\u00e4t in den Schweizer Alpen - Urban Connect","isPartOf":{"@id":"https:\/\/urban-connect.com\/de\/#website"},"primaryImageOfPage":{"@id":"https:\/\/urban-connect.com\/de\/news\/fallstudie-im-blickpunkt-nachhaltige-mobilitaet-in-den-schweizer-alpen\/#primaryimage"},"image":{"@id":"https:\/\/urban-connect.com\/de\/news\/fallstudie-im-blickpunkt-nachhaltige-mobilitaet-in-den-schweizer-alpen\/#primaryimage"},"thumbnailUrl":"https:\/\/urban-connect.com\/wp-content\/uploads\/2024\/09\/Lonza_news_new.jpg","datePublished":"2024-08-29T08:59:12+00:00","dateModified":"2024-09-18T09:24:17+00:00","breadcrumb":{"@id":"https:\/\/urban-connect.com\/de\/news\/fallstudie-im-blickpunkt-nachhaltige-mobilitaet-in-den-schweizer-alpen\/#breadcrumb"},"inLanguage":"de","potentialAction":[{"@type":"ReadAction","target":["https:\/\/urban-connect.com\/de\/news\/fallstudie-im-blickpunkt-nachhaltige-mobilitaet-in-den-schweizer-alpen\/"]}]},{"@type":"ImageObject","inLanguage":"de","@id":"https:\/\/urban-connect.com\/de\/news\/fallstudie-im-blickpunkt-nachhaltige-mobilitaet-in-den-schweizer-alpen\/#primaryimage","url":"https:\/\/urban-connect.com\/wp-content\/uploads\/2024\/09\/Lonza_news_new.jpg","contentUrl":"https:\/\/urban-connect.com\/wp-content\/uploads\/2024\/09\/Lonza_news_new.jpg","width":1438,"height":1248,"caption":"CS news"},{"@type":"BreadcrumbList","@id":"https:\/\/urban-connect.com\/de\/news\/fallstudie-im-blickpunkt-nachhaltige-mobilitaet-in-den-schweizer-alpen\/#breadcrumb","itemListElement":[{"@type":"ListItem","position":1,"name":"Home","item":"https:\/\/urban-connect.com\/de\/"},{"@type":"ListItem","position":2,"name":"Fallstudie im Blickpunkt: Nachhaltige Mobilit\u00e4t in den Schweizer Alpen"}]},{"@type":"WebSite","@id":"https:\/\/urban-connect.com\/de\/#website","url":"https:\/\/urban-connect.com\/de\/","name":"Urban Connect","description":"","potentialAction":[{"@type":"SearchAction","target":{"@type":"EntryPoint","urlTemplate":"https:\/\/urban-connect.com\/de\/?s={search_term_string}"},"query-input":"required name=search_term_string"}],"inLanguage":"de"}]}},"_links":{"self":[{"href":"https:\/\/urban-connect.com\/de\/wp-json\/wp\/v2\/news\/6517","targetHints":{"allow":["GET"]}}],"collection":[{"href":"https:\/\/urban-connect.com\/de\/wp-json\/wp\/v2\/news"}],"about":[{"href":"https:\/\/urban-connect.com\/de\/wp-json\/wp\/v2\/types\/news"}],"wp:featuredmedia":[{"embeddable":true,"href":"https:\/\/urban-connect.com\/de\/wp-json\/wp\/v2\/media\/6515"}],"wp:attachment":[{"href":"https:\/\/urban-connect.com\/de\/wp-json\/wp\/v2\/media?parent=6517"}],"wp:term":[{"taxonomy":"news_category","embeddable":true,"href":"https:\/\/urban-connect.com\/de\/wp-json\/wp\/v2\/news_category?post=6517"}],"curies":[{"name":"wp","href":"https:\/\/api.w.org\/{rel}","templated":true}]}}