{"id":6443,"date":"2024-09-05T08:06:36","date_gmt":"2024-09-05T08:06:36","guid":{"rendered":"https:\/\/urban-connect.com\/?post_type=news&#038;p=6443"},"modified":"2024-09-05T08:31:47","modified_gmt":"2024-09-05T08:31:47","slug":"die-naechste-generation-des-flottenmanagements","status":"publish","type":"news","link":"https:\/\/urban-connect.com\/de\/news\/die-naechste-generation-des-flottenmanagements\/","title":{"rendered":"Die N\u00e4chste Generation des Flottenmanagements"},"content":{"rendered":"\n<p><strong>Die M\u00f6glichkeiten des Flottenmanagements haben sich in den letzten Jahren deutlich weiterentwickelt. Die neuste Telematik hat das Flottenmanagement von einer kostenintensiven Notwendigkeit zu einem strategischen Fokus gewandelt, der erheblichen Mehrwert f\u00fcr Unternehmen schaffen kann.<\/strong><\/p>\n\n\n\n<figure class=\"wp-block-image size-large\"><img loading=\"lazy\" decoding=\"async\" width=\"1024\" height=\"683\" data-src=\"https:\/\/urban-connect.com\/wp-content\/uploads\/2024\/09\/Fleet-1024x683.jpg\" alt=\"PT Fleet\" class=\"wp-image-6448 lazyload\" data-srcset=\"https:\/\/urban-connect.com\/wp-content\/uploads\/2024\/09\/Fleet-1024x683.jpg 1024w, https:\/\/urban-connect.com\/wp-content\/uploads\/2024\/09\/Fleet-300x200.jpg 300w, https:\/\/urban-connect.com\/wp-content\/uploads\/2024\/09\/Fleet-768x512.jpg 768w, https:\/\/urban-connect.com\/wp-content\/uploads\/2024\/09\/Fleet-1536x1024.jpg 1536w, https:\/\/urban-connect.com\/wp-content\/uploads\/2024\/09\/Fleet-2048x1365.jpg 2048w, https:\/\/urban-connect.com\/wp-content\/uploads\/2024\/09\/Fleet-1620x1080.jpg 1620w\" data-sizes=\"auto, (max-width: 1024px) 100vw, 1024px\" src=\"data:image\/gif;base64,R0lGODlhAQABAAAAACH5BAEKAAEALAAAAAABAAEAAAICTAEAOw==\" style=\"--smush-placeholder-width: 1024px; --smush-placeholder-aspect-ratio: 1024\/683;\" \/><noscript><img loading=\"lazy\" decoding=\"async\" width=\"1024\" height=\"683\" src=\"https:\/\/urban-connect.com\/wp-content\/uploads\/2024\/09\/Fleet-1024x683.jpg\" alt=\"PT Fleet\" class=\"wp-image-6448\" srcset=\"https:\/\/urban-connect.com\/wp-content\/uploads\/2024\/09\/Fleet-1024x683.jpg 1024w, https:\/\/urban-connect.com\/wp-content\/uploads\/2024\/09\/Fleet-300x200.jpg 300w, https:\/\/urban-connect.com\/wp-content\/uploads\/2024\/09\/Fleet-768x512.jpg 768w, https:\/\/urban-connect.com\/wp-content\/uploads\/2024\/09\/Fleet-1536x1024.jpg 1536w, https:\/\/urban-connect.com\/wp-content\/uploads\/2024\/09\/Fleet-2048x1365.jpg 2048w, https:\/\/urban-connect.com\/wp-content\/uploads\/2024\/09\/Fleet-1620x1080.jpg 1620w\" sizes=\"auto, (max-width: 1024px) 100vw, 1024px\" \/><\/noscript><figcaption class=\"wp-element-caption\">Prime Tower Flotte<\/figcaption><\/figure>\n\n\n\n<p><\/p>\n\n\n\n<p>Fr\u00fcher war das Flottenmanagement in Unternehmen h\u00e4ufig mit zahlreichen Herausforderungen verbunden. So hat eine Studie von Deloitte gezeigt, dass die feste Zuteilung eines Autos an einen Mitarbeiter zu unn\u00f6tig grossen und ineffizienten Flotten f\u00fchrt. Diese werden wiederum im Durchschnitt weniger als eine Stunde pro Tag genutzt und reduzieren so die Effizienz der Flotte. Dar\u00fcber hinaus f\u00fchrte die Komplexit\u00e4t in der Verwaltung der Fahrzeug-Lebenszyklen \u2013 von der Anschaffung bis zur Entsorgung \u2013 zu schlecht geplanten Wartungsarbeiten und teuren Ersatzkosten. Dieses Risiko kann zwar teilweise durch Investitionen in Full-Service-Angebote umgangen werden, erh\u00f6ht aber gleichzeitig auch die Gesamtkosten der Flotte.<br><br>Moderne Technologien haben das Flottenmanagement revolutioniert und erleichtern somit die Arbeit von Flottenmanagern. Zwei Entwicklungen treiben die Transformation voran: die Nutzung von Telematikdaten zur Optimierung der Flotteneffizienz und die Einf\u00fchrung von Corporate Car Sharing, bei dem Mitarbeitende Fahrzeuge gemeinsam f\u00fcr berufliche und private Zwecke nutzen. Beide Entwicklungen steigern die Auslastung und die Kosteneffizienz der Flotten.<\/p>\n\n\n\n<h2 class=\"wp-block-heading\"><br><strong>Die Nutzung von Telematikdaten zur Optimierung der Flotteneffizienz<\/strong><\/h2>\n\n\n\n<p>Telematik verbindet Telekommunikation und Informatik, um Fahrzeugdaten in Echtzeit zu sammeln, zu \u00fcbertragen und zu analysieren. Dieser datengest\u00fctzte Ansatz erm\u00f6glicht es Flottenmanagern, Optimierungsm\u00f6glichkeiten zu identifizieren und somit datengest\u00fctzte Entscheidungen zu treffen. Dies f\u00fchrt zu verbesserter Effizienz, reduzierten Kosten und niedrigeren Emissionen. Mo\u00adderne Telematikl\u00f6sungen k\u00f6nnen Flottenmanager in vielerlei Hinsicht unterst\u00fctzen:<\/p>\n\n\n\n<p><br><strong>Nachverfolgung und Analyse:<\/strong>&nbsp;Die Telematik kann den Status von Fahrzeugen in Echtzeit nachverfolgen, um sicherzustellen, dass die Fahrzeuge effizient und verantwortungsvoll genutzt werden. Zudem k\u00f6nnen Nutzungsmuster erkannt werden, um einen reduzierten Treibstoffverbrauch und eine nutzungsgerechtere Fahrzeugzuweisung in der Flotte zu erm\u00f6glichen. Im Falle eines Unfalls k\u00f6nnen Fahrzeugdaten ausserdem zur schnellen Kl\u00e4rung von Ereigissen beitragen.<\/p>\n\n\n\n<p><br><strong>Pr\u00e4ventive Wartung:<\/strong>&nbsp;Die Telematikl\u00f6sung kann Benachrichtigungen \u00fcber potenzielle Fahrzeugprobleme an Flottenmanager senden, bevor diese kritisch werden. Zum Beispiel kann die \u00dcberwachung von Motorkontrollleuchten helfen, rechtzeitige Wartungen zu planen, Ausfallzeiten zu vermeiden und teure Reparaturen zu sparen. Somit kann auch die Lebensdauer des Fahrzeugs verl\u00e4ngert werden.<\/p>\n\n\n\n<p><br><strong>Elektrifizierung der Flotte:&nbsp;<\/strong>Die gesammelten Daten erm\u00f6glichen fundierte strategische Entscheidungen \u00fcber die Zusammensetzung der Fahrzeugflotte. Sie bieten wertvolle Einblicke, welche Verbrennerfahrzeuge durch geeignete Elektrofahrzeuge ersetzt werden k\u00f6nnen. Auf diese Weise unterst\u00fctzt die Telematik Flottenmanager beim \u00dcbergang zu EV-Flotten.<\/p>\n\n\n\n<p><br><strong>CO2-Berichterstattung:<\/strong>&nbsp;Die L\u00f6sung erm\u00f6glicht es, die CO2-Emissionen der Flotte zu verfolgen und zu reduzieren. Das hilft, strenge gesetzliche Vorgaben und Unternehmensziele f\u00fcr Netto-null-Emissionen zu erreichen. Trotz der vielen Vorteile stellen Datenschutzbedenken eine bedeutende Herausforderung f\u00fcr Flottenmanager dar. Externe Anbieter k\u00f6nnen hier als neutrale Vermittler helfen, indem sie die Daten anonymisieren und datenschutzkonform aufbereiten. Das erleichtert die Akzeptanz und den erfolgreichen Einsatz der Telematikl\u00f6sungen.<\/p>\n\n\n\n<figure class=\"wp-block-image size-full\"><img loading=\"lazy\" decoding=\"async\" width=\"16107\" height=\"10000\" data-src=\"https:\/\/urban-connect.com\/wp-content\/uploads\/2024\/09\/UC_CompanyWeb_NoLogo.png\" alt=\"Urban Connect Company Web\" class=\"wp-image-6461 lazyload\" src=\"data:image\/gif;base64,R0lGODlhAQABAAAAACH5BAEKAAEALAAAAAABAAEAAAICTAEAOw==\" style=\"--smush-placeholder-width: 16107px; --smush-placeholder-aspect-ratio: 16107\/10000;\" \/><noscript><img loading=\"lazy\" decoding=\"async\" width=\"16107\" height=\"10000\" src=\"https:\/\/urban-connect.com\/wp-content\/uploads\/2024\/09\/UC_CompanyWeb_NoLogo.png\" alt=\"Urban Connect Company Web\" class=\"wp-image-6461\"\/><\/noscript><figcaption class=\"wp-element-caption\">Urban Connect Company Web<\/figcaption><\/figure>\n\n\n\n<p><\/p>\n\n\n\n<h2 class=\"wp-block-heading\"><br><strong>Corporate Car Sharing: Flotten werden zum Profitcenter<\/strong><\/h2>\n\n\n\n<p>Die zweite entscheidende Entwicklung, die das Flottenmanagement zu einem strategischen Werttreiber f\u00fcr Unternehmen macht, ist Corporate Car Sharing. Durch die gemeinsame Nutzung von Firmenfahrzeugen f\u00fcr gesch\u00e4ftliche und private Zwecke k\u00f6nnen Unternehmen die Auslastung maximieren und zus\u00e4tzliche Einnahmen erzielen. Mit einer modernen, benutzerfreundlichen Carsharing-Inte\u00adgration l\u00e4sst sich die Flotte sogar von einer Kostenstelle in ein potenzielles Profitcenter verwandeln. In diesem Zusammenhang bietet Corporate Car Sharing mehrere Vorteile:<\/p>\n\n\n\n<p><br><strong>Maximierung der Fahrzeugnutzung:&nbsp;<\/strong>In traditionellen Flotten bleiben Fahrzeuge h\u00e4ufig lange ungenutzt. Corporate Car Sharing erh\u00f6ht die Auslastung, indem es Fahrzeuge auch w\u00e4hrend der Ruhezeiten f\u00fcr private Zwecke verf\u00fcgbar macht. Unternehmen, die solche Modelle nutzen, k\u00f6nnen die Fahrzeugauslastung oft um etwa 40\u2005% steigern.<\/p>\n\n\n\n<p><br><strong>Erh\u00f6hung der Einnahmen durch private Nutzung:&nbsp;<\/strong>Die M\u00f6glichkeit, Firmenfahrzeuge auch privat nutzen zu k\u00f6nnen, schafft eine neue Einnahmequelle durch Nutzungsgeb\u00fchren. Diese Einnahmen k\u00f6nnen nicht nur die Betriebskosten decken, sondern Flottenmanagern auch helfen, Firmenflotten in potenzielle Profitcenter zu verwandeln. Im Durchschnitt k\u00f6nnen Unternehmen mit zus\u00e4tzlichen Einnahmen von etwa 700 bis 1000 Franken pro Monat rechnen.<\/p>\n\n\n\n<p><br><strong>Weniger B\u00fcrokratie durch automatisierte Abrechnung:<\/strong>&nbsp;Moderne Flottenmanagementl\u00f6sungen automatisieren die Abrechnung und trennen nahtlos zwischen gesch\u00e4ftlicher und privater Nutzung. Das verbessert die Transparenz in der Buchf\u00fchrung und verringert den Verwaltungsaufwand.<\/p>\n\n\n\n<p><br><strong>Reduzierung des Bedarfs an privaten Fahrzeugen:<\/strong>&nbsp;Corporate Car Sharing verringert die Notwendigkeit f\u00fcr eigene Fahrzeuge, besonders in St\u00e4dten mit Park- und Stauproblemen. Eine Schweizer Firma f\u00fchrte k\u00fcrzlich eine Flotte von 20 geteilten E-Autos f\u00fcr gesch\u00e4ftliche und private Nutzung ein. Dies f\u00f6rderte eine Kultur der geteilten Mobilit\u00e4t und f\u00fchrte dazu, dass 23\u2005% der Nutzer ihr privates Auto verkauft oder einen Kaufplan aufgegeben haben.<\/p>\n\n\n\n<p><br><strong>Aufbau eines gr\u00fcnen Profitcenters:&nbsp;<\/strong>Carsharing unterst\u00fctzt den \u00dcbergang zu gr\u00fcneren Flotten, indem es die Fahrzeugnutzung optimiert, die Gesamtzahl der ben\u00f6tigten Fahrzeuge reduziert und die Nutzung von Elektrofahrzeugen f\u00f6rdert.<\/p>\n\n\n\n<h2 class=\"wp-block-heading\"><br><strong>Perspektiven f\u00fcr die Zukunft<\/strong><\/h2>\n\n\n\n<p>Unternehmen, die diese modernen Strategien umsetzen, sind bestens ger\u00fcstet, um das Flottenmanagement von einer herk\u00f6mmlichen Kostenstelle in ein dynamisches Profitcenter zu verwandeln, das sowohl finanzielle als auch \u00f6kologische Vorteile bietet.<\/p>\n\n\n\n<p>Setzen Sie sich mit unseren Flottenmanagement-Spezialisten in Verbindung, um in einem kostenlosen Beratungsgespr\u00e4ch zu erfahren, wie Telematik- und Sharing-Technologien die Rentabilit\u00e4t und Effizienz Ihrer Flotte maximieren k\u00f6nnen.<\/p>\n\n\n        <section class=\"author-block\">\n            <div class=\"container\">\n                <div class=\"left-side\">\n                    <h6 class=\"name\">Andreas Vetter<\/h6>\n                    <span class=\"position\">Flottenmanagement-Experte,\u00a0andreas.vetter@urban-connect.ch<\/span>\n                <\/div>\n                <div class=\"right-side\">\n                                            <img decoding=\"async\" \n                        class=\"image lazyload\" data-src=\"https:\/\/urban-connect.com\/wp-content\/uploads\/2024\/01\/Andreas-1024x1024.jpg\"\n                        data-srcset=\"https:\/\/urban-connect.com\/wp-content\/uploads\/2024\/01\/Andreas-1024x1024.jpg 1024w, https:\/\/urban-connect.com\/wp-content\/uploads\/2024\/01\/Andreas-300x300.jpg 300w, https:\/\/urban-connect.com\/wp-content\/uploads\/2024\/01\/Andreas-150x150.jpg 150w, https:\/\/urban-connect.com\/wp-content\/uploads\/2024\/01\/Andreas-768x768.jpg 768w, https:\/\/urban-connect.com\/wp-content\/uploads\/2024\/01\/Andreas-1080x1080.jpg 1080w, https:\/\/urban-connect.com\/wp-content\/uploads\/2024\/01\/Andreas.jpg 1250w\"\n                        data-sizes=\"(max-width: 1024px) 100vw, 1024px\"\n                        alt=\"Chart Image\"\n                         src=\"data:image\/gif;base64,R0lGODlhAQABAAAAACH5BAEKAAEALAAAAAABAAEAAAICTAEAOw==\" style=\"--smush-placeholder-width: 1024px; --smush-placeholder-aspect-ratio: 1024\/1024;\"><noscript><img decoding=\"async\" \n                        class=\"image\" src=\"https:\/\/urban-connect.com\/wp-content\/uploads\/2024\/01\/Andreas-1024x1024.jpg\"\n                        srcset=\"https:\/\/urban-connect.com\/wp-content\/uploads\/2024\/01\/Andreas-1024x1024.jpg 1024w, https:\/\/urban-connect.com\/wp-content\/uploads\/2024\/01\/Andreas-300x300.jpg 300w, https:\/\/urban-connect.com\/wp-content\/uploads\/2024\/01\/Andreas-150x150.jpg 150w, https:\/\/urban-connect.com\/wp-content\/uploads\/2024\/01\/Andreas-768x768.jpg 768w, https:\/\/urban-connect.com\/wp-content\/uploads\/2024\/01\/Andreas-1080x1080.jpg 1080w, https:\/\/urban-connect.com\/wp-content\/uploads\/2024\/01\/Andreas.jpg 1250w\"\n                        sizes=\"(max-width: 1024px) 100vw, 1024px\"\n                        alt=\"Chart Image\"\n                        ><\/noscript>\n                                        <\/div>\n            <\/div>\n        <\/section>\n        \n\n        <section class=\"author-block\">\n            <div class=\"container\">\n                <div class=\"left-side\">\n                    <h6 class=\"name\">Andreas Kohli<\/h6>\n                    <span class=\"position\">Hardware- und Telematik-Experte, andreas.kohli@urban-connect.ch<\/span>\n                <\/div>\n                <div class=\"right-side\">\n                                            <img decoding=\"async\" \n                        class=\"image lazyload\" data-src=\"https:\/\/urban-connect.com\/wp-content\/uploads\/2024\/01\/Andu-1024x1024.jpg\"\n                        data-srcset=\"https:\/\/urban-connect.com\/wp-content\/uploads\/2024\/01\/Andu-1024x1024.jpg 1024w, https:\/\/urban-connect.com\/wp-content\/uploads\/2024\/01\/Andu-300x300.jpg 300w, https:\/\/urban-connect.com\/wp-content\/uploads\/2024\/01\/Andu-150x150.jpg 150w, https:\/\/urban-connect.com\/wp-content\/uploads\/2024\/01\/Andu-768x768.jpg 768w, https:\/\/urban-connect.com\/wp-content\/uploads\/2024\/01\/Andu-1080x1080.jpg 1080w, https:\/\/urban-connect.com\/wp-content\/uploads\/2024\/01\/Andu.jpg 1250w\"\n                        data-sizes=\"(max-width: 1024px) 100vw, 1024px\"\n                        alt=\"Chart Image\"\n                         src=\"data:image\/gif;base64,R0lGODlhAQABAAAAACH5BAEKAAEALAAAAAABAAEAAAICTAEAOw==\" style=\"--smush-placeholder-width: 1024px; --smush-placeholder-aspect-ratio: 1024\/1024;\"><noscript><img decoding=\"async\" \n                        class=\"image\" src=\"https:\/\/urban-connect.com\/wp-content\/uploads\/2024\/01\/Andu-1024x1024.jpg\"\n                        srcset=\"https:\/\/urban-connect.com\/wp-content\/uploads\/2024\/01\/Andu-1024x1024.jpg 1024w, https:\/\/urban-connect.com\/wp-content\/uploads\/2024\/01\/Andu-300x300.jpg 300w, https:\/\/urban-connect.com\/wp-content\/uploads\/2024\/01\/Andu-150x150.jpg 150w, https:\/\/urban-connect.com\/wp-content\/uploads\/2024\/01\/Andu-768x768.jpg 768w, https:\/\/urban-connect.com\/wp-content\/uploads\/2024\/01\/Andu-1080x1080.jpg 1080w, https:\/\/urban-connect.com\/wp-content\/uploads\/2024\/01\/Andu.jpg 1250w\"\n                        sizes=\"(max-width: 1024px) 100vw, 1024px\"\n                        alt=\"Chart Image\"\n                        ><\/noscript>\n                                        <\/div>\n            <\/div>\n        <\/section>\n        \n\n\n<p>Originalartikel: <a href=\"https:\/\/aboutfleet.ch\/news\/5698-die-nachste-generation-des-flottenmanagements\">https:\/\/aboutfleet.ch\/news\/5698-die-nachste-generation-des-flottenmanagements<\/a><\/p>\n\n\n    <section class=\"related-posts\">\n        <div class=\"container\">\n            <h4 class=\"block-title\"><\/h4>\n        <\/div>\n        <div class=\"container posts-wrap\">\n            <div class=\"swiper swiper-related-posts\">\n                <div class=\"swiper-wrapper\">\n                                            <div class=\"swiper-slide\">\n                            <div class=\"card-horizontal\">\n    <div class=\"left-side\">\n                    <a href=\"https:\/\/urban-connect.com\/de\/news\/urban-connect-geht-nach-deutschland-zusammenarbeit-mit-der-roche-mannheim-und-penzberg-verkuendet\/\">\n                <img decoding=\"async\" \n                    class=\"image lazyload\" data-src=\"https:\/\/urban-connect.com\/wp-content\/uploads\/2024\/08\/Roche_Germany-768x667.jpg\"\n                    data-srcset=\"https:\/\/urban-connect.com\/wp-content\/uploads\/2024\/08\/Roche_Germany-768x667.jpg 768w, https:\/\/urban-connect.com\/wp-content\/uploads\/2024\/08\/Roche_Germany-300x260.jpg 300w, https:\/\/urban-connect.com\/wp-content\/uploads\/2024\/08\/Roche_Germany-1024x889.jpg 1024w, https:\/\/urban-connect.com\/wp-content\/uploads\/2024\/08\/Roche_Germany-1244x1080.jpg 1244w, https:\/\/urban-connect.com\/wp-content\/uploads\/2024\/08\/Roche_Germany.jpg 1438w\"\n                    data-sizes=\"(max-width: 768px) 100vw, 768px\"\n                    alt=\"Urban Connect geht nach Deutschland: Zusammenarbeit mit der \u200b\u200bRoche Mannheim und Penzberg verk\u00fcndet\"\n                 src=\"data:image\/gif;base64,R0lGODlhAQABAAAAACH5BAEKAAEALAAAAAABAAEAAAICTAEAOw==\" style=\"--smush-placeholder-width: 768px; --smush-placeholder-aspect-ratio: 768\/667;\"><noscript><img decoding=\"async\" \n                    class=\"image\" src=\"https:\/\/urban-connect.com\/wp-content\/uploads\/2024\/08\/Roche_Germany-768x667.jpg\"\n                    srcset=\"https:\/\/urban-connect.com\/wp-content\/uploads\/2024\/08\/Roche_Germany-768x667.jpg 768w, https:\/\/urban-connect.com\/wp-content\/uploads\/2024\/08\/Roche_Germany-300x260.jpg 300w, https:\/\/urban-connect.com\/wp-content\/uploads\/2024\/08\/Roche_Germany-1024x889.jpg 1024w, https:\/\/urban-connect.com\/wp-content\/uploads\/2024\/08\/Roche_Germany-1244x1080.jpg 1244w, https:\/\/urban-connect.com\/wp-content\/uploads\/2024\/08\/Roche_Germany.jpg 1438w\"\n                    sizes=\"(max-width: 768px) 100vw, 768px\"\n                    alt=\"Urban Connect geht nach Deutschland: Zusammenarbeit mit der \u200b\u200bRoche Mannheim und Penzberg verk\u00fcndet\"\n                ><\/noscript>\n            <\/a>\n                <\/div>\n    <div class=\"right-side\">\n                    <a href=\"https:\/\/urban-connect.com\/de\/news\/urban-connect-geht-nach-deutschland-zusammenarbeit-mit-der-roche-mannheim-und-penzberg-verkuendet\/\">\n                <h6 class=\"title\">Urban Connect geht nach Deutschland: Zusammenarbeit mit der \u200b\u200bRoche Mannheim und Penzberg verk\u00fcndet<\/h6>\n            <\/a>\n                        <span class=\"date\">August 22, 2024 <\/span>\n            \n\t        <\/div>\n<\/div>                        <\/div>\n                                                <div class=\"swiper-slide\">\n                            <div class=\"card-horizontal\">\n    <div class=\"left-side\">\n                    <a href=\"https:\/\/urban-connect.com\/de\/news\/corporate-carsharing-die-auslastungsraten-von-firmenfahrzeugen-auf-neue-hoehen-treiben\/\">\n                <img decoding=\"async\" \n                    class=\"image lazyload\" data-src=\"https:\/\/urban-connect.com\/wp-content\/uploads\/2024\/04\/Carsharing-1-768x577.jpg\"\n                    data-srcset=\"https:\/\/urban-connect.com\/wp-content\/uploads\/2024\/04\/Carsharing-1-768x577.jpg 768w, https:\/\/urban-connect.com\/wp-content\/uploads\/2024\/04\/Carsharing-1-300x225.jpg 300w, https:\/\/urban-connect.com\/wp-content\/uploads\/2024\/04\/Carsharing-1-1024x769.jpg 1024w, https:\/\/urban-connect.com\/wp-content\/uploads\/2024\/04\/Carsharing-1-1536x1154.jpg 1536w, https:\/\/urban-connect.com\/wp-content\/uploads\/2024\/04\/Carsharing-1-2048x1538.jpg 2048w, https:\/\/urban-connect.com\/wp-content\/uploads\/2024\/04\/Carsharing-1-1438x1080.jpg 1438w\"\n                    data-sizes=\"(max-width: 768px) 100vw, 768px\"\n                    alt=\"Corporate Carsharing : Die Auslastungsraten von Firmenfahrzeugen auf neue H\u00f6hen treiben\"\n                 src=\"data:image\/gif;base64,R0lGODlhAQABAAAAACH5BAEKAAEALAAAAAABAAEAAAICTAEAOw==\" style=\"--smush-placeholder-width: 768px; --smush-placeholder-aspect-ratio: 768\/577;\"><noscript><img decoding=\"async\" \n                    class=\"image\" src=\"https:\/\/urban-connect.com\/wp-content\/uploads\/2024\/04\/Carsharing-1-768x577.jpg\"\n                    srcset=\"https:\/\/urban-connect.com\/wp-content\/uploads\/2024\/04\/Carsharing-1-768x577.jpg 768w, https:\/\/urban-connect.com\/wp-content\/uploads\/2024\/04\/Carsharing-1-300x225.jpg 300w, https:\/\/urban-connect.com\/wp-content\/uploads\/2024\/04\/Carsharing-1-1024x769.jpg 1024w, https:\/\/urban-connect.com\/wp-content\/uploads\/2024\/04\/Carsharing-1-1536x1154.jpg 1536w, https:\/\/urban-connect.com\/wp-content\/uploads\/2024\/04\/Carsharing-1-2048x1538.jpg 2048w, https:\/\/urban-connect.com\/wp-content\/uploads\/2024\/04\/Carsharing-1-1438x1080.jpg 1438w\"\n                    sizes=\"(max-width: 768px) 100vw, 768px\"\n                    alt=\"Corporate Carsharing : Die Auslastungsraten von Firmenfahrzeugen auf neue H\u00f6hen treiben\"\n                ><\/noscript>\n            <\/a>\n                <\/div>\n    <div class=\"right-side\">\n                    <a href=\"https:\/\/urban-connect.com\/de\/news\/corporate-carsharing-die-auslastungsraten-von-firmenfahrzeugen-auf-neue-hoehen-treiben\/\">\n                <h6 class=\"title\">Corporate Carsharing : Die Auslastungsraten von Firmenfahrzeugen auf neue H\u00f6hen treiben<\/h6>\n            <\/a>\n                        <span class=\"date\">Januar 23, 2025 <\/span>\n            \n\t        <\/div>\n<\/div>                        <\/div>\n                                                <div class=\"swiper-slide\">\n                            <div class=\"card-horizontal\">\n    <div class=\"left-side\">\n                    <a href=\"https:\/\/urban-connect.com\/de\/news\/strategische-partnerschaft-von-urban-connect-und-post-company-cars\/\">\n                <img decoding=\"async\" \n                    class=\"image lazyload\" data-src=\"https:\/\/urban-connect.com\/wp-content\/uploads\/2024\/06\/News-Feature-Image_post-768x577.jpg\"\n                    data-srcset=\"https:\/\/urban-connect.com\/wp-content\/uploads\/2024\/06\/News-Feature-Image_post-768x577.jpg 768w, https:\/\/urban-connect.com\/wp-content\/uploads\/2024\/06\/News-Feature-Image_post-300x225.jpg 300w, https:\/\/urban-connect.com\/wp-content\/uploads\/2024\/06\/News-Feature-Image_post-1024x769.jpg 1024w, https:\/\/urban-connect.com\/wp-content\/uploads\/2024\/06\/News-Feature-Image_post.jpg 1438w\"\n                    data-sizes=\"(max-width: 768px) 100vw, 768px\"\n                    alt=\"Strategische Partnerschaft von Urban Connect und Post Company Cars \u00a0\"\n                 src=\"data:image\/gif;base64,R0lGODlhAQABAAAAACH5BAEKAAEALAAAAAABAAEAAAICTAEAOw==\" style=\"--smush-placeholder-width: 768px; --smush-placeholder-aspect-ratio: 768\/577;\"><noscript><img decoding=\"async\" \n                    class=\"image\" src=\"https:\/\/urban-connect.com\/wp-content\/uploads\/2024\/06\/News-Feature-Image_post-768x577.jpg\"\n                    srcset=\"https:\/\/urban-connect.com\/wp-content\/uploads\/2024\/06\/News-Feature-Image_post-768x577.jpg 768w, https:\/\/urban-connect.com\/wp-content\/uploads\/2024\/06\/News-Feature-Image_post-300x225.jpg 300w, https:\/\/urban-connect.com\/wp-content\/uploads\/2024\/06\/News-Feature-Image_post-1024x769.jpg 1024w, https:\/\/urban-connect.com\/wp-content\/uploads\/2024\/06\/News-Feature-Image_post.jpg 1438w\"\n                    sizes=\"(max-width: 768px) 100vw, 768px\"\n                    alt=\"Strategische Partnerschaft von Urban Connect und Post Company Cars \u00a0\"\n                ><\/noscript>\n            <\/a>\n                <\/div>\n    <div class=\"right-side\">\n                    <a href=\"https:\/\/urban-connect.com\/de\/news\/strategische-partnerschaft-von-urban-connect-und-post-company-cars\/\">\n                <h6 class=\"title\">Strategische Partnerschaft von Urban Connect und Post Company Cars \u00a0<\/h6>\n            <\/a>\n                        <span class=\"date\">Juni 05, 2024 <\/span>\n            \n\t        <\/div>\n<\/div>                        <\/div>\n                                        <\/div>\n                <div class=\"btn-slider \">\n    <div class=\"prev\">\n        <svg width=\"22\" height=\"12\" viewBox=\"0 0 22 12\" fill=\"none\" xmlns=\"http:\/\/www.w3.org\/2000\/svg\">\n            <path d=\"M5.094 4.476L7.74 1.83L6.03 0.102L0.432 5.7L6.03 11.298L7.74 9.57L5.076 6.906H21.42V4.476H5.094Z\" fill=\"white\"\/>\n        <\/svg>\n    <\/div>\n    <div class=\"next\">\n        <svg width=\"22\" height=\"12\" viewBox=\"0 0 22 12\" fill=\"none\" xmlns=\"http:\/\/www.w3.org\/2000\/svg\">\n            <path d=\"M14.292 1.83L16.938 4.476H0.612V6.906H16.956L14.292 9.57L16.002 11.298L21.6 5.7L16.002 0.102L14.292 1.83Z\" fill=\"white\"\/>\n        <\/svg>\n    <\/div>\n<\/div>            <\/div>\n        <\/div>\n    <\/section>\n    ","protected":false},"excerpt":{"rendered":"<p>Die M\u00f6glichkeiten des Flottenmanagements haben sich in den letzten Jahren deutlich weiterentwickelt. Die neuste Telematik hat das Flottenmanagement von einer kostenintensiven Notwendigkeit zu einem strategischen Fokus gewandelt, der erheblichen Mehrwert f\u00fcr Unternehmen schaffen kann. Fr\u00fcher war das Flottenmanagement in Unternehmen h\u00e4ufig mit zahlreichen Herausforderungen verbunden. So hat eine Studie von Deloitte gezeigt, dass die feste [&hellip;]<\/p>\n","protected":false},"featured_media":6455,"parent":0,"template":"","news_category":[38],"class_list":["post-6443","news","type-news","status-publish","has-post-thumbnail","hentry","news_category-news-de"],"acf":[],"yoast_head":"<!-- This site is optimized with the Yoast SEO plugin v23.2 - https:\/\/yoast.com\/wordpress\/plugins\/seo\/ -->\n<title>Die N\u00e4chste Generation des Flottenmanagements - Urban Connect<\/title>\n<meta name=\"robots\" content=\"index, follow, max-snippet:-1, max-image-preview:large, max-video-preview:-1\" \/>\n<link rel=\"canonical\" href=\"https:\/\/urban-connect.com\/de\/news\/die-naechste-generation-des-flottenmanagements\/\" \/>\n<meta property=\"og:locale\" content=\"de_DE\" \/>\n<meta property=\"og:type\" content=\"article\" \/>\n<meta property=\"og:title\" content=\"Die N\u00e4chste Generation des Flottenmanagements - Urban Connect\" \/>\n<meta property=\"og:description\" content=\"Die M\u00f6glichkeiten des Flottenmanagements haben sich in den letzten Jahren deutlich weiterentwickelt. Die neuste Telematik hat das Flottenmanagement von einer kostenintensiven Notwendigkeit zu einem strategischen Fokus gewandelt, der erheblichen Mehrwert f\u00fcr Unternehmen schaffen kann. Fr\u00fcher war das Flottenmanagement in Unternehmen h\u00e4ufig mit zahlreichen Herausforderungen verbunden. So hat eine Studie von Deloitte gezeigt, dass die feste [&hellip;]\" \/>\n<meta property=\"og:url\" content=\"https:\/\/urban-connect.com\/de\/news\/die-naechste-generation-des-flottenmanagements\/\" \/>\n<meta property=\"og:site_name\" content=\"Urban Connect\" \/>\n<meta property=\"article:modified_time\" content=\"2024-09-05T08:31:47+00:00\" \/>\n<meta property=\"og:image\" content=\"https:\/\/urban-connect.com\/wp-content\/uploads\/2024\/09\/Aboutfleet_news_2.jpg\" \/>\n\t<meta property=\"og:image:width\" content=\"1438\" \/>\n\t<meta property=\"og:image:height\" content=\"1248\" \/>\n\t<meta property=\"og:image:type\" content=\"image\/jpeg\" \/>\n<meta name=\"twitter:card\" content=\"summary_large_image\" \/>\n<meta name=\"twitter:label1\" content=\"Gesch\u00e4tzte Lesezeit\" \/>\n\t<meta name=\"twitter:data1\" content=\"5\u00a0Minuten\" \/>\n<script type=\"application\/ld+json\" class=\"yoast-schema-graph\">{\"@context\":\"https:\/\/schema.org\",\"@graph\":[{\"@type\":\"WebPage\",\"@id\":\"https:\/\/urban-connect.com\/de\/news\/die-naechste-generation-des-flottenmanagements\/\",\"url\":\"https:\/\/urban-connect.com\/de\/news\/die-naechste-generation-des-flottenmanagements\/\",\"name\":\"Die N\u00e4chste Generation des Flottenmanagements - Urban Connect\",\"isPartOf\":{\"@id\":\"https:\/\/urban-connect.com\/de\/#website\"},\"primaryImageOfPage\":{\"@id\":\"https:\/\/urban-connect.com\/de\/news\/die-naechste-generation-des-flottenmanagements\/#primaryimage\"},\"image\":{\"@id\":\"https:\/\/urban-connect.com\/de\/news\/die-naechste-generation-des-flottenmanagements\/#primaryimage\"},\"thumbnailUrl\":\"https:\/\/urban-connect.com\/wp-content\/uploads\/2024\/09\/Aboutfleet_news_2.jpg\",\"datePublished\":\"2024-09-05T08:06:36+00:00\",\"dateModified\":\"2024-09-05T08:31:47+00:00\",\"breadcrumb\":{\"@id\":\"https:\/\/urban-connect.com\/de\/news\/die-naechste-generation-des-flottenmanagements\/#breadcrumb\"},\"inLanguage\":\"de\",\"potentialAction\":[{\"@type\":\"ReadAction\",\"target\":[\"https:\/\/urban-connect.com\/de\/news\/die-naechste-generation-des-flottenmanagements\/\"]}]},{\"@type\":\"ImageObject\",\"inLanguage\":\"de\",\"@id\":\"https:\/\/urban-connect.com\/de\/news\/die-naechste-generation-des-flottenmanagements\/#primaryimage\",\"url\":\"https:\/\/urban-connect.com\/wp-content\/uploads\/2024\/09\/Aboutfleet_news_2.jpg\",\"contentUrl\":\"https:\/\/urban-connect.com\/wp-content\/uploads\/2024\/09\/Aboutfleet_news_2.jpg\",\"width\":1438,\"height\":1248,\"caption\":\"Aboutfleet news\"},{\"@type\":\"BreadcrumbList\",\"@id\":\"https:\/\/urban-connect.com\/de\/news\/die-naechste-generation-des-flottenmanagements\/#breadcrumb\",\"itemListElement\":[{\"@type\":\"ListItem\",\"position\":1,\"name\":\"Home\",\"item\":\"https:\/\/urban-connect.com\/de\/\"},{\"@type\":\"ListItem\",\"position\":2,\"name\":\"Die N\u00e4chste Generation des Flottenmanagements\"}]},{\"@type\":\"WebSite\",\"@id\":\"https:\/\/urban-connect.com\/de\/#website\",\"url\":\"https:\/\/urban-connect.com\/de\/\",\"name\":\"Urban Connect\",\"description\":\"\",\"potentialAction\":[{\"@type\":\"SearchAction\",\"target\":{\"@type\":\"EntryPoint\",\"urlTemplate\":\"https:\/\/urban-connect.com\/de\/?s={search_term_string}\"},\"query-input\":\"required name=search_term_string\"}],\"inLanguage\":\"de\"}]}<\/script>\n<!-- \/ Yoast SEO plugin. -->","yoast_head_json":{"title":"Die N\u00e4chste Generation des Flottenmanagements - Urban Connect","robots":{"index":"index","follow":"follow","max-snippet":"max-snippet:-1","max-image-preview":"max-image-preview:large","max-video-preview":"max-video-preview:-1"},"canonical":"https:\/\/urban-connect.com\/de\/news\/die-naechste-generation-des-flottenmanagements\/","og_locale":"de_DE","og_type":"article","og_title":"Die N\u00e4chste Generation des Flottenmanagements - Urban Connect","og_description":"Die M\u00f6glichkeiten des Flottenmanagements haben sich in den letzten Jahren deutlich weiterentwickelt. Die neuste Telematik hat das Flottenmanagement von einer kostenintensiven Notwendigkeit zu einem strategischen Fokus gewandelt, der erheblichen Mehrwert f\u00fcr Unternehmen schaffen kann. Fr\u00fcher war das Flottenmanagement in Unternehmen h\u00e4ufig mit zahlreichen Herausforderungen verbunden. So hat eine Studie von Deloitte gezeigt, dass die feste [&hellip;]","og_url":"https:\/\/urban-connect.com\/de\/news\/die-naechste-generation-des-flottenmanagements\/","og_site_name":"Urban Connect","article_modified_time":"2024-09-05T08:31:47+00:00","og_image":[{"width":1438,"height":1248,"url":"https:\/\/urban-connect.com\/wp-content\/uploads\/2024\/09\/Aboutfleet_news_2.jpg","type":"image\/jpeg"}],"twitter_card":"summary_large_image","twitter_misc":{"Gesch\u00e4tzte Lesezeit":"5\u00a0Minuten"},"schema":{"@context":"https:\/\/schema.org","@graph":[{"@type":"WebPage","@id":"https:\/\/urban-connect.com\/de\/news\/die-naechste-generation-des-flottenmanagements\/","url":"https:\/\/urban-connect.com\/de\/news\/die-naechste-generation-des-flottenmanagements\/","name":"Die N\u00e4chste Generation des Flottenmanagements - Urban Connect","isPartOf":{"@id":"https:\/\/urban-connect.com\/de\/#website"},"primaryImageOfPage":{"@id":"https:\/\/urban-connect.com\/de\/news\/die-naechste-generation-des-flottenmanagements\/#primaryimage"},"image":{"@id":"https:\/\/urban-connect.com\/de\/news\/die-naechste-generation-des-flottenmanagements\/#primaryimage"},"thumbnailUrl":"https:\/\/urban-connect.com\/wp-content\/uploads\/2024\/09\/Aboutfleet_news_2.jpg","datePublished":"2024-09-05T08:06:36+00:00","dateModified":"2024-09-05T08:31:47+00:00","breadcrumb":{"@id":"https:\/\/urban-connect.com\/de\/news\/die-naechste-generation-des-flottenmanagements\/#breadcrumb"},"inLanguage":"de","potentialAction":[{"@type":"ReadAction","target":["https:\/\/urban-connect.com\/de\/news\/die-naechste-generation-des-flottenmanagements\/"]}]},{"@type":"ImageObject","inLanguage":"de","@id":"https:\/\/urban-connect.com\/de\/news\/die-naechste-generation-des-flottenmanagements\/#primaryimage","url":"https:\/\/urban-connect.com\/wp-content\/uploads\/2024\/09\/Aboutfleet_news_2.jpg","contentUrl":"https:\/\/urban-connect.com\/wp-content\/uploads\/2024\/09\/Aboutfleet_news_2.jpg","width":1438,"height":1248,"caption":"Aboutfleet news"},{"@type":"BreadcrumbList","@id":"https:\/\/urban-connect.com\/de\/news\/die-naechste-generation-des-flottenmanagements\/#breadcrumb","itemListElement":[{"@type":"ListItem","position":1,"name":"Home","item":"https:\/\/urban-connect.com\/de\/"},{"@type":"ListItem","position":2,"name":"Die N\u00e4chste Generation des Flottenmanagements"}]},{"@type":"WebSite","@id":"https:\/\/urban-connect.com\/de\/#website","url":"https:\/\/urban-connect.com\/de\/","name":"Urban Connect","description":"","potentialAction":[{"@type":"SearchAction","target":{"@type":"EntryPoint","urlTemplate":"https:\/\/urban-connect.com\/de\/?s={search_term_string}"},"query-input":"required name=search_term_string"}],"inLanguage":"de"}]}},"_links":{"self":[{"href":"https:\/\/urban-connect.com\/de\/wp-json\/wp\/v2\/news\/6443","targetHints":{"allow":["GET"]}}],"collection":[{"href":"https:\/\/urban-connect.com\/de\/wp-json\/wp\/v2\/news"}],"about":[{"href":"https:\/\/urban-connect.com\/de\/wp-json\/wp\/v2\/types\/news"}],"wp:featuredmedia":[{"embeddable":true,"href":"https:\/\/urban-connect.com\/de\/wp-json\/wp\/v2\/media\/6455"}],"wp:attachment":[{"href":"https:\/\/urban-connect.com\/de\/wp-json\/wp\/v2\/media?parent=6443"}],"wp:term":[{"taxonomy":"news_category","embeddable":true,"href":"https:\/\/urban-connect.com\/de\/wp-json\/wp\/v2\/news_category?post=6443"}],"curies":[{"name":"wp","href":"https:\/\/api.w.org\/{rel}","templated":true}]}}