{"id":6423,"date":"2024-09-03T11:44:27","date_gmt":"2024-09-03T11:44:27","guid":{"rendered":"https:\/\/urban-connect.com\/?post_type=news&#038;p=6423"},"modified":"2024-09-03T12:46:49","modified_gmt":"2024-09-03T12:46:49","slug":"mit-roche-und-google-als-kunden-geht-es-nur-in-eine-richtungvorwaerts","status":"publish","type":"news","link":"https:\/\/urban-connect.com\/de\/news\/mit-roche-und-google-als-kunden-geht-es-nur-in-eine-richtungvorwaerts\/","title":{"rendered":"Mit Roche und Google als Kunden geht es nur in eine Richtung: vorw\u00e4rts"},"content":{"rendered":"\n<p><strong>Im Zuge der Nachhaltigkeitsbestrebungen wird die Mobilit\u00e4t ihrer Mitarbeitenden f\u00fcr Schweizer Firmen zunehmend zum wichtigen Thema. Das Z\u00fcrcher Unternehmen Urban Connect hilft Firmen dabei, diese so einfach wie m\u00f6glich zu organisieren und damit Kosten, Platz und Emissionen einzusparen.<\/strong><\/p>\n\n\n\n<figure class=\"wp-block-image size-large is-resized\"><img loading=\"lazy\" decoding=\"async\" width=\"1024\" height=\"746\" data-src=\"https:\/\/urban-connect.com\/wp-content\/uploads\/2024\/09\/Polestar_SPS-1024x746.jpg\" alt=\"Prime Tower Fleet\" class=\"wp-image-6428 lazyload\" style=\"--smush-placeholder-width: 1024px; --smush-placeholder-aspect-ratio: 1024\/746;width:840px;height:auto\" data-srcset=\"https:\/\/urban-connect.com\/wp-content\/uploads\/2024\/09\/Polestar_SPS-1024x746.jpg 1024w, https:\/\/urban-connect.com\/wp-content\/uploads\/2024\/09\/Polestar_SPS-300x219.jpg 300w, https:\/\/urban-connect.com\/wp-content\/uploads\/2024\/09\/Polestar_SPS-768x560.jpg 768w, https:\/\/urban-connect.com\/wp-content\/uploads\/2024\/09\/Polestar_SPS-1536x1120.jpg 1536w, https:\/\/urban-connect.com\/wp-content\/uploads\/2024\/09\/Polestar_SPS-2048x1493.jpg 2048w, https:\/\/urban-connect.com\/wp-content\/uploads\/2024\/09\/Polestar_SPS-1482x1080.jpg 1482w\" data-sizes=\"auto, (max-width: 1024px) 100vw, 1024px\" src=\"data:image\/gif;base64,R0lGODlhAQABAAAAACH5BAEKAAEALAAAAAABAAEAAAICTAEAOw==\" \/><noscript><img loading=\"lazy\" decoding=\"async\" width=\"1024\" height=\"746\" src=\"https:\/\/urban-connect.com\/wp-content\/uploads\/2024\/09\/Polestar_SPS-1024x746.jpg\" alt=\"Prime Tower Fleet\" class=\"wp-image-6428\" style=\"width:840px;height:auto\" srcset=\"https:\/\/urban-connect.com\/wp-content\/uploads\/2024\/09\/Polestar_SPS-1024x746.jpg 1024w, https:\/\/urban-connect.com\/wp-content\/uploads\/2024\/09\/Polestar_SPS-300x219.jpg 300w, https:\/\/urban-connect.com\/wp-content\/uploads\/2024\/09\/Polestar_SPS-768x560.jpg 768w, https:\/\/urban-connect.com\/wp-content\/uploads\/2024\/09\/Polestar_SPS-1536x1120.jpg 1536w, https:\/\/urban-connect.com\/wp-content\/uploads\/2024\/09\/Polestar_SPS-2048x1493.jpg 2048w, https:\/\/urban-connect.com\/wp-content\/uploads\/2024\/09\/Polestar_SPS-1482x1080.jpg 1482w\" sizes=\"auto, (max-width: 1024px) 100vw, 1024px\" \/><\/noscript><figcaption class=\"wp-element-caption\">Mit der App von Urban Connect k\u00f6nnen die Mitarbeitenden der teilnehmenden Firmen ihre Mobilit\u00e4t einfach und flexibel gestalten. Foto: Urban Connect<\/figcaption><\/figure>\n\n\n\n<p><\/p>\n\n\n\n<p>Eigentlich sollte es ein Caf\u00e9 werden. Judith H\u00e4berli und ihr Partner Robert Ruttmann hatten sich in Deutschland von den trendigen und gem\u00fctlichen Caf\u00e9s inspirieren lassen. \u00abDamals gab es etwas in dieser Art in der Schweiz noch kaum\u00bb, erinnert sich H\u00e4berli. Ein passendes Lokal war rasch gefunden: An der Josefstrasse in Z\u00fcrichstand ein Velo Gesch\u00e4ft vor der vermeintlichen Liquidation, welches sich perfekt f\u00fcr ihr Vorhaben eignete. Die beiden suchten das Gespr\u00e4ch mit dem Betreiber. Dieser wollte ihnen das Lokal zwar \u00fcbergeben, jedoch nur unter der Bedingung, dass sie den Velomechaniker-Lehrling mit \u00fcbernehmen.<\/p>\n\n\n\n<h2 class=\"wp-block-heading\"><strong>Vom Velo-Caf\u00e9 zum E-Bike-Sharing<\/strong><\/h2>\n\n\n\n<p>Also machten sich Judith H\u00e4berli und Robert Ruttmann Gedanken dar\u00fcber, ein Velo-Caf\u00e9 zu er\u00f6ffnen und befassten sich mit dem Velo-markt und den sich bietenden M\u00f6glichkeiten. In den Beiden begann die Idee zu reifen, anstelle des Velo-Caf\u00e9s ein e-Bike-Sharing f\u00fcr Firmen anzubieten. Das sie 2013 denn auch gr\u00fcndeten. Ausl\u00f6ser daf\u00fcr war auch der Klimawandel, den Judith H\u00e4berli als \u00fcbergeordnetes Thema versteht: \u00abDer Klimawandel ist die Krise unserer Zeit, nicht nur die meiner Generation\u00bb, betont sie. \u00abWenn wir den nicht in den Griff bekommen, spielt alles andere fr\u00fcher oder sp\u00e4ter keine Rolle mehr\u00bb.<\/p>\n\n\n\n<p>Als schicksalshaft f\u00fcr die beiden erwies sich eine E-Mail, die Judith H\u00e4berli an den Senior Vice President Engineering bei Google, Urs H\u00f6lzle, schrieb. Dieser vernetzte sie mit den richtigen Stellen bei Google Schweiz und legte damit den Grundstein f\u00fcr die Partnerschaft der beiden Unternehmen. Google h\u00e4tten sie viel zu verdanken: \u00abOhne deren Wohlwollen und das immer l\u00f6sungsorientierte Feedback w\u00e4ren wir nie dahin gekommen, wo wir heute sind\u00bb, sagt H\u00e4berli mit Nachdruck. Ihre Gedanken scheinen kurz in die Vergangenheit abzuschweifen, die Stimme ist etwas belegt.<\/p>\n\n\n\n<p>2013 sei die Mitarbeitermobilit\u00e4t f\u00fcr viele Schweizer Firmen noch kein wichtiges Thema gewesen, Google war damit jedoch bereits aus den USA vertraut. Und hat Urban Connect dazu motiviert, ihr System des E-Bike-Sharings weiterzuentwickeln und \u00fcber das Smartphone einfach zug\u00e4nglich und nutzbar zu machen.<\/p>\n\n\n\n<p>In den Anf\u00e4ngen war das E-Bike-Sharing eher ein Nebenprojekt f\u00fcr H\u00e4berli, sie steckte damals noch mitten im Studium und wurde zum ersten Mal Mutter. Mit der Entwicklung der App nahm Urban Connect jedoch rasant Fahrt auf. Bis Covid die wachsende und sich entwickelnde Firma einholte. Und praktisch zum Stillstand brachte.<\/p>\n\n\n\n<h2 class=\"wp-block-heading\"><strong>Nach dem quasi Stillstand folgt der Durchstart<\/strong><\/h2>\n\n\n\n<p>Die Covid-Zeit haben die beiden Gr\u00fcnder dazu genutzt, zusammen mit ihrem Team zu \u00fcberlegen, wohin und wie sich das Thema Firmen-Mobilit\u00e4t entwickeln sollte. Was dazu f\u00fchrte, dass sie ihre Flotte um Elektroautos und E-Scooter erweiterten und diese in die bereits bestehende App integrierten. \u00abDamit haben wir einen Quantensprung gemacht\u00bb, erinnert sich H\u00e4berli.<\/p>\n\n\n\n<p>Heute ist Urban Connect die f\u00fchrende multimodale Mobilit\u00e4tsplattform in der Schweiz. Das Konzept von Urban Connect ist einfach und klar: \u00abWir wollen Firmenkunden helfen, die Mobilit\u00e4t f\u00fcr ihre Mitarbeitenden so einfach und g\u00fcnstig wie m\u00f6glich zu organisieren\u00bb, erkl\u00e4rt H\u00e4berli. Mit den geteilten E-Autos, E-Scootern und E-Bikes w\u00fcrden die Firmen automatisch Kosten, Platz und Emissioneneinsparen.<\/p>\n\n\n\n<p>Gleichzeitig bekommen die Mitarbeitenden \u00abeine coole User-Experience, indem sie in einer einzigen App auf eine vielf\u00e4ltige Palette an Mobilit\u00e4ts-Optionen zugreifen k\u00f6nnen\u00bb, so die Unternehmerin weiter. Das Setting der App kann dabei individuell auf die Bed\u00fcrfnisse der einzelnen Unternehmen eingestellt werden.<\/p>\n\n\n\n<p>Mittlerweile setzen \u00fcber 60 Firmen auf die geteilten Mobilit\u00e4ts-Optionen von Urban Connect. Darunter finden sich neben Google viele bekannte Firmen wie beispielsweise Migros, Swiss, Axpo, Lonza oder Roche. Am Beispiel von Roche zeigt H\u00e4berli einen der Nutzen f\u00fcr die Firmen auf: \u00abDie Firmenflotte von Roche wurde fr\u00fcher nur f\u00fcr Gesch\u00e4ftszwecke genutzt, heute k\u00f6nnen die Mitarbeitenden die Autos gegen eine moderate Geb\u00fchr auch privat nutzen\u00bb.<\/p>\n\n\n\n<p>Das habe einerseits geholfen, die Flotte deutlich besser auszulasten, andererseits konnte Roche die Kosten daf\u00fcr merklich reduzieren. F\u00fcr H\u00e4berli besonders erfreulich ist die Tatsache, dass bereits \u00fcber 80 Mitarbeitende von Roche auf den Kauf eines Autos verzichtet oder das private Auto gar verkauft haben, weil sie nun auf die E-Bike- und E-Auto-Flotte von Urban Connect zur\u00fcckgreifen k\u00f6nnen.<\/p>\n\n\n\n<h2 class=\"wp-block-heading\"><strong>Partnerschaft mit SBB und Post Company Cars<\/strong><\/h2>\n\n\n\n<p>Letztes Jahr konnte Urban Connect Partnerschaften mit den SBB und mit Post Company Cars eingehen. Dank der Zusammenarbeit mit den SBB k\u00f6nnen die Mitarbeitenden der angeschlossenen Firmen \u00fcber die Urban Connect App nun auch gesch\u00e4ftliche oder private \u00f6V-Tickets buchen.<\/p>\n\n\n\n<p>Bei Post Company Cars handelt es sich um eine operative Zusammenarbeit. W\u00e4hrend Urban Connect f\u00fcr den Unterhalt oder Reparatur arbeiten an seiner E-Bike-Flotte ein eigenes Netzwerk aufgebaut hat, fehlte dieses bisher f\u00fcr die E-Auto-Flotte. Als gr\u00f6sste markenund herstellerunabh\u00e4ngige Flottenmanagerin der Schweiz verf\u00fcgt Post Company Cars selbst in l\u00e4ndlichen Gebieten \u00fcber ein weitverzweigtes Netzwerk, auf welches Urban Connect dank der Partnerschaft bei Bedarf f\u00fcr Reparatur- oder sonstige Arbeiten an ihrer E-Auto-Flotte zur\u00fcckgreifen kann.<\/p>\n\n\n\n<p>Beruflich k\u00f6nnte es f\u00fcr Judith H\u00e4berli und ihren Mann Robert Ruttmann also kaum besser laufen. Was auch daran liege, dass sie so-wohl im Gesch\u00e4ft als auch privat als Team super zusammen funktionieren w\u00fcrden und gemeinsam eine unglaubliche Kraft h\u00e4tten, die ihnen in der Vergangenheit auch schon durch schwierige und harte Zeiten geholfen habe, wie H\u00e4berli bekr\u00e4ftigt.<\/p>\n\n\n\n<h2 class=\"wp-block-heading\"><strong>Offene Kommunikation unabdingbar<\/strong><\/h2>\n\n\n\n<p>Wie steht es denn mit der Vereinbarung \u2013 respektive in ihrem Fall eher mit der Trennung \u2013 von Privat- und Berufsleben? Etwas, das nicht immer ganz einfach sei, wie die dreifache Mutter einr\u00e4umt.\u00abEs braucht sowohl als Paar, als auch als Team und F\u00fchrungspersonen sehr viel offene Kommunikation\u00bb, erkl\u00e4rt sie. Und als Paar m\u00fcsse man den privaten Teil auch sch\u00fctzen. Dabei gebe es nat\u00fcrlich auch positive Aspekte.<\/p>\n\n\n\n<blockquote class=\"wp-block-quote is-layout-flow wp-block-quote-is-layout-flow\">\n<p><strong>\u00abWenn ich daheim bin, bin ich einfach Mutter.\u00bb<\/strong><\/p>\n<\/blockquote>\n\n\n\n<p>Beispielsweise falle das Abschalten sehr viel einfacher, weil es sich zu Hause ganz von alleine einstellen w\u00fcrde: \u00abWenn ich daheim bin, bin ich einfach Mutter\u00bb, so H\u00e4berli. Die Kinder k\u00fcmmere es nicht, was im Gesch\u00e4ft laufe. Zu Hause seien ganz andere Sachen und Themen wichtig und w\u00fcrden im Vordergrund stehen. \u00abManchmal denke ich, dass unsere Kinder uns vielleicht sogar vor einem Burnout bewahrt haben\u00bb, gesteht H\u00e4berli.<\/p>\n\n\n\n<p>F\u00fcr H\u00e4berli m\u00fcssen die Grenzen zwischen Beruf und Privatleben mittlerweile nicht mehr ganz so klar getrennt sein. \u00abFr\u00fcher h\u00e4tte ich die Kinder nie mit ins B\u00fcro genommen, weil ich dachte, privat und Gesch\u00e4ft m\u00fcsse man trennen.\u00bb Mittlerweile sind die Kinder auch hin und wieder im B\u00fcro anzutreffen.<\/p>\n\n\n\n<p>Alle drei seien zudem sehr unkompliziert. \u00abWenn sie beispielsweise mal einer unserer Mitarbeiter vom Training abholt, weil uns kurzfristig etwas dazwischen gekommen ist, ist das v\u00f6llig okay f\u00fcr sie\u00bb, erkl\u00e4rt Judith H\u00e4berli. Die Kinder w\u00fcrden auch alle Mitarbeiterinnen und Mitarbeiter von Urban Connect gut kennen.<\/p>\n\n\n\n<blockquote class=\"wp-block-quote is-layout-flow wp-block-quote-is-layout-flow\">\n<p><strong>\u00abEs gibt Momente, in denen ich reflektiere und denke: das ist einfach verr\u00fcckt.\u00bb<\/strong><\/p>\n<\/blockquote>\n\n\n\n<p>Mittlerweile besch\u00e4ftigen Judith H\u00e4berli und Robert Ruttmann rund 35 Mitarbeitende. Was die Unternehmerin hin und wieder immer noch nicht so richtig glauben kann: \u00abEs gibt Momente, in denen ich reflektiere und denke: das ist einfach verr\u00fcckt\u00bb, gesteht sie. Von ihren Mitarbeiterinnen und Mitarbeitern seien die meisten jeden Tag im B\u00fcro anzutreffen, obwohl es keine Office-Pflicht gebe.<\/p>\n\n\n\n<p>Alle w\u00fcrden gemeinsam an einem Strick ziehen. \u00abIch glaube, das liegt daran, dass wir ein gemeinsames Ziel haben und etwas \u00e4ndern wollen\u00bb, reflektiert H\u00e4berli. Das Verh\u00e4ltnis untereinander sei ungezwungen und sehr kollegial. \u00abDas macht und gibt viel Freude\u00bb, sagt sie und ihre Augen leuchten dabei. Gleichzeitig sei es auch eine grosse Verantwortung.<\/p>\n\n\n\n<p>Die Vision des Urban Connect Teams lautet: \u00abChange Mobility, Change the World\u00bb. Wie nahe ist Urban Connect dieser bereits gekommen? \u00abDas ist klar unser Nordstern \u2013 noch sind wir nicht am Ziel angekommen\u00bb, erkl\u00e4rt H\u00e4berli. Die Richtung stimme aber, wie sie weiter festh\u00e4lt.<\/p>\n\n\n\n<p>Dies zeige sich am Beispiel von Roche: \u00abWenn Riesenkonzerne ihre Mitarbeitermobilit\u00e4t komplett auf unsere L\u00f6sung umstellen, und das geteilte, elektrische und multimodale Konzept auch international skalieren, geht es in die richtige Richtung.\u00bb Seit diesem Sommer ist Roche auch in Deutschland \u2013 in Mannheim und Penzberg \u2013 mit Urban Connect unterwegs.<\/p>\n\n\n\n<p>Franziska Frey &#8211; <a href=\"https:\/\/www.verkehrsmonitor.ch\/mit-roche-und-google-als-kunden-geht-es-nur-in-eine-richtung-vorwaerts\" target=\"_blank\" rel=\"noreferrer noopener\">www.verkehrsmonitor.ch<\/a><\/p>\n\n\n    <section class=\"related-posts\">\n        <div class=\"container\">\n            <h4 class=\"block-title\"><\/h4>\n        <\/div>\n        <div class=\"container posts-wrap\">\n            <div class=\"swiper swiper-related-posts\">\n                <div class=\"swiper-wrapper\">\n                                            <div class=\"swiper-slide\">\n                            <div class=\"card-horizontal\">\n    <div class=\"left-side\">\n                    <a href=\"https:\/\/urban-connect.com\/de\/news\/urban-connect-geht-nach-deutschland-zusammenarbeit-mit-der-roche-mannheim-und-penzberg-verkuendet\/\">\n                <img decoding=\"async\" \n                    class=\"image lazyload\" data-src=\"https:\/\/urban-connect.com\/wp-content\/uploads\/2024\/08\/Roche_Germany-768x667.jpg\"\n                    data-srcset=\"https:\/\/urban-connect.com\/wp-content\/uploads\/2024\/08\/Roche_Germany-768x667.jpg 768w, https:\/\/urban-connect.com\/wp-content\/uploads\/2024\/08\/Roche_Germany-300x260.jpg 300w, https:\/\/urban-connect.com\/wp-content\/uploads\/2024\/08\/Roche_Germany-1024x889.jpg 1024w, https:\/\/urban-connect.com\/wp-content\/uploads\/2024\/08\/Roche_Germany-1244x1080.jpg 1244w, https:\/\/urban-connect.com\/wp-content\/uploads\/2024\/08\/Roche_Germany.jpg 1438w\"\n                    data-sizes=\"(max-width: 768px) 100vw, 768px\"\n                    alt=\"Urban Connect geht nach Deutschland: Zusammenarbeit mit der \u200b\u200bRoche Mannheim und Penzberg verk\u00fcndet\"\n                 src=\"data:image\/gif;base64,R0lGODlhAQABAAAAACH5BAEKAAEALAAAAAABAAEAAAICTAEAOw==\" style=\"--smush-placeholder-width: 768px; --smush-placeholder-aspect-ratio: 768\/667;\"><noscript><img decoding=\"async\" \n                    class=\"image\" src=\"https:\/\/urban-connect.com\/wp-content\/uploads\/2024\/08\/Roche_Germany-768x667.jpg\"\n                    srcset=\"https:\/\/urban-connect.com\/wp-content\/uploads\/2024\/08\/Roche_Germany-768x667.jpg 768w, https:\/\/urban-connect.com\/wp-content\/uploads\/2024\/08\/Roche_Germany-300x260.jpg 300w, https:\/\/urban-connect.com\/wp-content\/uploads\/2024\/08\/Roche_Germany-1024x889.jpg 1024w, https:\/\/urban-connect.com\/wp-content\/uploads\/2024\/08\/Roche_Germany-1244x1080.jpg 1244w, https:\/\/urban-connect.com\/wp-content\/uploads\/2024\/08\/Roche_Germany.jpg 1438w\"\n                    sizes=\"(max-width: 768px) 100vw, 768px\"\n                    alt=\"Urban Connect geht nach Deutschland: Zusammenarbeit mit der \u200b\u200bRoche Mannheim und Penzberg verk\u00fcndet\"\n                ><\/noscript>\n            <\/a>\n                <\/div>\n    <div class=\"right-side\">\n                    <a href=\"https:\/\/urban-connect.com\/de\/news\/urban-connect-geht-nach-deutschland-zusammenarbeit-mit-der-roche-mannheim-und-penzberg-verkuendet\/\">\n                <h6 class=\"title\">Urban Connect geht nach Deutschland: Zusammenarbeit mit der \u200b\u200bRoche Mannheim und Penzberg verk\u00fcndet<\/h6>\n            <\/a>\n                        <span class=\"date\">August 22, 2024 <\/span>\n            \n\t        <\/div>\n<\/div>                        <\/div>\n                                                <div class=\"swiper-slide\">\n                            <div class=\"card-horizontal\">\n    <div class=\"left-side\">\n                    <a href=\"https:\/\/urban-connect.com\/de\/news\/strategische-partnerschaft-von-urban-connect-und-post-company-cars\/\">\n                <img decoding=\"async\" \n                    class=\"image lazyload\" data-src=\"https:\/\/urban-connect.com\/wp-content\/uploads\/2024\/06\/News-Feature-Image_post-768x577.jpg\"\n                    data-srcset=\"https:\/\/urban-connect.com\/wp-content\/uploads\/2024\/06\/News-Feature-Image_post-768x577.jpg 768w, https:\/\/urban-connect.com\/wp-content\/uploads\/2024\/06\/News-Feature-Image_post-300x225.jpg 300w, https:\/\/urban-connect.com\/wp-content\/uploads\/2024\/06\/News-Feature-Image_post-1024x769.jpg 1024w, https:\/\/urban-connect.com\/wp-content\/uploads\/2024\/06\/News-Feature-Image_post.jpg 1438w\"\n                    data-sizes=\"(max-width: 768px) 100vw, 768px\"\n                    alt=\"Strategische Partnerschaft von Urban Connect und Post Company Cars \u00a0\"\n                 src=\"data:image\/gif;base64,R0lGODlhAQABAAAAACH5BAEKAAEALAAAAAABAAEAAAICTAEAOw==\" style=\"--smush-placeholder-width: 768px; --smush-placeholder-aspect-ratio: 768\/577;\"><noscript><img decoding=\"async\" \n                    class=\"image\" src=\"https:\/\/urban-connect.com\/wp-content\/uploads\/2024\/06\/News-Feature-Image_post-768x577.jpg\"\n                    srcset=\"https:\/\/urban-connect.com\/wp-content\/uploads\/2024\/06\/News-Feature-Image_post-768x577.jpg 768w, https:\/\/urban-connect.com\/wp-content\/uploads\/2024\/06\/News-Feature-Image_post-300x225.jpg 300w, https:\/\/urban-connect.com\/wp-content\/uploads\/2024\/06\/News-Feature-Image_post-1024x769.jpg 1024w, https:\/\/urban-connect.com\/wp-content\/uploads\/2024\/06\/News-Feature-Image_post.jpg 1438w\"\n                    sizes=\"(max-width: 768px) 100vw, 768px\"\n                    alt=\"Strategische Partnerschaft von Urban Connect und Post Company Cars \u00a0\"\n                ><\/noscript>\n            <\/a>\n                <\/div>\n    <div class=\"right-side\">\n                    <a href=\"https:\/\/urban-connect.com\/de\/news\/strategische-partnerschaft-von-urban-connect-und-post-company-cars\/\">\n                <h6 class=\"title\">Strategische Partnerschaft von Urban Connect und Post Company Cars \u00a0<\/h6>\n            <\/a>\n                        <span class=\"date\">Juni 05, 2024 <\/span>\n            \n\t        <\/div>\n<\/div>                        <\/div>\n                                                <div class=\"swiper-slide\">\n                            <div class=\"card-horizontal\">\n    <div class=\"left-side\">\n                    <a href=\"https:\/\/urban-connect.com\/de\/news\/fallstudie-spotlight-die-pendlerrevolution-bei-hilti\/\">\n                <img decoding=\"async\" \n                    class=\"image lazyload\" data-src=\"https:\/\/urban-connect.com\/wp-content\/uploads\/2024\/07\/Hilti_LinkedIn-copy-768x576.jpeg\"\n                    data-srcset=\"https:\/\/urban-connect.com\/wp-content\/uploads\/2024\/07\/Hilti_LinkedIn-copy-768x576.jpeg 768w, https:\/\/urban-connect.com\/wp-content\/uploads\/2024\/07\/Hilti_LinkedIn-copy-300x225.jpeg 300w, https:\/\/urban-connect.com\/wp-content\/uploads\/2024\/07\/Hilti_LinkedIn-copy-1024x768.jpeg 1024w, https:\/\/urban-connect.com\/wp-content\/uploads\/2024\/07\/Hilti_LinkedIn-copy-1536x1152.jpeg 1536w, https:\/\/urban-connect.com\/wp-content\/uploads\/2024\/07\/Hilti_LinkedIn-copy-1440x1080.jpeg 1440w, https:\/\/urban-connect.com\/wp-content\/uploads\/2024\/07\/Hilti_LinkedIn-copy.jpeg 2048w\"\n                    data-sizes=\"(max-width: 768px) 100vw, 768px\"\n                    alt=\"Fallstudie Spotlight: Die Pendlerrevolution bei Hilti\"\n                 src=\"data:image\/gif;base64,R0lGODlhAQABAAAAACH5BAEKAAEALAAAAAABAAEAAAICTAEAOw==\" style=\"--smush-placeholder-width: 768px; --smush-placeholder-aspect-ratio: 768\/576;\"><noscript><img decoding=\"async\" \n                    class=\"image\" src=\"https:\/\/urban-connect.com\/wp-content\/uploads\/2024\/07\/Hilti_LinkedIn-copy-768x576.jpeg\"\n                    srcset=\"https:\/\/urban-connect.com\/wp-content\/uploads\/2024\/07\/Hilti_LinkedIn-copy-768x576.jpeg 768w, https:\/\/urban-connect.com\/wp-content\/uploads\/2024\/07\/Hilti_LinkedIn-copy-300x225.jpeg 300w, https:\/\/urban-connect.com\/wp-content\/uploads\/2024\/07\/Hilti_LinkedIn-copy-1024x768.jpeg 1024w, https:\/\/urban-connect.com\/wp-content\/uploads\/2024\/07\/Hilti_LinkedIn-copy-1536x1152.jpeg 1536w, https:\/\/urban-connect.com\/wp-content\/uploads\/2024\/07\/Hilti_LinkedIn-copy-1440x1080.jpeg 1440w, https:\/\/urban-connect.com\/wp-content\/uploads\/2024\/07\/Hilti_LinkedIn-copy.jpeg 2048w\"\n                    sizes=\"(max-width: 768px) 100vw, 768px\"\n                    alt=\"Fallstudie Spotlight: Die Pendlerrevolution bei Hilti\"\n                ><\/noscript>\n            <\/a>\n                <\/div>\n    <div class=\"right-side\">\n                    <a href=\"https:\/\/urban-connect.com\/de\/news\/fallstudie-spotlight-die-pendlerrevolution-bei-hilti\/\">\n                <h6 class=\"title\">Fallstudie Spotlight: Die Pendlerrevolution bei Hilti<\/h6>\n            <\/a>\n                        <span class=\"date\">Juli 26, 2024 <\/span>\n            \n\t        <\/div>\n<\/div>                        <\/div>\n                                        <\/div>\n                <div class=\"btn-slider \">\n    <div class=\"prev\">\n        <svg width=\"22\" height=\"12\" viewBox=\"0 0 22 12\" fill=\"none\" xmlns=\"http:\/\/www.w3.org\/2000\/svg\">\n            <path d=\"M5.094 4.476L7.74 1.83L6.03 0.102L0.432 5.7L6.03 11.298L7.74 9.57L5.076 6.906H21.42V4.476H5.094Z\" fill=\"white\"\/>\n        <\/svg>\n    <\/div>\n    <div class=\"next\">\n        <svg width=\"22\" height=\"12\" viewBox=\"0 0 22 12\" fill=\"none\" xmlns=\"http:\/\/www.w3.org\/2000\/svg\">\n            <path d=\"M14.292 1.83L16.938 4.476H0.612V6.906H16.956L14.292 9.57L16.002 11.298L21.6 5.7L16.002 0.102L14.292 1.83Z\" fill=\"white\"\/>\n        <\/svg>\n    <\/div>\n<\/div>            <\/div>\n        <\/div>\n    <\/section>\n    ","protected":false},"excerpt":{"rendered":"<p>Im Zuge der Nachhaltigkeitsbestrebungen wird die Mobilit\u00e4t ihrer Mitarbeitenden f\u00fcr Schweizer Firmen zunehmend zum wichtigen Thema. Das Z\u00fcrcher Unternehmen Urban Connect hilft Firmen dabei, diese so einfach wie m\u00f6glich zu organisieren und damit Kosten, Platz und Emissionen einzusparen. Eigentlich sollte es ein Caf\u00e9 werden. Judith H\u00e4berli und ihr Partner Robert Ruttmann hatten sich in Deutschland [&hellip;]<\/p>\n","protected":false},"featured_media":6421,"parent":0,"template":"","news_category":[38],"class_list":["post-6423","news","type-news","status-publish","has-post-thumbnail","hentry","news_category-news-de"],"acf":[],"yoast_head":"<!-- This site is optimized with the Yoast SEO plugin v23.2 - https:\/\/yoast.com\/wordpress\/plugins\/seo\/ -->\n<title>Mit Roche und Google als Kunden geht es nur in eine Richtung: vorw\u00e4rts - Urban Connect<\/title>\n<meta name=\"robots\" content=\"index, follow, max-snippet:-1, max-image-preview:large, max-video-preview:-1\" \/>\n<link rel=\"canonical\" href=\"https:\/\/urban-connect.com\/de\/news\/mit-roche-und-google-als-kunden-geht-es-nur-in-eine-richtungvorwaerts\/\" \/>\n<meta property=\"og:locale\" content=\"de_DE\" \/>\n<meta property=\"og:type\" content=\"article\" \/>\n<meta property=\"og:title\" content=\"Mit Roche und Google als Kunden geht es nur in eine Richtung: vorw\u00e4rts - Urban Connect\" \/>\n<meta property=\"og:description\" content=\"Im Zuge der Nachhaltigkeitsbestrebungen wird die Mobilit\u00e4t ihrer Mitarbeitenden f\u00fcr Schweizer Firmen zunehmend zum wichtigen Thema. Das Z\u00fcrcher Unternehmen Urban Connect hilft Firmen dabei, diese so einfach wie m\u00f6glich zu organisieren und damit Kosten, Platz und Emissionen einzusparen. Eigentlich sollte es ein Caf\u00e9 werden. Judith H\u00e4berli und ihr Partner Robert Ruttmann hatten sich in Deutschland [&hellip;]\" \/>\n<meta property=\"og:url\" content=\"https:\/\/urban-connect.com\/de\/news\/mit-roche-und-google-als-kunden-geht-es-nur-in-eine-richtungvorwaerts\/\" \/>\n<meta property=\"og:site_name\" content=\"Urban Connect\" \/>\n<meta property=\"article:modified_time\" content=\"2024-09-03T12:46:49+00:00\" \/>\n<meta property=\"og:image\" content=\"https:\/\/urban-connect.com\/wp-content\/uploads\/2024\/09\/Tamedia_Article.jpg\" \/>\n\t<meta property=\"og:image:width\" content=\"1438\" \/>\n\t<meta property=\"og:image:height\" content=\"1248\" \/>\n\t<meta property=\"og:image:type\" content=\"image\/jpeg\" \/>\n<meta name=\"twitter:card\" content=\"summary_large_image\" \/>\n<meta name=\"twitter:label1\" content=\"Gesch\u00e4tzte Lesezeit\" \/>\n\t<meta name=\"twitter:data1\" content=\"7\u00a0Minuten\" \/>\n<script type=\"application\/ld+json\" class=\"yoast-schema-graph\">{\"@context\":\"https:\/\/schema.org\",\"@graph\":[{\"@type\":\"WebPage\",\"@id\":\"https:\/\/urban-connect.com\/de\/news\/mit-roche-und-google-als-kunden-geht-es-nur-in-eine-richtungvorwaerts\/\",\"url\":\"https:\/\/urban-connect.com\/de\/news\/mit-roche-und-google-als-kunden-geht-es-nur-in-eine-richtungvorwaerts\/\",\"name\":\"Mit Roche und Google als Kunden geht es nur in eine Richtung: vorw\u00e4rts - Urban Connect\",\"isPartOf\":{\"@id\":\"https:\/\/urban-connect.com\/de\/#website\"},\"primaryImageOfPage\":{\"@id\":\"https:\/\/urban-connect.com\/de\/news\/mit-roche-und-google-als-kunden-geht-es-nur-in-eine-richtungvorwaerts\/#primaryimage\"},\"image\":{\"@id\":\"https:\/\/urban-connect.com\/de\/news\/mit-roche-und-google-als-kunden-geht-es-nur-in-eine-richtungvorwaerts\/#primaryimage\"},\"thumbnailUrl\":\"https:\/\/urban-connect.com\/wp-content\/uploads\/2024\/09\/Tamedia_Article.jpg\",\"datePublished\":\"2024-09-03T11:44:27+00:00\",\"dateModified\":\"2024-09-03T12:46:49+00:00\",\"breadcrumb\":{\"@id\":\"https:\/\/urban-connect.com\/de\/news\/mit-roche-und-google-als-kunden-geht-es-nur-in-eine-richtungvorwaerts\/#breadcrumb\"},\"inLanguage\":\"de\",\"potentialAction\":[{\"@type\":\"ReadAction\",\"target\":[\"https:\/\/urban-connect.com\/de\/news\/mit-roche-und-google-als-kunden-geht-es-nur-in-eine-richtungvorwaerts\/\"]}]},{\"@type\":\"ImageObject\",\"inLanguage\":\"de\",\"@id\":\"https:\/\/urban-connect.com\/de\/news\/mit-roche-und-google-als-kunden-geht-es-nur-in-eine-richtungvorwaerts\/#primaryimage\",\"url\":\"https:\/\/urban-connect.com\/wp-content\/uploads\/2024\/09\/Tamedia_Article.jpg\",\"contentUrl\":\"https:\/\/urban-connect.com\/wp-content\/uploads\/2024\/09\/Tamedia_Article.jpg\",\"width\":1438,\"height\":1248,\"caption\":\"UC App Unlock\"},{\"@type\":\"BreadcrumbList\",\"@id\":\"https:\/\/urban-connect.com\/de\/news\/mit-roche-und-google-als-kunden-geht-es-nur-in-eine-richtungvorwaerts\/#breadcrumb\",\"itemListElement\":[{\"@type\":\"ListItem\",\"position\":1,\"name\":\"Home\",\"item\":\"https:\/\/urban-connect.com\/de\/\"},{\"@type\":\"ListItem\",\"position\":2,\"name\":\"Mit Roche und Google als Kunden geht es nur in eine Richtung: vorw\u00e4rts\"}]},{\"@type\":\"WebSite\",\"@id\":\"https:\/\/urban-connect.com\/de\/#website\",\"url\":\"https:\/\/urban-connect.com\/de\/\",\"name\":\"Urban Connect\",\"description\":\"\",\"potentialAction\":[{\"@type\":\"SearchAction\",\"target\":{\"@type\":\"EntryPoint\",\"urlTemplate\":\"https:\/\/urban-connect.com\/de\/?s={search_term_string}\"},\"query-input\":\"required name=search_term_string\"}],\"inLanguage\":\"de\"}]}<\/script>\n<!-- \/ Yoast SEO plugin. -->","yoast_head_json":{"title":"Mit Roche und Google als Kunden geht es nur in eine Richtung: vorw\u00e4rts - Urban Connect","robots":{"index":"index","follow":"follow","max-snippet":"max-snippet:-1","max-image-preview":"max-image-preview:large","max-video-preview":"max-video-preview:-1"},"canonical":"https:\/\/urban-connect.com\/de\/news\/mit-roche-und-google-als-kunden-geht-es-nur-in-eine-richtungvorwaerts\/","og_locale":"de_DE","og_type":"article","og_title":"Mit Roche und Google als Kunden geht es nur in eine Richtung: vorw\u00e4rts - Urban Connect","og_description":"Im Zuge der Nachhaltigkeitsbestrebungen wird die Mobilit\u00e4t ihrer Mitarbeitenden f\u00fcr Schweizer Firmen zunehmend zum wichtigen Thema. Das Z\u00fcrcher Unternehmen Urban Connect hilft Firmen dabei, diese so einfach wie m\u00f6glich zu organisieren und damit Kosten, Platz und Emissionen einzusparen. Eigentlich sollte es ein Caf\u00e9 werden. Judith H\u00e4berli und ihr Partner Robert Ruttmann hatten sich in Deutschland [&hellip;]","og_url":"https:\/\/urban-connect.com\/de\/news\/mit-roche-und-google-als-kunden-geht-es-nur-in-eine-richtungvorwaerts\/","og_site_name":"Urban Connect","article_modified_time":"2024-09-03T12:46:49+00:00","og_image":[{"width":1438,"height":1248,"url":"https:\/\/urban-connect.com\/wp-content\/uploads\/2024\/09\/Tamedia_Article.jpg","type":"image\/jpeg"}],"twitter_card":"summary_large_image","twitter_misc":{"Gesch\u00e4tzte Lesezeit":"7\u00a0Minuten"},"schema":{"@context":"https:\/\/schema.org","@graph":[{"@type":"WebPage","@id":"https:\/\/urban-connect.com\/de\/news\/mit-roche-und-google-als-kunden-geht-es-nur-in-eine-richtungvorwaerts\/","url":"https:\/\/urban-connect.com\/de\/news\/mit-roche-und-google-als-kunden-geht-es-nur-in-eine-richtungvorwaerts\/","name":"Mit Roche und Google als Kunden geht es nur in eine Richtung: vorw\u00e4rts - Urban Connect","isPartOf":{"@id":"https:\/\/urban-connect.com\/de\/#website"},"primaryImageOfPage":{"@id":"https:\/\/urban-connect.com\/de\/news\/mit-roche-und-google-als-kunden-geht-es-nur-in-eine-richtungvorwaerts\/#primaryimage"},"image":{"@id":"https:\/\/urban-connect.com\/de\/news\/mit-roche-und-google-als-kunden-geht-es-nur-in-eine-richtungvorwaerts\/#primaryimage"},"thumbnailUrl":"https:\/\/urban-connect.com\/wp-content\/uploads\/2024\/09\/Tamedia_Article.jpg","datePublished":"2024-09-03T11:44:27+00:00","dateModified":"2024-09-03T12:46:49+00:00","breadcrumb":{"@id":"https:\/\/urban-connect.com\/de\/news\/mit-roche-und-google-als-kunden-geht-es-nur-in-eine-richtungvorwaerts\/#breadcrumb"},"inLanguage":"de","potentialAction":[{"@type":"ReadAction","target":["https:\/\/urban-connect.com\/de\/news\/mit-roche-und-google-als-kunden-geht-es-nur-in-eine-richtungvorwaerts\/"]}]},{"@type":"ImageObject","inLanguage":"de","@id":"https:\/\/urban-connect.com\/de\/news\/mit-roche-und-google-als-kunden-geht-es-nur-in-eine-richtungvorwaerts\/#primaryimage","url":"https:\/\/urban-connect.com\/wp-content\/uploads\/2024\/09\/Tamedia_Article.jpg","contentUrl":"https:\/\/urban-connect.com\/wp-content\/uploads\/2024\/09\/Tamedia_Article.jpg","width":1438,"height":1248,"caption":"UC App Unlock"},{"@type":"BreadcrumbList","@id":"https:\/\/urban-connect.com\/de\/news\/mit-roche-und-google-als-kunden-geht-es-nur-in-eine-richtungvorwaerts\/#breadcrumb","itemListElement":[{"@type":"ListItem","position":1,"name":"Home","item":"https:\/\/urban-connect.com\/de\/"},{"@type":"ListItem","position":2,"name":"Mit Roche und Google als Kunden geht es nur in eine Richtung: vorw\u00e4rts"}]},{"@type":"WebSite","@id":"https:\/\/urban-connect.com\/de\/#website","url":"https:\/\/urban-connect.com\/de\/","name":"Urban Connect","description":"","potentialAction":[{"@type":"SearchAction","target":{"@type":"EntryPoint","urlTemplate":"https:\/\/urban-connect.com\/de\/?s={search_term_string}"},"query-input":"required name=search_term_string"}],"inLanguage":"de"}]}},"_links":{"self":[{"href":"https:\/\/urban-connect.com\/de\/wp-json\/wp\/v2\/news\/6423","targetHints":{"allow":["GET"]}}],"collection":[{"href":"https:\/\/urban-connect.com\/de\/wp-json\/wp\/v2\/news"}],"about":[{"href":"https:\/\/urban-connect.com\/de\/wp-json\/wp\/v2\/types\/news"}],"wp:featuredmedia":[{"embeddable":true,"href":"https:\/\/urban-connect.com\/de\/wp-json\/wp\/v2\/media\/6421"}],"wp:attachment":[{"href":"https:\/\/urban-connect.com\/de\/wp-json\/wp\/v2\/media?parent=6423"}],"wp:term":[{"taxonomy":"news_category","embeddable":true,"href":"https:\/\/urban-connect.com\/de\/wp-json\/wp\/v2\/news_category?post=6423"}],"curies":[{"name":"wp","href":"https:\/\/api.w.org\/{rel}","templated":true}]}}