{"id":6399,"date":"2024-08-22T09:58:47","date_gmt":"2024-08-22T09:58:47","guid":{"rendered":"https:\/\/urban-connect.com\/?post_type=news&#038;p=6399"},"modified":"2024-08-22T12:54:24","modified_gmt":"2024-08-22T12:54:24","slug":"urban-connect-geht-nach-deutschland-zusammenarbeit-mit-der-roche-mannheim-und-penzberg-verkuendet","status":"publish","type":"news","link":"https:\/\/urban-connect.com\/de\/news\/urban-connect-geht-nach-deutschland-zusammenarbeit-mit-der-roche-mannheim-und-penzberg-verkuendet\/","title":{"rendered":"Urban Connect geht nach Deutschland: Zusammenarbeit mit der \u200b\u200bRoche Mannheim und Penzberg verk\u00fcndet"},"content":{"rendered":"\n<ul class=\"wp-block-list\">\n<li>Urban Connect expandiert nach Deutschland und verk\u00fcndet die Zusammenarbeit mit\u200b\u200b Roche in Mannheim und in Penzberg.&nbsp;<\/li>\n\n\n\n<li>Gemeinsam mit Roche will Urban Connect die Mobilit\u00e4tslandschaft f\u00fcr Unternehmen in Deutschland gestalten.&nbsp;<\/li>\n\n\n\n<li>Markus Fairer, Head of Mobility Management\u200b\u200b bei der Roche Diagnostics GmbH in Mannheim <em>\u201eAufgrund der positiven Erfahrungen und Ergebnissen bei der Roche Schweiz, freue ich mich, die digitalisierte, nachhaltige und umfassende L\u00f6sungen von Urban Connect nun auch f\u00fcr unsere Mitarbeitenden in Deutschland umzusetzen.\u201d&nbsp;<\/em><\/li>\n<\/ul>\n\n\n\n<p><strong>Z\u00fcrich, 22.08.2024:<\/strong> Urban Connect, der f\u00fchrende Anbieter f\u00fcr betriebliche Mobilit\u00e4tsl\u00f6sungen in der Schweiz, expandiert nach Deutschland und freut sich, die Zusammenarbeit mit\u200b\u200b Roche in Mannheim und in Penzberg bekannt zu geben. Ab sofort werden die innovativen Mobilit\u00e4tsl\u00f6sungen von Urban Connect in Deutschland verf\u00fcgbar sein, um Unternehmen bei der Umgestaltung ihrer Mobilit\u00e4tsstrategien zu unterst\u00fctzen.\u00a0<\/p>\n\n\n\n<p><strong>\u00dcber Urban Connect und die Roche <\/strong>\u200b\u200b&nbsp;<\/p>\n\n\n\n<p>Urban Connect revolutioniert die Art und Weise, wie\u202fUnternehmen die Mitarbeitermobilit\u00e4t angehen, indem es ein vollst\u00e4ndig integriertes \u00d6kosystem von geteilten Mobilit\u00e4tsoptionen anbietet. \u00dcber 50 Firmen wie die Roche Schweiz, Google oder die Swiss setzen bereits auf die geteilten E-Autos, E-Bike- und E-Trotti-Flotten, welche mit \u00d6V-Zugang, digitalen Parkl\u00f6sungen und einem Mobilit\u00e4tsbudget erg\u00e4nzt werden. Firmen sparen so Kosten, Platz und Emissionen, ohne die Mitarbeitermobilit\u00e4t einzuschr\u00e4nken.&nbsp;<\/p>\n\n\n\n<p>Die Roche erforscht und entwickelt als eines der gr\u00f6ssten Gesundheitsunternehmen Medikamente &amp; Diagnostika f\u00fcr Patient:innen weltweit und setzt sich f\u00fcr mehr Vernetzung &amp; Digitalisierung im Gesundheitswesen ein. \u202fMehr als 18\u2019200 Mitarbeitende erforschen, entwickeln und produzieren an den deutschen Standorten Mannheim, Penzberg, Grenzach-Wyhlen und Ludwigsburg medizinische Innovationen und stellen sie den Patient:innen zur Verf\u00fcgung.&nbsp;<\/p>\n\n\n\n<p><strong>Stimmen zur Partnerschaft<\/strong>&nbsp;<\/p>\n\n\n\n<p>Judith H\u00e4berli, Mitgr\u00fcnderin Urban Connect: <em><em>\u201e<\/em>Wir freuen uns, durch die Zusammenarbeit mit \u200b\u200bder Roche in Mannheim und in Penzberg unsere Pr\u00e4senz in Deutschland zu st\u00e4rken und unseren Kundenstamm zu erweitern. Gemeinsam mit innovativen und mutigen Arbeitgebern wie der Roche schaffen wir ein Angebot, das mit positiven Anreizen zu einem Umdenken f\u00fchrt und Mitarbeitende zu nachhaltigeren Mobilit\u00e4tsoptionen greifen l\u00e4sst.\u201c&nbsp;<\/em><\/p>\n\n\n\n<p>Markus Fairer, \u200b\u200bHead of Mobility Management bei der Roche Diagnostics GmbH in Mannheim: <em>\u201eAufgrund der positiven Erfahrungen und \u200b\u200bErgebnissen in der Schweiz setzen wir die L\u00f6sungen von Urban Connect nun auch f\u00fcr unsere Mitarbeitenden in Mannheim und Penzberg um. Die Zusammenarbeit mit Urban Connect erm\u00f6glicht es uns, unsere Ziele im Bereich Mitarbeitermobilit\u00e4t und Flottenemissionsreduktion zu \u200b\u200berreichen. Dies ist ein weiterer Schritt zur Erreichung unser hoch gesteckten Nachhaltigkeitziele.\u201c&nbsp;<\/em><\/p>\n\n\n\n<p>Change Mobility &#8211; Change the World<\/p>\n\n\n    <section class=\"related-posts\">\n        <div class=\"container\">\n            <h4 class=\"block-title\"><\/h4>\n        <\/div>\n        <div class=\"container posts-wrap\">\n            <div class=\"swiper swiper-related-posts\">\n                <div class=\"swiper-wrapper\">\n                                            <div class=\"swiper-slide\">\n                            <div class=\"card-horizontal\">\n    <div class=\"left-side\">\n                    <a href=\"https:\/\/urban-connect.com\/de\/news\/fallstudie-im-blickpunkt-lonza-visps-partnerschaft-fuer-nachhaltige-mobilitaet-mit-urban-connect\/\">\n                <img decoding=\"async\" \n                    class=\"image lazyload\" data-src=\"https:\/\/urban-connect.com\/wp-content\/uploads\/2026\/02\/HELSANA-x-UC-banner-768x511.png\"\n                    data-srcset=\"https:\/\/urban-connect.com\/wp-content\/uploads\/2026\/02\/HELSANA-x-UC-banner-768x511.png 768w, https:\/\/urban-connect.com\/wp-content\/uploads\/2026\/02\/HELSANA-x-UC-banner-300x199.png 300w, https:\/\/urban-connect.com\/wp-content\/uploads\/2026\/02\/HELSANA-x-UC-banner-1024x681.png 1024w, https:\/\/urban-connect.com\/wp-content\/uploads\/2026\/02\/HELSANA-x-UC-banner-1536x1021.png 1536w, https:\/\/urban-connect.com\/wp-content\/uploads\/2026\/02\/HELSANA-x-UC-banner.png 1590w\"\n                    data-sizes=\"(max-width: 768px) 100vw, 768px\"\n                    alt=\"Fallstudie im Blickpunkt: Helsana erm\u00f6glicht \u00fcber 3'400 Mitarbeitenden ein Urban Connect Mobility Budget \u2013 dank SCIM ganz reibungslos.\"\n                 src=\"data:image\/gif;base64,R0lGODlhAQABAAAAACH5BAEKAAEALAAAAAABAAEAAAICTAEAOw==\" style=\"--smush-placeholder-width: 768px; --smush-placeholder-aspect-ratio: 768\/511;\"><noscript><img decoding=\"async\" \n                    class=\"image\" src=\"https:\/\/urban-connect.com\/wp-content\/uploads\/2026\/02\/HELSANA-x-UC-banner-768x511.png\"\n                    srcset=\"https:\/\/urban-connect.com\/wp-content\/uploads\/2026\/02\/HELSANA-x-UC-banner-768x511.png 768w, https:\/\/urban-connect.com\/wp-content\/uploads\/2026\/02\/HELSANA-x-UC-banner-300x199.png 300w, https:\/\/urban-connect.com\/wp-content\/uploads\/2026\/02\/HELSANA-x-UC-banner-1024x681.png 1024w, https:\/\/urban-connect.com\/wp-content\/uploads\/2026\/02\/HELSANA-x-UC-banner-1536x1021.png 1536w, https:\/\/urban-connect.com\/wp-content\/uploads\/2026\/02\/HELSANA-x-UC-banner.png 1590w\"\n                    sizes=\"(max-width: 768px) 100vw, 768px\"\n                    alt=\"Fallstudie im Blickpunkt: Helsana erm\u00f6glicht \u00fcber 3'400 Mitarbeitenden ein Urban Connect Mobility Budget \u2013 dank SCIM ganz reibungslos.\"\n                ><\/noscript>\n            <\/a>\n                <\/div>\n    <div class=\"right-side\">\n                    <a href=\"https:\/\/urban-connect.com\/de\/news\/fallstudie-im-blickpunkt-lonza-visps-partnerschaft-fuer-nachhaltige-mobilitaet-mit-urban-connect\/\">\n                <h6 class=\"title\">Fallstudie im Blickpunkt: Helsana erm\u00f6glicht \u00fcber 3&#8217;400 Mitarbeitenden ein Urban Connect Mobility Budget \u2013 dank SCIM ganz reibungslos.<\/h6>\n            <\/a>\n                        <span class=\"date\">Februar 05, 2026 <\/span>\n            \n\t        <\/div>\n<\/div>                        <\/div>\n                                                <div class=\"swiper-slide\">\n                            <div class=\"card-horizontal\">\n    <div class=\"left-side\">\n                    <a href=\"https:\/\/urban-connect.com\/de\/news\/fallstudie-spotlight-die-pendlerrevolution-bei-hilti\/\">\n                <img decoding=\"async\" \n                    class=\"image lazyload\" data-src=\"https:\/\/urban-connect.com\/wp-content\/uploads\/2024\/07\/Hilti_LinkedIn-copy-768x576.jpeg\"\n                    data-srcset=\"https:\/\/urban-connect.com\/wp-content\/uploads\/2024\/07\/Hilti_LinkedIn-copy-768x576.jpeg 768w, https:\/\/urban-connect.com\/wp-content\/uploads\/2024\/07\/Hilti_LinkedIn-copy-300x225.jpeg 300w, https:\/\/urban-connect.com\/wp-content\/uploads\/2024\/07\/Hilti_LinkedIn-copy-1024x768.jpeg 1024w, https:\/\/urban-connect.com\/wp-content\/uploads\/2024\/07\/Hilti_LinkedIn-copy-1536x1152.jpeg 1536w, https:\/\/urban-connect.com\/wp-content\/uploads\/2024\/07\/Hilti_LinkedIn-copy-1440x1080.jpeg 1440w, https:\/\/urban-connect.com\/wp-content\/uploads\/2024\/07\/Hilti_LinkedIn-copy.jpeg 2048w\"\n                    data-sizes=\"(max-width: 768px) 100vw, 768px\"\n                    alt=\"Fallstudie Spotlight: Die Pendlerrevolution bei Hilti\"\n                 src=\"data:image\/gif;base64,R0lGODlhAQABAAAAACH5BAEKAAEALAAAAAABAAEAAAICTAEAOw==\" style=\"--smush-placeholder-width: 768px; --smush-placeholder-aspect-ratio: 768\/576;\"><noscript><img decoding=\"async\" \n                    class=\"image\" src=\"https:\/\/urban-connect.com\/wp-content\/uploads\/2024\/07\/Hilti_LinkedIn-copy-768x576.jpeg\"\n                    srcset=\"https:\/\/urban-connect.com\/wp-content\/uploads\/2024\/07\/Hilti_LinkedIn-copy-768x576.jpeg 768w, https:\/\/urban-connect.com\/wp-content\/uploads\/2024\/07\/Hilti_LinkedIn-copy-300x225.jpeg 300w, https:\/\/urban-connect.com\/wp-content\/uploads\/2024\/07\/Hilti_LinkedIn-copy-1024x768.jpeg 1024w, https:\/\/urban-connect.com\/wp-content\/uploads\/2024\/07\/Hilti_LinkedIn-copy-1536x1152.jpeg 1536w, https:\/\/urban-connect.com\/wp-content\/uploads\/2024\/07\/Hilti_LinkedIn-copy-1440x1080.jpeg 1440w, https:\/\/urban-connect.com\/wp-content\/uploads\/2024\/07\/Hilti_LinkedIn-copy.jpeg 2048w\"\n                    sizes=\"(max-width: 768px) 100vw, 768px\"\n                    alt=\"Fallstudie Spotlight: Die Pendlerrevolution bei Hilti\"\n                ><\/noscript>\n            <\/a>\n                <\/div>\n    <div class=\"right-side\">\n                    <a href=\"https:\/\/urban-connect.com\/de\/news\/fallstudie-spotlight-die-pendlerrevolution-bei-hilti\/\">\n                <h6 class=\"title\">Fallstudie Spotlight: Die Pendlerrevolution bei Hilti<\/h6>\n            <\/a>\n                        <span class=\"date\">Juli 26, 2024 <\/span>\n            \n\t        <\/div>\n<\/div>                        <\/div>\n                                                <div class=\"swiper-slide\">\n                            <div class=\"card-horizontal\">\n    <div class=\"left-side\">\n                    <a href=\"https:\/\/urban-connect.com\/de\/news\/urban-connect-gruender-judith-haeberli-robert-ruttmann-gewinnen-ey-entrepreneur-of-the-year-award\/\">\n                <img decoding=\"async\" \n                    class=\"image lazyload\" data-src=\"https:\/\/urban-connect.com\/wp-content\/uploads\/2023\/10\/MicrosoftTeams-image-98-768x512.jpg\"\n                    data-srcset=\"https:\/\/urban-connect.com\/wp-content\/uploads\/2023\/10\/MicrosoftTeams-image-98-768x512.jpg 768w, https:\/\/urban-connect.com\/wp-content\/uploads\/2023\/10\/MicrosoftTeams-image-98-300x200.jpg 300w, https:\/\/urban-connect.com\/wp-content\/uploads\/2023\/10\/MicrosoftTeams-image-98-1024x683.jpg 1024w, https:\/\/urban-connect.com\/wp-content\/uploads\/2023\/10\/MicrosoftTeams-image-98-1536x1024.jpg 1536w, https:\/\/urban-connect.com\/wp-content\/uploads\/2023\/10\/MicrosoftTeams-image-98-1620x1080.jpg 1620w, https:\/\/urban-connect.com\/wp-content\/uploads\/2023\/10\/MicrosoftTeams-image-98.jpg 2047w\"\n                    data-sizes=\"(max-width: 768px) 100vw, 768px\"\n                    alt=\"Urban Connect-Gr\u00fcnder Judith H\u00e4berli &amp; Robert Ruttmann gewinnen EY Entrepreneur of the Year Award!\u00a0\"\n                 src=\"data:image\/gif;base64,R0lGODlhAQABAAAAACH5BAEKAAEALAAAAAABAAEAAAICTAEAOw==\" style=\"--smush-placeholder-width: 768px; --smush-placeholder-aspect-ratio: 768\/512;\"><noscript><img decoding=\"async\" \n                    class=\"image\" src=\"https:\/\/urban-connect.com\/wp-content\/uploads\/2023\/10\/MicrosoftTeams-image-98-768x512.jpg\"\n                    srcset=\"https:\/\/urban-connect.com\/wp-content\/uploads\/2023\/10\/MicrosoftTeams-image-98-768x512.jpg 768w, https:\/\/urban-connect.com\/wp-content\/uploads\/2023\/10\/MicrosoftTeams-image-98-300x200.jpg 300w, https:\/\/urban-connect.com\/wp-content\/uploads\/2023\/10\/MicrosoftTeams-image-98-1024x683.jpg 1024w, https:\/\/urban-connect.com\/wp-content\/uploads\/2023\/10\/MicrosoftTeams-image-98-1536x1024.jpg 1536w, https:\/\/urban-connect.com\/wp-content\/uploads\/2023\/10\/MicrosoftTeams-image-98-1620x1080.jpg 1620w, https:\/\/urban-connect.com\/wp-content\/uploads\/2023\/10\/MicrosoftTeams-image-98.jpg 2047w\"\n                    sizes=\"(max-width: 768px) 100vw, 768px\"\n                    alt=\"Urban Connect-Gr\u00fcnder Judith H\u00e4berli &amp; Robert Ruttmann gewinnen EY Entrepreneur of the Year Award!\u00a0\"\n                ><\/noscript>\n            <\/a>\n                <\/div>\n    <div class=\"right-side\">\n                    <a href=\"https:\/\/urban-connect.com\/de\/news\/urban-connect-gruender-judith-haeberli-robert-ruttmann-gewinnen-ey-entrepreneur-of-the-year-award\/\">\n                <h6 class=\"title\">Urban Connect-Gr\u00fcnder Judith H\u00e4berli &amp; Robert Ruttmann gewinnen EY Entrepreneur of the Year Award!\u00a0<\/h6>\n            <\/a>\n                        <span class=\"date\">Oktober 30, 2023 <\/span>\n            \n\t        <\/div>\n<\/div>                        <\/div>\n                                        <\/div>\n                <div class=\"btn-slider \">\n    <div class=\"prev\">\n        <svg width=\"22\" height=\"12\" viewBox=\"0 0 22 12\" fill=\"none\" xmlns=\"http:\/\/www.w3.org\/2000\/svg\">\n            <path d=\"M5.094 4.476L7.74 1.83L6.03 0.102L0.432 5.7L6.03 11.298L7.74 9.57L5.076 6.906H21.42V4.476H5.094Z\" fill=\"white\"\/>\n        <\/svg>\n    <\/div>\n    <div class=\"next\">\n        <svg width=\"22\" height=\"12\" viewBox=\"0 0 22 12\" fill=\"none\" xmlns=\"http:\/\/www.w3.org\/2000\/svg\">\n            <path d=\"M14.292 1.83L16.938 4.476H0.612V6.906H16.956L14.292 9.57L16.002 11.298L21.6 5.7L16.002 0.102L14.292 1.83Z\" fill=\"white\"\/>\n        <\/svg>\n    <\/div>\n<\/div>            <\/div>\n        <\/div>\n    <\/section>\n    ","protected":false},"excerpt":{"rendered":"<p>Z\u00fcrich, 22.08.2024: Urban Connect, der f\u00fchrende Anbieter f\u00fcr betriebliche Mobilit\u00e4tsl\u00f6sungen in der Schweiz, expandiert nach Deutschland und freut sich, die Zusammenarbeit mit\u200b\u200b Roche in Mannheim und in Penzberg bekannt zu geben. Ab sofort werden die innovativen Mobilit\u00e4tsl\u00f6sungen von Urban Connect in Deutschland verf\u00fcgbar sein, um Unternehmen bei der Umgestaltung ihrer Mobilit\u00e4tsstrategien zu unterst\u00fctzen.\u00a0 \u00dcber Urban [&hellip;]<\/p>\n","protected":false},"featured_media":6412,"parent":0,"template":"","news_category":[38],"class_list":["post-6399","news","type-news","status-publish","has-post-thumbnail","hentry","news_category-news-de"],"acf":[],"yoast_head":"<!-- This site is optimized with the Yoast SEO plugin v23.2 - https:\/\/yoast.com\/wordpress\/plugins\/seo\/ -->\n<title>Urban Connect geht nach Deutschland: Zusammenarbeit mit der \u200b\u200bRoche Mannheim und Penzberg verk\u00fcndet - Urban Connect<\/title>\n<meta name=\"robots\" content=\"index, follow, max-snippet:-1, max-image-preview:large, max-video-preview:-1\" \/>\n<link rel=\"canonical\" href=\"https:\/\/urban-connect.com\/de\/news\/urban-connect-geht-nach-deutschland-zusammenarbeit-mit-der-roche-mannheim-und-penzberg-verkuendet\/\" \/>\n<meta property=\"og:locale\" content=\"de_DE\" \/>\n<meta property=\"og:type\" content=\"article\" \/>\n<meta property=\"og:title\" content=\"Urban Connect geht nach Deutschland: Zusammenarbeit mit der \u200b\u200bRoche Mannheim und Penzberg verk\u00fcndet - Urban Connect\" \/>\n<meta property=\"og:description\" content=\"Z\u00fcrich, 22.08.2024: Urban Connect, der f\u00fchrende Anbieter f\u00fcr betriebliche Mobilit\u00e4tsl\u00f6sungen in der Schweiz, expandiert nach Deutschland und freut sich, die Zusammenarbeit mit\u200b\u200b Roche in Mannheim und in Penzberg bekannt zu geben. Ab sofort werden die innovativen Mobilit\u00e4tsl\u00f6sungen von Urban Connect in Deutschland verf\u00fcgbar sein, um Unternehmen bei der Umgestaltung ihrer Mobilit\u00e4tsstrategien zu unterst\u00fctzen.\u00a0 \u00dcber Urban [&hellip;]\" \/>\n<meta property=\"og:url\" content=\"https:\/\/urban-connect.com\/de\/news\/urban-connect-geht-nach-deutschland-zusammenarbeit-mit-der-roche-mannheim-und-penzberg-verkuendet\/\" \/>\n<meta property=\"og:site_name\" content=\"Urban Connect\" \/>\n<meta property=\"article:modified_time\" content=\"2024-08-22T12:54:24+00:00\" \/>\n<meta property=\"og:image\" content=\"https:\/\/urban-connect.com\/wp-content\/uploads\/2024\/08\/Roche_Collab_News-1.jpg\" \/>\n\t<meta property=\"og:image:width\" content=\"1438\" \/>\n\t<meta property=\"og:image:height\" content=\"1248\" \/>\n\t<meta property=\"og:image:type\" content=\"image\/jpeg\" \/>\n<meta name=\"twitter:card\" content=\"summary_large_image\" \/>\n<meta name=\"twitter:label1\" content=\"Gesch\u00e4tzte Lesezeit\" \/>\n\t<meta name=\"twitter:data1\" content=\"2\u00a0Minuten\" \/>\n<script type=\"application\/ld+json\" class=\"yoast-schema-graph\">{\"@context\":\"https:\/\/schema.org\",\"@graph\":[{\"@type\":\"WebPage\",\"@id\":\"https:\/\/urban-connect.com\/de\/news\/urban-connect-geht-nach-deutschland-zusammenarbeit-mit-der-roche-mannheim-und-penzberg-verkuendet\/\",\"url\":\"https:\/\/urban-connect.com\/de\/news\/urban-connect-geht-nach-deutschland-zusammenarbeit-mit-der-roche-mannheim-und-penzberg-verkuendet\/\",\"name\":\"Urban Connect geht nach Deutschland: Zusammenarbeit mit der \u200b\u200bRoche Mannheim und Penzberg verk\u00fcndet - Urban Connect\",\"isPartOf\":{\"@id\":\"https:\/\/urban-connect.com\/de\/#website\"},\"primaryImageOfPage\":{\"@id\":\"https:\/\/urban-connect.com\/de\/news\/urban-connect-geht-nach-deutschland-zusammenarbeit-mit-der-roche-mannheim-und-penzberg-verkuendet\/#primaryimage\"},\"image\":{\"@id\":\"https:\/\/urban-connect.com\/de\/news\/urban-connect-geht-nach-deutschland-zusammenarbeit-mit-der-roche-mannheim-und-penzberg-verkuendet\/#primaryimage\"},\"thumbnailUrl\":\"https:\/\/urban-connect.com\/wp-content\/uploads\/2024\/08\/Roche_Germany.jpg\",\"datePublished\":\"2024-08-22T09:58:47+00:00\",\"dateModified\":\"2024-08-22T12:54:24+00:00\",\"breadcrumb\":{\"@id\":\"https:\/\/urban-connect.com\/de\/news\/urban-connect-geht-nach-deutschland-zusammenarbeit-mit-der-roche-mannheim-und-penzberg-verkuendet\/#breadcrumb\"},\"inLanguage\":\"de\",\"potentialAction\":[{\"@type\":\"ReadAction\",\"target\":[\"https:\/\/urban-connect.com\/de\/news\/urban-connect-geht-nach-deutschland-zusammenarbeit-mit-der-roche-mannheim-und-penzberg-verkuendet\/\"]}]},{\"@type\":\"ImageObject\",\"inLanguage\":\"de\",\"@id\":\"https:\/\/urban-connect.com\/de\/news\/urban-connect-geht-nach-deutschland-zusammenarbeit-mit-der-roche-mannheim-und-penzberg-verkuendet\/#primaryimage\",\"url\":\"https:\/\/urban-connect.com\/wp-content\/uploads\/2024\/08\/Roche_Germany.jpg\",\"contentUrl\":\"https:\/\/urban-connect.com\/wp-content\/uploads\/2024\/08\/Roche_Germany.jpg\",\"width\":1438,\"height\":1248,\"caption\":\"Roche_Germany\"},{\"@type\":\"BreadcrumbList\",\"@id\":\"https:\/\/urban-connect.com\/de\/news\/urban-connect-geht-nach-deutschland-zusammenarbeit-mit-der-roche-mannheim-und-penzberg-verkuendet\/#breadcrumb\",\"itemListElement\":[{\"@type\":\"ListItem\",\"position\":1,\"name\":\"Home\",\"item\":\"https:\/\/urban-connect.com\/de\/\"},{\"@type\":\"ListItem\",\"position\":2,\"name\":\"Urban Connect geht nach Deutschland: Zusammenarbeit mit der \u200b\u200bRoche Mannheim und Penzberg verk\u00fcndet\"}]},{\"@type\":\"WebSite\",\"@id\":\"https:\/\/urban-connect.com\/de\/#website\",\"url\":\"https:\/\/urban-connect.com\/de\/\",\"name\":\"Urban Connect\",\"description\":\"\",\"potentialAction\":[{\"@type\":\"SearchAction\",\"target\":{\"@type\":\"EntryPoint\",\"urlTemplate\":\"https:\/\/urban-connect.com\/de\/?s={search_term_string}\"},\"query-input\":\"required name=search_term_string\"}],\"inLanguage\":\"de\"}]}<\/script>\n<!-- \/ Yoast SEO plugin. -->","yoast_head_json":{"title":"Urban Connect geht nach Deutschland: Zusammenarbeit mit der \u200b\u200bRoche Mannheim und Penzberg verk\u00fcndet - Urban Connect","robots":{"index":"index","follow":"follow","max-snippet":"max-snippet:-1","max-image-preview":"max-image-preview:large","max-video-preview":"max-video-preview:-1"},"canonical":"https:\/\/urban-connect.com\/de\/news\/urban-connect-geht-nach-deutschland-zusammenarbeit-mit-der-roche-mannheim-und-penzberg-verkuendet\/","og_locale":"de_DE","og_type":"article","og_title":"Urban Connect geht nach Deutschland: Zusammenarbeit mit der \u200b\u200bRoche Mannheim und Penzberg verk\u00fcndet - Urban Connect","og_description":"Z\u00fcrich, 22.08.2024: Urban Connect, der f\u00fchrende Anbieter f\u00fcr betriebliche Mobilit\u00e4tsl\u00f6sungen in der Schweiz, expandiert nach Deutschland und freut sich, die Zusammenarbeit mit\u200b\u200b Roche in Mannheim und in Penzberg bekannt zu geben. Ab sofort werden die innovativen Mobilit\u00e4tsl\u00f6sungen von Urban Connect in Deutschland verf\u00fcgbar sein, um Unternehmen bei der Umgestaltung ihrer Mobilit\u00e4tsstrategien zu unterst\u00fctzen.\u00a0 \u00dcber Urban [&hellip;]","og_url":"https:\/\/urban-connect.com\/de\/news\/urban-connect-geht-nach-deutschland-zusammenarbeit-mit-der-roche-mannheim-und-penzberg-verkuendet\/","og_site_name":"Urban Connect","article_modified_time":"2024-08-22T12:54:24+00:00","og_image":[{"width":1438,"height":1248,"url":"https:\/\/urban-connect.com\/wp-content\/uploads\/2024\/08\/Roche_Collab_News-1.jpg","type":"image\/jpeg"}],"twitter_card":"summary_large_image","twitter_misc":{"Gesch\u00e4tzte Lesezeit":"2\u00a0Minuten"},"schema":{"@context":"https:\/\/schema.org","@graph":[{"@type":"WebPage","@id":"https:\/\/urban-connect.com\/de\/news\/urban-connect-geht-nach-deutschland-zusammenarbeit-mit-der-roche-mannheim-und-penzberg-verkuendet\/","url":"https:\/\/urban-connect.com\/de\/news\/urban-connect-geht-nach-deutschland-zusammenarbeit-mit-der-roche-mannheim-und-penzberg-verkuendet\/","name":"Urban Connect geht nach Deutschland: Zusammenarbeit mit der \u200b\u200bRoche Mannheim und Penzberg verk\u00fcndet - Urban Connect","isPartOf":{"@id":"https:\/\/urban-connect.com\/de\/#website"},"primaryImageOfPage":{"@id":"https:\/\/urban-connect.com\/de\/news\/urban-connect-geht-nach-deutschland-zusammenarbeit-mit-der-roche-mannheim-und-penzberg-verkuendet\/#primaryimage"},"image":{"@id":"https:\/\/urban-connect.com\/de\/news\/urban-connect-geht-nach-deutschland-zusammenarbeit-mit-der-roche-mannheim-und-penzberg-verkuendet\/#primaryimage"},"thumbnailUrl":"https:\/\/urban-connect.com\/wp-content\/uploads\/2024\/08\/Roche_Germany.jpg","datePublished":"2024-08-22T09:58:47+00:00","dateModified":"2024-08-22T12:54:24+00:00","breadcrumb":{"@id":"https:\/\/urban-connect.com\/de\/news\/urban-connect-geht-nach-deutschland-zusammenarbeit-mit-der-roche-mannheim-und-penzberg-verkuendet\/#breadcrumb"},"inLanguage":"de","potentialAction":[{"@type":"ReadAction","target":["https:\/\/urban-connect.com\/de\/news\/urban-connect-geht-nach-deutschland-zusammenarbeit-mit-der-roche-mannheim-und-penzberg-verkuendet\/"]}]},{"@type":"ImageObject","inLanguage":"de","@id":"https:\/\/urban-connect.com\/de\/news\/urban-connect-geht-nach-deutschland-zusammenarbeit-mit-der-roche-mannheim-und-penzberg-verkuendet\/#primaryimage","url":"https:\/\/urban-connect.com\/wp-content\/uploads\/2024\/08\/Roche_Germany.jpg","contentUrl":"https:\/\/urban-connect.com\/wp-content\/uploads\/2024\/08\/Roche_Germany.jpg","width":1438,"height":1248,"caption":"Roche_Germany"},{"@type":"BreadcrumbList","@id":"https:\/\/urban-connect.com\/de\/news\/urban-connect-geht-nach-deutschland-zusammenarbeit-mit-der-roche-mannheim-und-penzberg-verkuendet\/#breadcrumb","itemListElement":[{"@type":"ListItem","position":1,"name":"Home","item":"https:\/\/urban-connect.com\/de\/"},{"@type":"ListItem","position":2,"name":"Urban Connect geht nach Deutschland: Zusammenarbeit mit der \u200b\u200bRoche Mannheim und Penzberg verk\u00fcndet"}]},{"@type":"WebSite","@id":"https:\/\/urban-connect.com\/de\/#website","url":"https:\/\/urban-connect.com\/de\/","name":"Urban Connect","description":"","potentialAction":[{"@type":"SearchAction","target":{"@type":"EntryPoint","urlTemplate":"https:\/\/urban-connect.com\/de\/?s={search_term_string}"},"query-input":"required name=search_term_string"}],"inLanguage":"de"}]}},"_links":{"self":[{"href":"https:\/\/urban-connect.com\/de\/wp-json\/wp\/v2\/news\/6399","targetHints":{"allow":["GET"]}}],"collection":[{"href":"https:\/\/urban-connect.com\/de\/wp-json\/wp\/v2\/news"}],"about":[{"href":"https:\/\/urban-connect.com\/de\/wp-json\/wp\/v2\/types\/news"}],"wp:featuredmedia":[{"embeddable":true,"href":"https:\/\/urban-connect.com\/de\/wp-json\/wp\/v2\/media\/6412"}],"wp:attachment":[{"href":"https:\/\/urban-connect.com\/de\/wp-json\/wp\/v2\/media?parent=6399"}],"wp:term":[{"taxonomy":"news_category","embeddable":true,"href":"https:\/\/urban-connect.com\/de\/wp-json\/wp\/v2\/news_category?post=6399"}],"curies":[{"name":"wp","href":"https:\/\/api.w.org\/{rel}","templated":true}]}}