{"id":6208,"date":"2024-07-26T08:46:27","date_gmt":"2024-07-26T08:46:27","guid":{"rendered":"https:\/\/urban-connect.com\/?post_type=news&#038;p=6208"},"modified":"2024-07-26T09:19:10","modified_gmt":"2024-07-26T09:19:10","slug":"fallstudie-spotlight-die-pendlerrevolution-bei-hilti","status":"publish","type":"news","link":"https:\/\/urban-connect.com\/de\/news\/fallstudie-spotlight-die-pendlerrevolution-bei-hilti\/","title":{"rendered":"Fallstudie Spotlight: Die Pendlerrevolution bei Hilti"},"content":{"rendered":"\n<figure class=\"wp-block-image size-large\"><img loading=\"lazy\" decoding=\"async\" width=\"1024\" height=\"476\" data-src=\"https:\/\/urban-connect.com\/wp-content\/uploads\/2024\/07\/Point_1_DE-1024x476.png\" alt=\"\" class=\"wp-image-6209 lazyload\" data-srcset=\"https:\/\/urban-connect.com\/wp-content\/uploads\/2024\/07\/Point_1_DE-1024x476.png 1024w, https:\/\/urban-connect.com\/wp-content\/uploads\/2024\/07\/Point_1_DE-300x139.png 300w, https:\/\/urban-connect.com\/wp-content\/uploads\/2024\/07\/Point_1_DE-768x357.png 768w, https:\/\/urban-connect.com\/wp-content\/uploads\/2024\/07\/Point_1_DE-1536x714.png 1536w, https:\/\/urban-connect.com\/wp-content\/uploads\/2024\/07\/Point_1_DE.png 1920w\" data-sizes=\"auto, (max-width: 1024px) 100vw, 1024px\" src=\"data:image\/gif;base64,R0lGODlhAQABAAAAACH5BAEKAAEALAAAAAABAAEAAAICTAEAOw==\" style=\"--smush-placeholder-width: 1024px; --smush-placeholder-aspect-ratio: 1024\/476;\" \/><noscript><img loading=\"lazy\" decoding=\"async\" width=\"1024\" height=\"476\" src=\"https:\/\/urban-connect.com\/wp-content\/uploads\/2024\/07\/Point_1_DE-1024x476.png\" alt=\"\" class=\"wp-image-6209\" srcset=\"https:\/\/urban-connect.com\/wp-content\/uploads\/2024\/07\/Point_1_DE-1024x476.png 1024w, https:\/\/urban-connect.com\/wp-content\/uploads\/2024\/07\/Point_1_DE-300x139.png 300w, https:\/\/urban-connect.com\/wp-content\/uploads\/2024\/07\/Point_1_DE-768x357.png 768w, https:\/\/urban-connect.com\/wp-content\/uploads\/2024\/07\/Point_1_DE-1536x714.png 1536w, https:\/\/urban-connect.com\/wp-content\/uploads\/2024\/07\/Point_1_DE.png 1920w\" sizes=\"auto, (max-width: 1024px) 100vw, 1024px\" \/><\/noscript><\/figure>\n\n\n\n<p>Hilti, 1941 in Liechtenstein gegr\u00fcndet, ist ein weltweit f\u00fchrendes Unternehmen der Werkzeugherstellung. Das Unternehmen entwickelt, produziert und vertreibt Produkte f\u00fcr die Bereiche Bau, Geb\u00e4udeinstandhaltung, Energie und Fertigung. Bekannt f\u00fcr Innovation und ein Direktvertriebsmodell, investiert Hilti stark in Forschung und Entwicklung und pflegt enge Kundenbeziehungen durch Beratung vor Ort. Mit rund 34.000 Mitarbeitenden in \u00fcber 120 L\u00e4ndern ist Hilti ein Familienunternehmen, das sich f\u00fcr die F\u00f6rderung von Produktivit\u00e4t, Sicherheit und Nachhaltigkeit in der Bauindustrie einsetzt.<\/p>\n\n\n\n<figure class=\"wp-block-image size-large\"><img loading=\"lazy\" decoding=\"async\" width=\"1024\" height=\"503\" data-src=\"https:\/\/urban-connect.com\/wp-content\/uploads\/2024\/07\/Point_2_DE-1024x503.png\" alt=\"\" class=\"wp-image-6217 lazyload\" data-srcset=\"https:\/\/urban-connect.com\/wp-content\/uploads\/2024\/07\/Point_2_DE-1024x503.png 1024w, https:\/\/urban-connect.com\/wp-content\/uploads\/2024\/07\/Point_2_DE-300x148.png 300w, https:\/\/urban-connect.com\/wp-content\/uploads\/2024\/07\/Point_2_DE-768x378.png 768w, https:\/\/urban-connect.com\/wp-content\/uploads\/2024\/07\/Point_2_DE-1536x755.png 1536w, https:\/\/urban-connect.com\/wp-content\/uploads\/2024\/07\/Point_2_DE.png 1920w\" data-sizes=\"auto, (max-width: 1024px) 100vw, 1024px\" src=\"data:image\/gif;base64,R0lGODlhAQABAAAAACH5BAEKAAEALAAAAAABAAEAAAICTAEAOw==\" style=\"--smush-placeholder-width: 1024px; --smush-placeholder-aspect-ratio: 1024\/503;\" \/><noscript><img loading=\"lazy\" decoding=\"async\" width=\"1024\" height=\"503\" src=\"https:\/\/urban-connect.com\/wp-content\/uploads\/2024\/07\/Point_2_DE-1024x503.png\" alt=\"\" class=\"wp-image-6217\" srcset=\"https:\/\/urban-connect.com\/wp-content\/uploads\/2024\/07\/Point_2_DE-1024x503.png 1024w, https:\/\/urban-connect.com\/wp-content\/uploads\/2024\/07\/Point_2_DE-300x148.png 300w, https:\/\/urban-connect.com\/wp-content\/uploads\/2024\/07\/Point_2_DE-768x378.png 768w, https:\/\/urban-connect.com\/wp-content\/uploads\/2024\/07\/Point_2_DE-1536x755.png 1536w, https:\/\/urban-connect.com\/wp-content\/uploads\/2024\/07\/Point_2_DE.png 1920w\" sizes=\"auto, (max-width: 1024px) 100vw, 1024px\" \/><\/noscript><\/figure>\n\n\n\n<p>Hilti sah sich in seiner Gesch\u00e4ftst\u00e4tigkeit mit mehreren Herausforderungen konfrontiert. Das erste grosse Problem bestand darin, Top-Talente f\u00fcr Hilti zu gewinnen, da der Arbeitsweg sehr beschwerlich war. F\u00fcr Unternehmen wie Hilti in Liechtenstein ist eine internationale Belegschaft unerl\u00e4sslich. Aufgrund von Wohnsitzbeschr\u00e4nkungen k\u00f6nnen viele internationale Mitarbeitende jedoch nicht im Land leben und m\u00fcssen aus den Nachbarl\u00e4ndern pendeln. Die begrenzte Verkehrsinfrastruktur in Kombination mit dem hohen Pendleraufkommen f\u00fchrt zu erheblichen Staus und Zeitverlusten sowohl f\u00fcr Auto- als auch f\u00fcr Buspendler. Zweitens hat Hilti mehrere Geb\u00e4ude im ganzen Land. Diese Standorte liegen einige Kilometer voneinander entfernt, was es schwierig macht, sich zwischen den Standorten zu bewegen. Drittens hatte sich Hilti das ehrgeizige Ziel gesetzt, bis 2023 CO2-neutral zu werden, was die logistischen und \u00f6kologischen \u00dcberlegungen noch komplexer machte. Um diese Herausforderungen zu bew\u00e4ltigen, begann Hilti 2019 die Zusammenarbeit mit der multimodalen Mobilit\u00e4tsplattform Urban Connect.<\/p>\n\n\n\n<figure class=\"wp-block-image size-large\"><img loading=\"lazy\" decoding=\"async\" width=\"1024\" height=\"451\" data-src=\"https:\/\/urban-connect.com\/wp-content\/uploads\/2024\/07\/Point_3_DE-1024x451.png\" alt=\"\" class=\"wp-image-6213 lazyload\" data-srcset=\"https:\/\/urban-connect.com\/wp-content\/uploads\/2024\/07\/Point_3_DE-1024x451.png 1024w, https:\/\/urban-connect.com\/wp-content\/uploads\/2024\/07\/Point_3_DE-300x132.png 300w, https:\/\/urban-connect.com\/wp-content\/uploads\/2024\/07\/Point_3_DE-768x338.png 768w, https:\/\/urban-connect.com\/wp-content\/uploads\/2024\/07\/Point_3_DE-1536x677.png 1536w, https:\/\/urban-connect.com\/wp-content\/uploads\/2024\/07\/Point_3_DE.png 1920w\" data-sizes=\"auto, (max-width: 1024px) 100vw, 1024px\" src=\"data:image\/gif;base64,R0lGODlhAQABAAAAACH5BAEKAAEALAAAAAABAAEAAAICTAEAOw==\" style=\"--smush-placeholder-width: 1024px; --smush-placeholder-aspect-ratio: 1024\/451;\" \/><noscript><img loading=\"lazy\" decoding=\"async\" width=\"1024\" height=\"451\" src=\"https:\/\/urban-connect.com\/wp-content\/uploads\/2024\/07\/Point_3_DE-1024x451.png\" alt=\"\" class=\"wp-image-6213\" srcset=\"https:\/\/urban-connect.com\/wp-content\/uploads\/2024\/07\/Point_3_DE-1024x451.png 1024w, https:\/\/urban-connect.com\/wp-content\/uploads\/2024\/07\/Point_3_DE-300x132.png 300w, https:\/\/urban-connect.com\/wp-content\/uploads\/2024\/07\/Point_3_DE-768x338.png 768w, https:\/\/urban-connect.com\/wp-content\/uploads\/2024\/07\/Point_3_DE-1536x677.png 1536w, https:\/\/urban-connect.com\/wp-content\/uploads\/2024\/07\/Point_3_DE.png 1920w\" sizes=\"auto, (max-width: 1024px) 100vw, 1024px\" \/><\/noscript><\/figure>\n\n\n\n<p>Hilti implementierte mit Urban Connect eine umfassende Mobilit\u00e4tsl\u00f6sung, um die Herausforderungen des Pendlerverkehrs und der Nachhaltigkeit zu bew\u00e4ltigen. Urspr\u00fcnglich wurden 20 geteilte E-Bikes (jetzt 40) eingef\u00fchrt, welche mit einer umfassenden Servicel\u00f6sung gekommen sind, einschliesslich Buchungssoftware, Wartungsdienstleistungen, Versicherung und einer 24\/7-Helpline f\u00fcr den Kundensupport. Diese Initiative bietet nicht nur ein bequemes Transportmittel f\u00fcr die Mitarbeitenden, sondern sorgt auch daf\u00fcr, dass die E-Bikes gut gewartet und jederzeit zug\u00e4nglich sind.<\/p>\n\n\n\n<p>Urban Connect richtete f\u00fcr jedes E-Bike eine Ladestation ein, welche auf drei verschiedene Hilti-Standorte verteilt sind. Diese strategische Platzierung stellt sicher, dass die Mitarbeitenden die E-Bikes leicht finden und aufladen k\u00f6nnen, was ihre Nutzung und ihren Komfort f\u00f6rdert.<\/p>\n\n\n\n<p>Um den Nutzen dieser Initiative zu maximieren, organisierte Urban Connect eine Einf\u00fchrungsveranstaltung, um das Engagement und das Bewusstsein der Hilti-Mitarbeitenden f\u00fcr die Nutzung zu erh\u00f6hen. Diese Veranstaltung sollte die Mitarbeitenden mit dem neuen E-Bike-System vertraut machen und sie dazu ermutigen, diese umweltfreundliche Transportm\u00f6glichkeit in ihren Arbeitsalltag einzubinden.<\/p>\n\n\n\n<figure class=\"wp-block-image size-large\"><img loading=\"lazy\" decoding=\"async\" width=\"1024\" height=\"540\" data-src=\"https:\/\/urban-connect.com\/wp-content\/uploads\/2024\/07\/Point_4_DE-1024x540.png\" alt=\"\" class=\"wp-image-6225 lazyload\" data-srcset=\"https:\/\/urban-connect.com\/wp-content\/uploads\/2024\/07\/Point_4_DE-1024x540.png 1024w, https:\/\/urban-connect.com\/wp-content\/uploads\/2024\/07\/Point_4_DE-300x158.png 300w, https:\/\/urban-connect.com\/wp-content\/uploads\/2024\/07\/Point_4_DE-768x405.png 768w, https:\/\/urban-connect.com\/wp-content\/uploads\/2024\/07\/Point_4_DE-1536x810.png 1536w, https:\/\/urban-connect.com\/wp-content\/uploads\/2024\/07\/Point_4_DE.png 1920w\" data-sizes=\"auto, (max-width: 1024px) 100vw, 1024px\" src=\"data:image\/gif;base64,R0lGODlhAQABAAAAACH5BAEKAAEALAAAAAABAAEAAAICTAEAOw==\" style=\"--smush-placeholder-width: 1024px; --smush-placeholder-aspect-ratio: 1024\/540;\" \/><noscript><img loading=\"lazy\" decoding=\"async\" width=\"1024\" height=\"540\" src=\"https:\/\/urban-connect.com\/wp-content\/uploads\/2024\/07\/Point_4_DE-1024x540.png\" alt=\"\" class=\"wp-image-6225\" srcset=\"https:\/\/urban-connect.com\/wp-content\/uploads\/2024\/07\/Point_4_DE-1024x540.png 1024w, https:\/\/urban-connect.com\/wp-content\/uploads\/2024\/07\/Point_4_DE-300x158.png 300w, https:\/\/urban-connect.com\/wp-content\/uploads\/2024\/07\/Point_4_DE-768x405.png 768w, https:\/\/urban-connect.com\/wp-content\/uploads\/2024\/07\/Point_4_DE-1536x810.png 1536w, https:\/\/urban-connect.com\/wp-content\/uploads\/2024\/07\/Point_4_DE.png 1920w\" sizes=\"auto, (max-width: 1024px) 100vw, 1024px\" \/><\/noscript><\/figure>\n\n\n\n<p>n den letzten f\u00fcnf Jahren wurden insgesamt 18&#8217;000 Buchungen get\u00e4tigt, was eine beeindruckende Auslastung von 83.4% pro E-Bike ergibt. Mit insgesamt 2&#8217;061 registrierten Nutzern nutzen 94% der Hilti-Mitarbeitenden den Service. Eine k\u00fcrzlich durchgef\u00fchrte Umfrage im Unternehmen ergab verschiedene Erkenntnisse \u00fcber die Pendlergewohnheiten der Mitarbeitenden und die Urban Connect-Dienste. 94% der Mitarbeitenden gaben an, dass sie den E-Bike-Sharing-Dienst m\u00f6gen und 82% w\u00fcrden ihn ihren Freunden empfehlen. Bemerkenswert ist, dass 63% der Befragten den Dienst mehrmals pro Monat bis mehrmals pro Woche nutzen. Da er auch weniger als t\u00e4glich in Anspruch genommen wird, k\u00f6nnen die E-Bikes effizient und h\u00e4ufig zwischen einzelnen Nutzern geteilt werden. Die H\u00e4lfte der Kilometer, die derzeit von der E-Bike-Flotte zur\u00fcckgelegt werden, wurden zuvor mit Autos und Bussen zur\u00fcckgelegt, was eine signifikante Verschiebung hin zu zeit- und emissionseffizienteren Pendleroptionen verdeutlicht.<\/p>\n\n\n\n<p>Urspr\u00fcnglich lagerte Hilti die E-Bikes w\u00e4hrend des Winters ein, in der Annahme, dass sie nicht genutzt werden w\u00fcrden. Ab dem Jahr 2022 wurden die E-Bikes jedoch ganzj\u00e4hrig zur Verf\u00fcgung gestellt und von 20 auf 30 E-bikes erh\u00f6ht, was zu bis zu 156 Buchungen im Februar 2023 f\u00fchrte. Als Reaktion auf die weiterhin hohe Nachfrage nach E-Bikes, die zu einer st\u00e4ndigen Verknappung gef\u00fchrt hat, hat Hilti ihre Flotte im Januar 2024 erneut von 30 auf 40 E-Bikes aufgestockt. Diese Aufstockung zeigt, dass der Service bei den Mitarbeitenden sehr gut ankommt. Im vergangenen Winter gab es bis zu 225 Buchungen im Februar 2024. Dies zeigt die grosse Bereitschaft der Mitarbeitenden, den Service trotz des kalten Wetters zu nutzen.<\/p>\n\n\n\n<p>Durch diese Bem\u00fchungen hat Hilti nicht nur das Pendlererlebnis der Mitarbeitenden verbessert und ihre Zufriedenheit erh\u00f6ht, sondern auch das Ziel erreicht, bis 2023 CO2-neutral zu werden.<\/p>\n\n\n\n<p>Change Mobility &#8211; Change the World<\/p>\n\n\n        <section class=\"author-block\">\n            <div class=\"container\">\n                <div class=\"left-side\">\n                    <h6 class=\"name\">Ana Gomez Ortiz<\/h6>\n                    <span class=\"position\">Marketing and Communications<\/span>\n                <\/div>\n                <div class=\"right-side\">\n                                            <img decoding=\"async\" \n                        class=\"image lazyload\" data-src=\"https:\/\/urban-connect.com\/wp-content\/uploads\/2024\/07\/1712246840024.jpeg\"\n                        data-srcset=\"https:\/\/urban-connect.com\/wp-content\/uploads\/2024\/07\/1712246840024.jpeg 800w, https:\/\/urban-connect.com\/wp-content\/uploads\/2024\/07\/1712246840024-300x300.jpeg 300w, https:\/\/urban-connect.com\/wp-content\/uploads\/2024\/07\/1712246840024-150x150.jpeg 150w, https:\/\/urban-connect.com\/wp-content\/uploads\/2024\/07\/1712246840024-768x768.jpeg 768w\"\n                        data-sizes=\"(max-width: 800px) 100vw, 800px\"\n                        alt=\"Chart Image\"\n                         src=\"data:image\/gif;base64,R0lGODlhAQABAAAAACH5BAEKAAEALAAAAAABAAEAAAICTAEAOw==\" style=\"--smush-placeholder-width: 800px; --smush-placeholder-aspect-ratio: 800\/800;\"><noscript><img decoding=\"async\" \n                        class=\"image\" src=\"https:\/\/urban-connect.com\/wp-content\/uploads\/2024\/07\/1712246840024.jpeg\"\n                        srcset=\"https:\/\/urban-connect.com\/wp-content\/uploads\/2024\/07\/1712246840024.jpeg 800w, https:\/\/urban-connect.com\/wp-content\/uploads\/2024\/07\/1712246840024-300x300.jpeg 300w, https:\/\/urban-connect.com\/wp-content\/uploads\/2024\/07\/1712246840024-150x150.jpeg 150w, https:\/\/urban-connect.com\/wp-content\/uploads\/2024\/07\/1712246840024-768x768.jpeg 768w\"\n                        sizes=\"(max-width: 800px) 100vw, 800px\"\n                        alt=\"Chart Image\"\n                        ><\/noscript>\n                                        <\/div>\n            <\/div>\n        <\/section>\n        \n\n    <section class=\"related-posts\">\n        <div class=\"container\">\n            <h4 class=\"block-title\"><\/h4>\n        <\/div>\n        <div class=\"container posts-wrap\">\n            <div class=\"swiper swiper-related-posts\">\n                <div class=\"swiper-wrapper\">\n                                            <div class=\"swiper-slide\">\n                            <div class=\"card-horizontal\">\n    <div class=\"left-side\">\n                    <a href=\"https:\/\/urban-connect.com\/de\/news\/wheels-wine-2026-eine-wegweisende-ausgabe-die-die-zukunft-der-unternehmensmobilitaet-gestaltet\/\">\n                <img decoding=\"async\" \n                    class=\"image lazyload\" data-src=\"https:\/\/urban-connect.com\/wp-content\/uploads\/2026\/03\/F06A4076-768x512.jpg\"\n                    data-srcset=\"https:\/\/urban-connect.com\/wp-content\/uploads\/2026\/03\/F06A4076-768x512.jpg 768w, https:\/\/urban-connect.com\/wp-content\/uploads\/2026\/03\/F06A4076-300x200.jpg 300w, https:\/\/urban-connect.com\/wp-content\/uploads\/2026\/03\/F06A4076-1024x683.jpg 1024w, https:\/\/urban-connect.com\/wp-content\/uploads\/2026\/03\/F06A4076-1536x1024.jpg 1536w, https:\/\/urban-connect.com\/wp-content\/uploads\/2026\/03\/F06A4076-2048x1365.jpg 2048w, https:\/\/urban-connect.com\/wp-content\/uploads\/2026\/03\/F06A4076-1620x1080.jpg 1620w\"\n                    data-sizes=\"(max-width: 768px) 100vw, 768px\"\n                    alt=\"Wheels &amp; Wine 2026 \u2013 Eine wegweisende Ausgabe, die die Zukunft der Unternehmensmobilit\u00e4t gestaltet\"\n                 src=\"data:image\/gif;base64,R0lGODlhAQABAAAAACH5BAEKAAEALAAAAAABAAEAAAICTAEAOw==\" style=\"--smush-placeholder-width: 768px; --smush-placeholder-aspect-ratio: 768\/512;\"><noscript><img decoding=\"async\" \n                    class=\"image\" src=\"https:\/\/urban-connect.com\/wp-content\/uploads\/2026\/03\/F06A4076-768x512.jpg\"\n                    srcset=\"https:\/\/urban-connect.com\/wp-content\/uploads\/2026\/03\/F06A4076-768x512.jpg 768w, https:\/\/urban-connect.com\/wp-content\/uploads\/2026\/03\/F06A4076-300x200.jpg 300w, https:\/\/urban-connect.com\/wp-content\/uploads\/2026\/03\/F06A4076-1024x683.jpg 1024w, https:\/\/urban-connect.com\/wp-content\/uploads\/2026\/03\/F06A4076-1536x1024.jpg 1536w, https:\/\/urban-connect.com\/wp-content\/uploads\/2026\/03\/F06A4076-2048x1365.jpg 2048w, https:\/\/urban-connect.com\/wp-content\/uploads\/2026\/03\/F06A4076-1620x1080.jpg 1620w\"\n                    sizes=\"(max-width: 768px) 100vw, 768px\"\n                    alt=\"Wheels &amp; Wine 2026 \u2013 Eine wegweisende Ausgabe, die die Zukunft der Unternehmensmobilit\u00e4t gestaltet\"\n                ><\/noscript>\n            <\/a>\n                <\/div>\n    <div class=\"right-side\">\n                    <a href=\"https:\/\/urban-connect.com\/de\/news\/wheels-wine-2026-eine-wegweisende-ausgabe-die-die-zukunft-der-unternehmensmobilitaet-gestaltet\/\">\n                <h6 class=\"title\">Wheels &amp; Wine 2026 \u2013 Eine wegweisende Ausgabe, die die Zukunft der Unternehmensmobilit\u00e4t gestaltet<\/h6>\n            <\/a>\n                        <span class=\"date\">M\u00e4rz 24, 2026 <\/span>\n            \n\t        <\/div>\n<\/div>                        <\/div>\n                                                <div class=\"swiper-slide\">\n                            <div class=\"card-horizontal\">\n    <div class=\"left-side\">\n                    <a href=\"https:\/\/urban-connect.com\/de\/news\/was-passiert-wenn-das-laden-von-elektroautos-endlich-funktioniert-wie-urban-connect-und-zaptec-eine-bessere-ladeinfrastruktur-fuer-elektroautos-geschaffen-haben\/\">\n                <img decoding=\"async\" \n                    class=\"image lazyload\" data-src=\"https:\/\/urban-connect.com\/wp-content\/uploads\/2026\/03\/Zaptec-cover-3-1-768x453.png\"\n                    data-srcset=\"https:\/\/urban-connect.com\/wp-content\/uploads\/2026\/03\/Zaptec-cover-3-1-768x453.png 768w, https:\/\/urban-connect.com\/wp-content\/uploads\/2026\/03\/Zaptec-cover-3-1-300x177.png 300w, https:\/\/urban-connect.com\/wp-content\/uploads\/2026\/03\/Zaptec-cover-3-1-1024x604.png 1024w, https:\/\/urban-connect.com\/wp-content\/uploads\/2026\/03\/Zaptec-cover-3-1-1536x906.png 1536w, https:\/\/urban-connect.com\/wp-content\/uploads\/2026\/03\/Zaptec-cover-3-1-2048x1208.png 2048w, https:\/\/urban-connect.com\/wp-content\/uploads\/2026\/03\/Zaptec-cover-3-1-1831x1080.png 1831w\"\n                    data-sizes=\"(max-width: 768px) 100vw, 768px\"\n                    alt=\"Was passiert, wenn das Laden von Elektroautos endlich funktioniert?\"\n                 src=\"data:image\/gif;base64,R0lGODlhAQABAAAAACH5BAEKAAEALAAAAAABAAEAAAICTAEAOw==\" style=\"--smush-placeholder-width: 768px; --smush-placeholder-aspect-ratio: 768\/453;\"><noscript><img decoding=\"async\" \n                    class=\"image\" src=\"https:\/\/urban-connect.com\/wp-content\/uploads\/2026\/03\/Zaptec-cover-3-1-768x453.png\"\n                    srcset=\"https:\/\/urban-connect.com\/wp-content\/uploads\/2026\/03\/Zaptec-cover-3-1-768x453.png 768w, https:\/\/urban-connect.com\/wp-content\/uploads\/2026\/03\/Zaptec-cover-3-1-300x177.png 300w, https:\/\/urban-connect.com\/wp-content\/uploads\/2026\/03\/Zaptec-cover-3-1-1024x604.png 1024w, https:\/\/urban-connect.com\/wp-content\/uploads\/2026\/03\/Zaptec-cover-3-1-1536x906.png 1536w, https:\/\/urban-connect.com\/wp-content\/uploads\/2026\/03\/Zaptec-cover-3-1-2048x1208.png 2048w, https:\/\/urban-connect.com\/wp-content\/uploads\/2026\/03\/Zaptec-cover-3-1-1831x1080.png 1831w\"\n                    sizes=\"(max-width: 768px) 100vw, 768px\"\n                    alt=\"Was passiert, wenn das Laden von Elektroautos endlich funktioniert?\"\n                ><\/noscript>\n            <\/a>\n                <\/div>\n    <div class=\"right-side\">\n                    <a href=\"https:\/\/urban-connect.com\/de\/news\/was-passiert-wenn-das-laden-von-elektroautos-endlich-funktioniert-wie-urban-connect-und-zaptec-eine-bessere-ladeinfrastruktur-fuer-elektroautos-geschaffen-haben\/\">\n                <h6 class=\"title\">Was passiert, wenn das Laden von Elektroautos endlich funktioniert?<\/h6>\n            <\/a>\n                        <span class=\"date\">M\u00e4rz 17, 2026 <\/span>\n            \n\t        <\/div>\n<\/div>                        <\/div>\n                                                <div class=\"swiper-slide\">\n                            <div class=\"card-horizontal\">\n    <div class=\"left-side\">\n                    <a href=\"https:\/\/urban-connect.com\/de\/news\/fallstudie-im-blickpunkt-lonza-visps-partnerschaft-fuer-nachhaltige-mobilitaet-mit-urban-connect\/\">\n                <img decoding=\"async\" \n                    class=\"image lazyload\" data-src=\"https:\/\/urban-connect.com\/wp-content\/uploads\/2026\/02\/HELSANA-x-UC-banner-768x511.png\"\n                    data-srcset=\"https:\/\/urban-connect.com\/wp-content\/uploads\/2026\/02\/HELSANA-x-UC-banner-768x511.png 768w, https:\/\/urban-connect.com\/wp-content\/uploads\/2026\/02\/HELSANA-x-UC-banner-300x199.png 300w, https:\/\/urban-connect.com\/wp-content\/uploads\/2026\/02\/HELSANA-x-UC-banner-1024x681.png 1024w, https:\/\/urban-connect.com\/wp-content\/uploads\/2026\/02\/HELSANA-x-UC-banner-1536x1021.png 1536w, https:\/\/urban-connect.com\/wp-content\/uploads\/2026\/02\/HELSANA-x-UC-banner.png 1590w\"\n                    data-sizes=\"(max-width: 768px) 100vw, 768px\"\n                    alt=\"Fallstudie im Blickpunkt: Helsana erm\u00f6glicht \u00fcber 3'400 Mitarbeitenden ein Urban Connect Mobility Budget \u2013 dank SCIM ganz reibungslos.\"\n                 src=\"data:image\/gif;base64,R0lGODlhAQABAAAAACH5BAEKAAEALAAAAAABAAEAAAICTAEAOw==\" style=\"--smush-placeholder-width: 768px; --smush-placeholder-aspect-ratio: 768\/511;\"><noscript><img decoding=\"async\" \n                    class=\"image\" src=\"https:\/\/urban-connect.com\/wp-content\/uploads\/2026\/02\/HELSANA-x-UC-banner-768x511.png\"\n                    srcset=\"https:\/\/urban-connect.com\/wp-content\/uploads\/2026\/02\/HELSANA-x-UC-banner-768x511.png 768w, https:\/\/urban-connect.com\/wp-content\/uploads\/2026\/02\/HELSANA-x-UC-banner-300x199.png 300w, https:\/\/urban-connect.com\/wp-content\/uploads\/2026\/02\/HELSANA-x-UC-banner-1024x681.png 1024w, https:\/\/urban-connect.com\/wp-content\/uploads\/2026\/02\/HELSANA-x-UC-banner-1536x1021.png 1536w, https:\/\/urban-connect.com\/wp-content\/uploads\/2026\/02\/HELSANA-x-UC-banner.png 1590w\"\n                    sizes=\"(max-width: 768px) 100vw, 768px\"\n                    alt=\"Fallstudie im Blickpunkt: Helsana erm\u00f6glicht \u00fcber 3'400 Mitarbeitenden ein Urban Connect Mobility Budget \u2013 dank SCIM ganz reibungslos.\"\n                ><\/noscript>\n            <\/a>\n                <\/div>\n    <div class=\"right-side\">\n                    <a href=\"https:\/\/urban-connect.com\/de\/news\/fallstudie-im-blickpunkt-lonza-visps-partnerschaft-fuer-nachhaltige-mobilitaet-mit-urban-connect\/\">\n                <h6 class=\"title\">Fallstudie im Blickpunkt: Helsana erm\u00f6glicht \u00fcber 3&#8217;400 Mitarbeitenden ein Urban Connect Mobility Budget \u2013 dank SCIM ganz reibungslos.<\/h6>\n            <\/a>\n                        <span class=\"date\">Februar 05, 2026 <\/span>\n            \n\t        <\/div>\n<\/div>                        <\/div>\n                                        <\/div>\n                <div class=\"btn-slider \">\n    <div class=\"prev\">\n        <svg width=\"22\" height=\"12\" viewBox=\"0 0 22 12\" fill=\"none\" xmlns=\"http:\/\/www.w3.org\/2000\/svg\">\n            <path d=\"M5.094 4.476L7.74 1.83L6.03 0.102L0.432 5.7L6.03 11.298L7.74 9.57L5.076 6.906H21.42V4.476H5.094Z\" fill=\"white\"\/>\n        <\/svg>\n    <\/div>\n    <div class=\"next\">\n        <svg width=\"22\" height=\"12\" viewBox=\"0 0 22 12\" fill=\"none\" xmlns=\"http:\/\/www.w3.org\/2000\/svg\">\n            <path d=\"M14.292 1.83L16.938 4.476H0.612V6.906H16.956L14.292 9.57L16.002 11.298L21.6 5.7L16.002 0.102L14.292 1.83Z\" fill=\"white\"\/>\n        <\/svg>\n    <\/div>\n<\/div>            <\/div>\n        <\/div>\n    <\/section>\n    ","protected":false},"excerpt":{"rendered":"<p>Hilti, 1941 in Liechtenstein gegr\u00fcndet, ist ein weltweit f\u00fchrendes Unternehmen der Werkzeugherstellung. Das Unternehmen entwickelt, produziert und vertreibt Produkte f\u00fcr die Bereiche Bau, Geb\u00e4udeinstandhaltung, Energie und Fertigung. Bekannt f\u00fcr Innovation und ein Direktvertriebsmodell, investiert Hilti stark in Forschung und Entwicklung und pflegt enge Kundenbeziehungen durch Beratung vor Ort. Mit rund 34.000 Mitarbeitenden in \u00fcber 120 [&hellip;]<\/p>\n","protected":false},"featured_media":6221,"parent":0,"template":"","news_category":[44],"class_list":["post-6208","news","type-news","status-publish","has-post-thumbnail","hentry","news_category-case-studies-de"],"acf":[],"yoast_head":"<!-- This site is optimized with the Yoast SEO plugin v23.2 - https:\/\/yoast.com\/wordpress\/plugins\/seo\/ -->\n<title>Fallstudie Spotlight: Die Pendlerrevolution bei Hilti - Urban Connect<\/title>\n<meta name=\"robots\" content=\"index, follow, max-snippet:-1, max-image-preview:large, max-video-preview:-1\" \/>\n<link rel=\"canonical\" href=\"https:\/\/urban-connect.com\/de\/news\/fallstudie-spotlight-die-pendlerrevolution-bei-hilti\/\" \/>\n<meta property=\"og:locale\" content=\"de_DE\" \/>\n<meta property=\"og:type\" content=\"article\" \/>\n<meta property=\"og:title\" content=\"Fallstudie Spotlight: Die Pendlerrevolution bei Hilti - Urban Connect\" \/>\n<meta property=\"og:description\" content=\"Hilti, 1941 in Liechtenstein gegr\u00fcndet, ist ein weltweit f\u00fchrendes Unternehmen der Werkzeugherstellung. Das Unternehmen entwickelt, produziert und vertreibt Produkte f\u00fcr die Bereiche Bau, Geb\u00e4udeinstandhaltung, Energie und Fertigung. Bekannt f\u00fcr Innovation und ein Direktvertriebsmodell, investiert Hilti stark in Forschung und Entwicklung und pflegt enge Kundenbeziehungen durch Beratung vor Ort. Mit rund 34.000 Mitarbeitenden in \u00fcber 120 [&hellip;]\" \/>\n<meta property=\"og:url\" content=\"https:\/\/urban-connect.com\/de\/news\/fallstudie-spotlight-die-pendlerrevolution-bei-hilti\/\" \/>\n<meta property=\"og:site_name\" content=\"Urban Connect\" \/>\n<meta property=\"article:modified_time\" content=\"2024-07-26T09:19:10+00:00\" \/>\n<meta property=\"og:image\" content=\"https:\/\/urban-connect.com\/wp-content\/uploads\/2024\/07\/Hilti_LinkedIn-copy.jpeg\" \/>\n\t<meta property=\"og:image:width\" content=\"2048\" \/>\n\t<meta property=\"og:image:height\" content=\"1536\" \/>\n\t<meta property=\"og:image:type\" content=\"image\/jpeg\" \/>\n<meta name=\"twitter:card\" content=\"summary_large_image\" \/>\n<meta name=\"twitter:label1\" content=\"Gesch\u00e4tzte Lesezeit\" \/>\n\t<meta name=\"twitter:data1\" content=\"4\u00a0Minuten\" \/>\n<script type=\"application\/ld+json\" class=\"yoast-schema-graph\">{\"@context\":\"https:\/\/schema.org\",\"@graph\":[{\"@type\":\"WebPage\",\"@id\":\"https:\/\/urban-connect.com\/de\/news\/fallstudie-spotlight-die-pendlerrevolution-bei-hilti\/\",\"url\":\"https:\/\/urban-connect.com\/de\/news\/fallstudie-spotlight-die-pendlerrevolution-bei-hilti\/\",\"name\":\"Fallstudie Spotlight: Die Pendlerrevolution bei Hilti - Urban Connect\",\"isPartOf\":{\"@id\":\"https:\/\/urban-connect.com\/de\/#website\"},\"primaryImageOfPage\":{\"@id\":\"https:\/\/urban-connect.com\/de\/news\/fallstudie-spotlight-die-pendlerrevolution-bei-hilti\/#primaryimage\"},\"image\":{\"@id\":\"https:\/\/urban-connect.com\/de\/news\/fallstudie-spotlight-die-pendlerrevolution-bei-hilti\/#primaryimage\"},\"thumbnailUrl\":\"https:\/\/urban-connect.com\/wp-content\/uploads\/2024\/07\/Hilti_LinkedIn-copy.jpeg\",\"datePublished\":\"2024-07-26T08:46:27+00:00\",\"dateModified\":\"2024-07-26T09:19:10+00:00\",\"breadcrumb\":{\"@id\":\"https:\/\/urban-connect.com\/de\/news\/fallstudie-spotlight-die-pendlerrevolution-bei-hilti\/#breadcrumb\"},\"inLanguage\":\"de\",\"potentialAction\":[{\"@type\":\"ReadAction\",\"target\":[\"https:\/\/urban-connect.com\/de\/news\/fallstudie-spotlight-die-pendlerrevolution-bei-hilti\/\"]}]},{\"@type\":\"ImageObject\",\"inLanguage\":\"de\",\"@id\":\"https:\/\/urban-connect.com\/de\/news\/fallstudie-spotlight-die-pendlerrevolution-bei-hilti\/#primaryimage\",\"url\":\"https:\/\/urban-connect.com\/wp-content\/uploads\/2024\/07\/Hilti_LinkedIn-copy.jpeg\",\"contentUrl\":\"https:\/\/urban-connect.com\/wp-content\/uploads\/2024\/07\/Hilti_LinkedIn-copy.jpeg\",\"width\":2048,\"height\":1536,\"caption\":\"Hliti Image\"},{\"@type\":\"BreadcrumbList\",\"@id\":\"https:\/\/urban-connect.com\/de\/news\/fallstudie-spotlight-die-pendlerrevolution-bei-hilti\/#breadcrumb\",\"itemListElement\":[{\"@type\":\"ListItem\",\"position\":1,\"name\":\"Home\",\"item\":\"https:\/\/urban-connect.com\/de\/\"},{\"@type\":\"ListItem\",\"position\":2,\"name\":\"Fallstudie Spotlight: Die Pendlerrevolution bei Hilti\"}]},{\"@type\":\"WebSite\",\"@id\":\"https:\/\/urban-connect.com\/de\/#website\",\"url\":\"https:\/\/urban-connect.com\/de\/\",\"name\":\"Urban Connect\",\"description\":\"\",\"potentialAction\":[{\"@type\":\"SearchAction\",\"target\":{\"@type\":\"EntryPoint\",\"urlTemplate\":\"https:\/\/urban-connect.com\/de\/?s={search_term_string}\"},\"query-input\":\"required name=search_term_string\"}],\"inLanguage\":\"de\"}]}<\/script>\n<!-- \/ Yoast SEO plugin. -->","yoast_head_json":{"title":"Fallstudie Spotlight: Die Pendlerrevolution bei Hilti - Urban Connect","robots":{"index":"index","follow":"follow","max-snippet":"max-snippet:-1","max-image-preview":"max-image-preview:large","max-video-preview":"max-video-preview:-1"},"canonical":"https:\/\/urban-connect.com\/de\/news\/fallstudie-spotlight-die-pendlerrevolution-bei-hilti\/","og_locale":"de_DE","og_type":"article","og_title":"Fallstudie Spotlight: Die Pendlerrevolution bei Hilti - Urban Connect","og_description":"Hilti, 1941 in Liechtenstein gegr\u00fcndet, ist ein weltweit f\u00fchrendes Unternehmen der Werkzeugherstellung. Das Unternehmen entwickelt, produziert und vertreibt Produkte f\u00fcr die Bereiche Bau, Geb\u00e4udeinstandhaltung, Energie und Fertigung. Bekannt f\u00fcr Innovation und ein Direktvertriebsmodell, investiert Hilti stark in Forschung und Entwicklung und pflegt enge Kundenbeziehungen durch Beratung vor Ort. Mit rund 34.000 Mitarbeitenden in \u00fcber 120 [&hellip;]","og_url":"https:\/\/urban-connect.com\/de\/news\/fallstudie-spotlight-die-pendlerrevolution-bei-hilti\/","og_site_name":"Urban Connect","article_modified_time":"2024-07-26T09:19:10+00:00","og_image":[{"width":2048,"height":1536,"url":"https:\/\/urban-connect.com\/wp-content\/uploads\/2024\/07\/Hilti_LinkedIn-copy.jpeg","type":"image\/jpeg"}],"twitter_card":"summary_large_image","twitter_misc":{"Gesch\u00e4tzte Lesezeit":"4\u00a0Minuten"},"schema":{"@context":"https:\/\/schema.org","@graph":[{"@type":"WebPage","@id":"https:\/\/urban-connect.com\/de\/news\/fallstudie-spotlight-die-pendlerrevolution-bei-hilti\/","url":"https:\/\/urban-connect.com\/de\/news\/fallstudie-spotlight-die-pendlerrevolution-bei-hilti\/","name":"Fallstudie Spotlight: Die Pendlerrevolution bei Hilti - Urban Connect","isPartOf":{"@id":"https:\/\/urban-connect.com\/de\/#website"},"primaryImageOfPage":{"@id":"https:\/\/urban-connect.com\/de\/news\/fallstudie-spotlight-die-pendlerrevolution-bei-hilti\/#primaryimage"},"image":{"@id":"https:\/\/urban-connect.com\/de\/news\/fallstudie-spotlight-die-pendlerrevolution-bei-hilti\/#primaryimage"},"thumbnailUrl":"https:\/\/urban-connect.com\/wp-content\/uploads\/2024\/07\/Hilti_LinkedIn-copy.jpeg","datePublished":"2024-07-26T08:46:27+00:00","dateModified":"2024-07-26T09:19:10+00:00","breadcrumb":{"@id":"https:\/\/urban-connect.com\/de\/news\/fallstudie-spotlight-die-pendlerrevolution-bei-hilti\/#breadcrumb"},"inLanguage":"de","potentialAction":[{"@type":"ReadAction","target":["https:\/\/urban-connect.com\/de\/news\/fallstudie-spotlight-die-pendlerrevolution-bei-hilti\/"]}]},{"@type":"ImageObject","inLanguage":"de","@id":"https:\/\/urban-connect.com\/de\/news\/fallstudie-spotlight-die-pendlerrevolution-bei-hilti\/#primaryimage","url":"https:\/\/urban-connect.com\/wp-content\/uploads\/2024\/07\/Hilti_LinkedIn-copy.jpeg","contentUrl":"https:\/\/urban-connect.com\/wp-content\/uploads\/2024\/07\/Hilti_LinkedIn-copy.jpeg","width":2048,"height":1536,"caption":"Hliti Image"},{"@type":"BreadcrumbList","@id":"https:\/\/urban-connect.com\/de\/news\/fallstudie-spotlight-die-pendlerrevolution-bei-hilti\/#breadcrumb","itemListElement":[{"@type":"ListItem","position":1,"name":"Home","item":"https:\/\/urban-connect.com\/de\/"},{"@type":"ListItem","position":2,"name":"Fallstudie Spotlight: Die Pendlerrevolution bei Hilti"}]},{"@type":"WebSite","@id":"https:\/\/urban-connect.com\/de\/#website","url":"https:\/\/urban-connect.com\/de\/","name":"Urban Connect","description":"","potentialAction":[{"@type":"SearchAction","target":{"@type":"EntryPoint","urlTemplate":"https:\/\/urban-connect.com\/de\/?s={search_term_string}"},"query-input":"required name=search_term_string"}],"inLanguage":"de"}]}},"_links":{"self":[{"href":"https:\/\/urban-connect.com\/de\/wp-json\/wp\/v2\/news\/6208","targetHints":{"allow":["GET"]}}],"collection":[{"href":"https:\/\/urban-connect.com\/de\/wp-json\/wp\/v2\/news"}],"about":[{"href":"https:\/\/urban-connect.com\/de\/wp-json\/wp\/v2\/types\/news"}],"wp:featuredmedia":[{"embeddable":true,"href":"https:\/\/urban-connect.com\/de\/wp-json\/wp\/v2\/media\/6221"}],"wp:attachment":[{"href":"https:\/\/urban-connect.com\/de\/wp-json\/wp\/v2\/media?parent=6208"}],"wp:term":[{"taxonomy":"news_category","embeddable":true,"href":"https:\/\/urban-connect.com\/de\/wp-json\/wp\/v2\/news_category?post=6208"}],"curies":[{"name":"wp","href":"https:\/\/api.w.org\/{rel}","templated":true}]}}