{"id":5703,"date":"2023-06-09T16:15:43","date_gmt":"2023-06-09T16:15:43","guid":{"rendered":"https:\/\/urban-connect.com\/news\/switzerlands-1-mobility-event-coming-up-soon\/"},"modified":"2024-09-24T09:49:11","modified_gmt":"2024-09-24T09:49:11","slug":"kommen-sie-zum-wichtigsten-mobilitatsevent-der-schweiz-am-15-juni-in-zurich","status":"publish","type":"news","link":"https:\/\/urban-connect.com\/de\/news\/kommen-sie-zum-wichtigsten-mobilitatsevent-der-schweiz-am-15-juni-in-zurich\/","title":{"rendered":"Kommen Sie zum wichtigsten Mobilit\u00e4tsevent der Schweiz am 15. Juni in Z\u00fcrich"},"content":{"rendered":"\n<p>Wir freuen uns, Ihnen unser bevorstehendes Event am 15. Juni anzuk\u00fcndigen! Seien Sie dabei, wenn renommierte Experten Ihnen spannende Einblicke in die Zukunft der Mobilit\u00e4t geben.<\/p>\n\n\n\n<p><strong>Die Highlights des Events auf einen Blick:<\/strong><\/p>\n\n\n\n<p>Firesite chat mit Alberto Bottini, Leiter Vertrieb, Services und Vermarktung, Mitglied der Gesch\u00e4ftsleitung Personenverkehr bei der SBB CFF FFS. Wir werden \u00fcber die Relevanz der Firmenmobilit\u00e4t bei der SBB sprechen und die Vision der Partnerschaft mit Urban Connect.<br><br><strong>Einsichten..<\/strong><br>\u2026zur Mobilit\u00e4t von 2030 von Thomas Sauter-Servaes, ZHAW Z\u00fcrcher Hochschule f\u00fcr Angewandte Wissenschaften<br>\u2026 zu Mobility as a Service von Andreas Herrmann, Universit\u00e4t St.Gallen (HSG)<br>\u2026 zur Zukunft der Mobilit\u00e4t in der Schweiz von Marco Ziegler, McKinsey &amp; Company<br>\u2026 zur Rolle der Mobilit\u00e4t in der Dekarbonisierung von Carmen M. Sprus, EY<br><br><br><strong>Praxisbeispiele mit Learnings von Innovatoren und Early Adopters im Bereich der Firmenmobilit\u00e4t:<br><\/strong><br>\u2013 Simon Weiher, Senior Strategy Manager bei Axpo Group hat dieses Jahr das Mobilitybudget f\u00fcr Mitarbeitende gelauncht.<br>\u2013 Julian Hennig, Circle Lead Mobility bei der Roche, krempelt mit seinem Team in Basel seit 2018 die Mitarbeitermobilit\u00e4t auf \u201eshared, electric &amp; connected\u201c um.<br>\u2013 David Nasseri, Leiter Real Estate and Mobility bei Google, ist Mobilit\u00e4tsinnovator der ersten Stunde und bietet \u201eGooglers\u201c in Z\u00fcrich seit bald 10 Jahre geteilte Mobilit\u00e4t an.<\/p>\n\n\n\n<p>Verpassen Sie nicht diese einmalige Gelegenheit, um wertvolles Wissen zu erlangen und wertvolle Kontakte zu kn\u00fcpfen.&nbsp;<a href=\"https:\/\/www.tickettailor.com\/events\/rfs\/913306\" target=\"_blank\" rel=\"noreferrer noopener\">Melden Sie sich noch heute an und sichern Sie sich Ihren Platz!<\/a><\/p>\n\n\n\n<p>Change Mobility \u2013 Change the World<\/p>\n\n\n    <section class=\"related-posts\">\n        <div class=\"container\">\n            <h4 class=\"block-title\"><\/h4>\n        <\/div>\n        <div class=\"container posts-wrap\">\n            <div class=\"swiper swiper-related-posts\">\n                <div class=\"swiper-wrapper\">\n                                            <div class=\"swiper-slide\">\n                            <div class=\"card-horizontal\">\n    <div class=\"left-side\">\n                    <a href=\"https:\/\/urban-connect.com\/de\/news\/wheels-wine-2026-eine-wegweisende-ausgabe-die-die-zukunft-der-unternehmensmobilitaet-gestaltet\/\">\n                <img decoding=\"async\" \n                    class=\"image lazyload\" data-src=\"https:\/\/urban-connect.com\/wp-content\/uploads\/2026\/03\/F06A4076-768x512.jpg\"\n                    data-srcset=\"https:\/\/urban-connect.com\/wp-content\/uploads\/2026\/03\/F06A4076-768x512.jpg 768w, https:\/\/urban-connect.com\/wp-content\/uploads\/2026\/03\/F06A4076-300x200.jpg 300w, https:\/\/urban-connect.com\/wp-content\/uploads\/2026\/03\/F06A4076-1024x683.jpg 1024w, https:\/\/urban-connect.com\/wp-content\/uploads\/2026\/03\/F06A4076-1536x1024.jpg 1536w, https:\/\/urban-connect.com\/wp-content\/uploads\/2026\/03\/F06A4076-2048x1365.jpg 2048w, https:\/\/urban-connect.com\/wp-content\/uploads\/2026\/03\/F06A4076-1620x1080.jpg 1620w\"\n                    data-sizes=\"(max-width: 768px) 100vw, 768px\"\n                    alt=\"Wheels &amp; Wine 2026 \u2013 Eine wegweisende Ausgabe, die die Zukunft der Unternehmensmobilit\u00e4t gestaltet\"\n                 src=\"data:image\/gif;base64,R0lGODlhAQABAAAAACH5BAEKAAEALAAAAAABAAEAAAICTAEAOw==\" style=\"--smush-placeholder-width: 768px; --smush-placeholder-aspect-ratio: 768\/512;\"><noscript><img decoding=\"async\" \n                    class=\"image\" src=\"https:\/\/urban-connect.com\/wp-content\/uploads\/2026\/03\/F06A4076-768x512.jpg\"\n                    srcset=\"https:\/\/urban-connect.com\/wp-content\/uploads\/2026\/03\/F06A4076-768x512.jpg 768w, https:\/\/urban-connect.com\/wp-content\/uploads\/2026\/03\/F06A4076-300x200.jpg 300w, https:\/\/urban-connect.com\/wp-content\/uploads\/2026\/03\/F06A4076-1024x683.jpg 1024w, https:\/\/urban-connect.com\/wp-content\/uploads\/2026\/03\/F06A4076-1536x1024.jpg 1536w, https:\/\/urban-connect.com\/wp-content\/uploads\/2026\/03\/F06A4076-2048x1365.jpg 2048w, https:\/\/urban-connect.com\/wp-content\/uploads\/2026\/03\/F06A4076-1620x1080.jpg 1620w\"\n                    sizes=\"(max-width: 768px) 100vw, 768px\"\n                    alt=\"Wheels &amp; Wine 2026 \u2013 Eine wegweisende Ausgabe, die die Zukunft der Unternehmensmobilit\u00e4t gestaltet\"\n                ><\/noscript>\n            <\/a>\n                <\/div>\n    <div class=\"right-side\">\n                    <a href=\"https:\/\/urban-connect.com\/de\/news\/wheels-wine-2026-eine-wegweisende-ausgabe-die-die-zukunft-der-unternehmensmobilitaet-gestaltet\/\">\n                <h6 class=\"title\">Wheels &amp; Wine 2026 \u2013 Eine wegweisende Ausgabe, die die Zukunft der Unternehmensmobilit\u00e4t gestaltet<\/h6>\n            <\/a>\n                        <span class=\"date\">M\u00e4rz 24, 2026 <\/span>\n            \n\t        <\/div>\n<\/div>                        <\/div>\n                                                <div class=\"swiper-slide\">\n                            <div class=\"card-horizontal\">\n    <div class=\"left-side\">\n                    <a href=\"https:\/\/urban-connect.com\/de\/news\/was-passiert-wenn-das-laden-von-elektroautos-endlich-funktioniert-wie-urban-connect-und-zaptec-eine-bessere-ladeinfrastruktur-fuer-elektroautos-geschaffen-haben\/\">\n                <img decoding=\"async\" \n                    class=\"image lazyload\" data-src=\"https:\/\/urban-connect.com\/wp-content\/uploads\/2026\/03\/Zaptec-cover-3-1-768x453.png\"\n                    data-srcset=\"https:\/\/urban-connect.com\/wp-content\/uploads\/2026\/03\/Zaptec-cover-3-1-768x453.png 768w, https:\/\/urban-connect.com\/wp-content\/uploads\/2026\/03\/Zaptec-cover-3-1-300x177.png 300w, https:\/\/urban-connect.com\/wp-content\/uploads\/2026\/03\/Zaptec-cover-3-1-1024x604.png 1024w, https:\/\/urban-connect.com\/wp-content\/uploads\/2026\/03\/Zaptec-cover-3-1-1536x906.png 1536w, https:\/\/urban-connect.com\/wp-content\/uploads\/2026\/03\/Zaptec-cover-3-1-2048x1208.png 2048w, https:\/\/urban-connect.com\/wp-content\/uploads\/2026\/03\/Zaptec-cover-3-1-1831x1080.png 1831w\"\n                    data-sizes=\"(max-width: 768px) 100vw, 768px\"\n                    alt=\"Was passiert, wenn das Laden von Elektroautos endlich funktioniert?\"\n                 src=\"data:image\/gif;base64,R0lGODlhAQABAAAAACH5BAEKAAEALAAAAAABAAEAAAICTAEAOw==\" style=\"--smush-placeholder-width: 768px; --smush-placeholder-aspect-ratio: 768\/453;\"><noscript><img decoding=\"async\" \n                    class=\"image\" src=\"https:\/\/urban-connect.com\/wp-content\/uploads\/2026\/03\/Zaptec-cover-3-1-768x453.png\"\n                    srcset=\"https:\/\/urban-connect.com\/wp-content\/uploads\/2026\/03\/Zaptec-cover-3-1-768x453.png 768w, https:\/\/urban-connect.com\/wp-content\/uploads\/2026\/03\/Zaptec-cover-3-1-300x177.png 300w, https:\/\/urban-connect.com\/wp-content\/uploads\/2026\/03\/Zaptec-cover-3-1-1024x604.png 1024w, https:\/\/urban-connect.com\/wp-content\/uploads\/2026\/03\/Zaptec-cover-3-1-1536x906.png 1536w, https:\/\/urban-connect.com\/wp-content\/uploads\/2026\/03\/Zaptec-cover-3-1-2048x1208.png 2048w, https:\/\/urban-connect.com\/wp-content\/uploads\/2026\/03\/Zaptec-cover-3-1-1831x1080.png 1831w\"\n                    sizes=\"(max-width: 768px) 100vw, 768px\"\n                    alt=\"Was passiert, wenn das Laden von Elektroautos endlich funktioniert?\"\n                ><\/noscript>\n            <\/a>\n                <\/div>\n    <div class=\"right-side\">\n                    <a href=\"https:\/\/urban-connect.com\/de\/news\/was-passiert-wenn-das-laden-von-elektroautos-endlich-funktioniert-wie-urban-connect-und-zaptec-eine-bessere-ladeinfrastruktur-fuer-elektroautos-geschaffen-haben\/\">\n                <h6 class=\"title\">Was passiert, wenn das Laden von Elektroautos endlich funktioniert?<\/h6>\n            <\/a>\n                        <span class=\"date\">M\u00e4rz 17, 2026 <\/span>\n            \n\t        <\/div>\n<\/div>                        <\/div>\n                                                <div class=\"swiper-slide\">\n                            <div class=\"card-horizontal\">\n    <div class=\"left-side\">\n                    <a href=\"https:\/\/urban-connect.com\/de\/news\/fallstudie-im-blickpunkt-lonza-visps-partnerschaft-fuer-nachhaltige-mobilitaet-mit-urban-connect\/\">\n                <img decoding=\"async\" \n                    class=\"image lazyload\" data-src=\"https:\/\/urban-connect.com\/wp-content\/uploads\/2026\/02\/HELSANA-x-UC-banner-768x511.png\"\n                    data-srcset=\"https:\/\/urban-connect.com\/wp-content\/uploads\/2026\/02\/HELSANA-x-UC-banner-768x511.png 768w, https:\/\/urban-connect.com\/wp-content\/uploads\/2026\/02\/HELSANA-x-UC-banner-300x199.png 300w, https:\/\/urban-connect.com\/wp-content\/uploads\/2026\/02\/HELSANA-x-UC-banner-1024x681.png 1024w, https:\/\/urban-connect.com\/wp-content\/uploads\/2026\/02\/HELSANA-x-UC-banner-1536x1021.png 1536w, https:\/\/urban-connect.com\/wp-content\/uploads\/2026\/02\/HELSANA-x-UC-banner.png 1590w\"\n                    data-sizes=\"(max-width: 768px) 100vw, 768px\"\n                    alt=\"Fallstudie im Blickpunkt: Helsana erm\u00f6glicht \u00fcber 3'400 Mitarbeitenden ein Urban Connect Mobility Budget \u2013 dank SCIM ganz reibungslos.\"\n                 src=\"data:image\/gif;base64,R0lGODlhAQABAAAAACH5BAEKAAEALAAAAAABAAEAAAICTAEAOw==\" style=\"--smush-placeholder-width: 768px; --smush-placeholder-aspect-ratio: 768\/511;\"><noscript><img decoding=\"async\" \n                    class=\"image\" src=\"https:\/\/urban-connect.com\/wp-content\/uploads\/2026\/02\/HELSANA-x-UC-banner-768x511.png\"\n                    srcset=\"https:\/\/urban-connect.com\/wp-content\/uploads\/2026\/02\/HELSANA-x-UC-banner-768x511.png 768w, https:\/\/urban-connect.com\/wp-content\/uploads\/2026\/02\/HELSANA-x-UC-banner-300x199.png 300w, https:\/\/urban-connect.com\/wp-content\/uploads\/2026\/02\/HELSANA-x-UC-banner-1024x681.png 1024w, https:\/\/urban-connect.com\/wp-content\/uploads\/2026\/02\/HELSANA-x-UC-banner-1536x1021.png 1536w, https:\/\/urban-connect.com\/wp-content\/uploads\/2026\/02\/HELSANA-x-UC-banner.png 1590w\"\n                    sizes=\"(max-width: 768px) 100vw, 768px\"\n                    alt=\"Fallstudie im Blickpunkt: Helsana erm\u00f6glicht \u00fcber 3'400 Mitarbeitenden ein Urban Connect Mobility Budget \u2013 dank SCIM ganz reibungslos.\"\n                ><\/noscript>\n            <\/a>\n                <\/div>\n    <div class=\"right-side\">\n                    <a href=\"https:\/\/urban-connect.com\/de\/news\/fallstudie-im-blickpunkt-lonza-visps-partnerschaft-fuer-nachhaltige-mobilitaet-mit-urban-connect\/\">\n                <h6 class=\"title\">Fallstudie im Blickpunkt: Helsana erm\u00f6glicht \u00fcber 3&#8217;400 Mitarbeitenden ein Urban Connect Mobility Budget \u2013 dank SCIM ganz reibungslos.<\/h6>\n            <\/a>\n                        <span class=\"date\">Februar 05, 2026 <\/span>\n            \n\t        <\/div>\n<\/div>                        <\/div>\n                                        <\/div>\n                <div class=\"btn-slider \">\n    <div class=\"prev\">\n        <svg width=\"22\" height=\"12\" viewBox=\"0 0 22 12\" fill=\"none\" xmlns=\"http:\/\/www.w3.org\/2000\/svg\">\n            <path d=\"M5.094 4.476L7.74 1.83L6.03 0.102L0.432 5.7L6.03 11.298L7.74 9.57L5.076 6.906H21.42V4.476H5.094Z\" fill=\"white\"\/>\n        <\/svg>\n    <\/div>\n    <div class=\"next\">\n        <svg width=\"22\" height=\"12\" viewBox=\"0 0 22 12\" fill=\"none\" xmlns=\"http:\/\/www.w3.org\/2000\/svg\">\n            <path d=\"M14.292 1.83L16.938 4.476H0.612V6.906H16.956L14.292 9.57L16.002 11.298L21.6 5.7L16.002 0.102L14.292 1.83Z\" fill=\"white\"\/>\n        <\/svg>\n    <\/div>\n<\/div>            <\/div>\n        <\/div>\n    <\/section>\n    ","protected":false},"excerpt":{"rendered":"<p>Wir freuen uns, Ihnen unser bevorstehendes Event am 15. Juni anzuk\u00fcndigen! Seien Sie dabei, wenn renommierte Experten Ihnen spannende Einblicke in die Zukunft der Mobilit\u00e4t geben. Die Highlights des Events auf einen Blick: Firesite chat mit Alberto Bottini, Leiter Vertrieb, Services und Vermarktung, Mitglied der Gesch\u00e4ftsleitung Personenverkehr bei der SBB CFF FFS. Wir werden \u00fcber [&hellip;]<\/p>\n","protected":false},"featured_media":3995,"parent":0,"template":"","news_category":[36],"class_list":["post-5703","news","type-news","status-publish","has-post-thumbnail","hentry","news_category-events-de"],"acf":[],"yoast_head":"<!-- This site is optimized with the Yoast SEO plugin v23.2 - https:\/\/yoast.com\/wordpress\/plugins\/seo\/ -->\n<title>Kommen Sie zum wichtigsten Mobilit\u00e4tsevent der Schweiz am 15. Juni in Z\u00fcrich - Urban Connect<\/title>\n<meta name=\"description\" content=\"The mobility event of the year is taking place at Aura in Zurich. The event is centred around the topic of mobility budgets.\" \/>\n<meta name=\"robots\" content=\"index, follow, max-snippet:-1, max-image-preview:large, max-video-preview:-1\" \/>\n<link rel=\"canonical\" href=\"https:\/\/urban-connect.com\/de\/news\/kommen-sie-zum-wichtigsten-mobilitatsevent-der-schweiz-am-15-juni-in-zurich\/\" \/>\n<meta property=\"og:locale\" content=\"de_DE\" \/>\n<meta property=\"og:type\" content=\"article\" \/>\n<meta property=\"og:title\" content=\"Kommen Sie zum wichtigsten Mobilit\u00e4tsevent der Schweiz am 15. Juni in Z\u00fcrich - Urban Connect\" \/>\n<meta property=\"og:description\" content=\"The mobility event of the year is taking place at Aura in Zurich. The event is centred around the topic of mobility budgets.\" \/>\n<meta property=\"og:url\" content=\"https:\/\/urban-connect.com\/de\/news\/kommen-sie-zum-wichtigsten-mobilitatsevent-der-schweiz-am-15-juni-in-zurich\/\" \/>\n<meta property=\"og:site_name\" content=\"Urban Connect\" \/>\n<meta property=\"article:modified_time\" content=\"2024-09-24T09:49:11+00:00\" \/>\n<meta property=\"og:image\" content=\"https:\/\/urban-connect.com\/wp-content\/uploads\/2023\/06\/News_Event-1536x1236-1.jpg\" \/>\n\t<meta property=\"og:image:width\" content=\"1536\" \/>\n\t<meta property=\"og:image:height\" content=\"1236\" \/>\n\t<meta property=\"og:image:type\" content=\"image\/jpeg\" \/>\n<meta name=\"twitter:card\" content=\"summary_large_image\" \/>\n<meta name=\"twitter:label1\" content=\"Gesch\u00e4tzte Lesezeit\" \/>\n\t<meta name=\"twitter:data1\" content=\"2\u00a0Minuten\" \/>\n<script type=\"application\/ld+json\" class=\"yoast-schema-graph\">{\"@context\":\"https:\/\/schema.org\",\"@graph\":[{\"@type\":\"WebPage\",\"@id\":\"https:\/\/urban-connect.com\/de\/news\/kommen-sie-zum-wichtigsten-mobilitatsevent-der-schweiz-am-15-juni-in-zurich\/\",\"url\":\"https:\/\/urban-connect.com\/de\/news\/kommen-sie-zum-wichtigsten-mobilitatsevent-der-schweiz-am-15-juni-in-zurich\/\",\"name\":\"Kommen Sie zum wichtigsten Mobilit\u00e4tsevent der Schweiz am 15. Juni in Z\u00fcrich - Urban Connect\",\"isPartOf\":{\"@id\":\"https:\/\/urban-connect.com\/de\/#website\"},\"primaryImageOfPage\":{\"@id\":\"https:\/\/urban-connect.com\/de\/news\/kommen-sie-zum-wichtigsten-mobilitatsevent-der-schweiz-am-15-juni-in-zurich\/#primaryimage\"},\"image\":{\"@id\":\"https:\/\/urban-connect.com\/de\/news\/kommen-sie-zum-wichtigsten-mobilitatsevent-der-schweiz-am-15-juni-in-zurich\/#primaryimage\"},\"thumbnailUrl\":\"https:\/\/urban-connect.com\/wp-content\/uploads\/2023\/06\/News_Event-1536x1236-1.jpg\",\"datePublished\":\"2023-06-09T16:15:43+00:00\",\"dateModified\":\"2024-09-24T09:49:11+00:00\",\"description\":\"The mobility event of the year is taking place at Aura in Zurich. The event is centred around the topic of mobility budgets.\",\"breadcrumb\":{\"@id\":\"https:\/\/urban-connect.com\/de\/news\/kommen-sie-zum-wichtigsten-mobilitatsevent-der-schweiz-am-15-juni-in-zurich\/#breadcrumb\"},\"inLanguage\":\"de\",\"potentialAction\":[{\"@type\":\"ReadAction\",\"target\":[\"https:\/\/urban-connect.com\/de\/news\/kommen-sie-zum-wichtigsten-mobilitatsevent-der-schweiz-am-15-juni-in-zurich\/\"]}]},{\"@type\":\"ImageObject\",\"inLanguage\":\"de\",\"@id\":\"https:\/\/urban-connect.com\/de\/news\/kommen-sie-zum-wichtigsten-mobilitatsevent-der-schweiz-am-15-juni-in-zurich\/#primaryimage\",\"url\":\"https:\/\/urban-connect.com\/wp-content\/uploads\/2023\/06\/News_Event-1536x1236-1.jpg\",\"contentUrl\":\"https:\/\/urban-connect.com\/wp-content\/uploads\/2023\/06\/News_Event-1536x1236-1.jpg\",\"width\":1536,\"height\":1236,\"caption\":\"Mobility Event 2023\"},{\"@type\":\"BreadcrumbList\",\"@id\":\"https:\/\/urban-connect.com\/de\/news\/kommen-sie-zum-wichtigsten-mobilitatsevent-der-schweiz-am-15-juni-in-zurich\/#breadcrumb\",\"itemListElement\":[{\"@type\":\"ListItem\",\"position\":1,\"name\":\"Home\",\"item\":\"https:\/\/urban-connect.com\/de\/\"},{\"@type\":\"ListItem\",\"position\":2,\"name\":\"Kommen Sie zum wichtigsten Mobilit\u00e4tsevent der Schweiz am 15. Juni in Z\u00fcrich\"}]},{\"@type\":\"WebSite\",\"@id\":\"https:\/\/urban-connect.com\/de\/#website\",\"url\":\"https:\/\/urban-connect.com\/de\/\",\"name\":\"Urban Connect\",\"description\":\"\",\"potentialAction\":[{\"@type\":\"SearchAction\",\"target\":{\"@type\":\"EntryPoint\",\"urlTemplate\":\"https:\/\/urban-connect.com\/de\/?s={search_term_string}\"},\"query-input\":\"required name=search_term_string\"}],\"inLanguage\":\"de\"}]}<\/script>\n<!-- \/ Yoast SEO plugin. -->","yoast_head_json":{"title":"Kommen Sie zum wichtigsten Mobilit\u00e4tsevent der Schweiz am 15. Juni in Z\u00fcrich - Urban Connect","description":"The mobility event of the year is taking place at Aura in Zurich. The event is centred around the topic of mobility budgets.","robots":{"index":"index","follow":"follow","max-snippet":"max-snippet:-1","max-image-preview":"max-image-preview:large","max-video-preview":"max-video-preview:-1"},"canonical":"https:\/\/urban-connect.com\/de\/news\/kommen-sie-zum-wichtigsten-mobilitatsevent-der-schweiz-am-15-juni-in-zurich\/","og_locale":"de_DE","og_type":"article","og_title":"Kommen Sie zum wichtigsten Mobilit\u00e4tsevent der Schweiz am 15. Juni in Z\u00fcrich - Urban Connect","og_description":"The mobility event of the year is taking place at Aura in Zurich. The event is centred around the topic of mobility budgets.","og_url":"https:\/\/urban-connect.com\/de\/news\/kommen-sie-zum-wichtigsten-mobilitatsevent-der-schweiz-am-15-juni-in-zurich\/","og_site_name":"Urban Connect","article_modified_time":"2024-09-24T09:49:11+00:00","og_image":[{"width":1536,"height":1236,"url":"https:\/\/urban-connect.com\/wp-content\/uploads\/2023\/06\/News_Event-1536x1236-1.jpg","type":"image\/jpeg"}],"twitter_card":"summary_large_image","twitter_misc":{"Gesch\u00e4tzte Lesezeit":"2\u00a0Minuten"},"schema":{"@context":"https:\/\/schema.org","@graph":[{"@type":"WebPage","@id":"https:\/\/urban-connect.com\/de\/news\/kommen-sie-zum-wichtigsten-mobilitatsevent-der-schweiz-am-15-juni-in-zurich\/","url":"https:\/\/urban-connect.com\/de\/news\/kommen-sie-zum-wichtigsten-mobilitatsevent-der-schweiz-am-15-juni-in-zurich\/","name":"Kommen Sie zum wichtigsten Mobilit\u00e4tsevent der Schweiz am 15. Juni in Z\u00fcrich - Urban Connect","isPartOf":{"@id":"https:\/\/urban-connect.com\/de\/#website"},"primaryImageOfPage":{"@id":"https:\/\/urban-connect.com\/de\/news\/kommen-sie-zum-wichtigsten-mobilitatsevent-der-schweiz-am-15-juni-in-zurich\/#primaryimage"},"image":{"@id":"https:\/\/urban-connect.com\/de\/news\/kommen-sie-zum-wichtigsten-mobilitatsevent-der-schweiz-am-15-juni-in-zurich\/#primaryimage"},"thumbnailUrl":"https:\/\/urban-connect.com\/wp-content\/uploads\/2023\/06\/News_Event-1536x1236-1.jpg","datePublished":"2023-06-09T16:15:43+00:00","dateModified":"2024-09-24T09:49:11+00:00","description":"The mobility event of the year is taking place at Aura in Zurich. The event is centred around the topic of mobility budgets.","breadcrumb":{"@id":"https:\/\/urban-connect.com\/de\/news\/kommen-sie-zum-wichtigsten-mobilitatsevent-der-schweiz-am-15-juni-in-zurich\/#breadcrumb"},"inLanguage":"de","potentialAction":[{"@type":"ReadAction","target":["https:\/\/urban-connect.com\/de\/news\/kommen-sie-zum-wichtigsten-mobilitatsevent-der-schweiz-am-15-juni-in-zurich\/"]}]},{"@type":"ImageObject","inLanguage":"de","@id":"https:\/\/urban-connect.com\/de\/news\/kommen-sie-zum-wichtigsten-mobilitatsevent-der-schweiz-am-15-juni-in-zurich\/#primaryimage","url":"https:\/\/urban-connect.com\/wp-content\/uploads\/2023\/06\/News_Event-1536x1236-1.jpg","contentUrl":"https:\/\/urban-connect.com\/wp-content\/uploads\/2023\/06\/News_Event-1536x1236-1.jpg","width":1536,"height":1236,"caption":"Mobility Event 2023"},{"@type":"BreadcrumbList","@id":"https:\/\/urban-connect.com\/de\/news\/kommen-sie-zum-wichtigsten-mobilitatsevent-der-schweiz-am-15-juni-in-zurich\/#breadcrumb","itemListElement":[{"@type":"ListItem","position":1,"name":"Home","item":"https:\/\/urban-connect.com\/de\/"},{"@type":"ListItem","position":2,"name":"Kommen Sie zum wichtigsten Mobilit\u00e4tsevent der Schweiz am 15. Juni in Z\u00fcrich"}]},{"@type":"WebSite","@id":"https:\/\/urban-connect.com\/de\/#website","url":"https:\/\/urban-connect.com\/de\/","name":"Urban Connect","description":"","potentialAction":[{"@type":"SearchAction","target":{"@type":"EntryPoint","urlTemplate":"https:\/\/urban-connect.com\/de\/?s={search_term_string}"},"query-input":"required name=search_term_string"}],"inLanguage":"de"}]}},"_links":{"self":[{"href":"https:\/\/urban-connect.com\/de\/wp-json\/wp\/v2\/news\/5703","targetHints":{"allow":["GET"]}}],"collection":[{"href":"https:\/\/urban-connect.com\/de\/wp-json\/wp\/v2\/news"}],"about":[{"href":"https:\/\/urban-connect.com\/de\/wp-json\/wp\/v2\/types\/news"}],"wp:featuredmedia":[{"embeddable":true,"href":"https:\/\/urban-connect.com\/de\/wp-json\/wp\/v2\/media\/3995"}],"wp:attachment":[{"href":"https:\/\/urban-connect.com\/de\/wp-json\/wp\/v2\/media?parent=5703"}],"wp:term":[{"taxonomy":"news_category","embeddable":true,"href":"https:\/\/urban-connect.com\/de\/wp-json\/wp\/v2\/news_category?post=5703"}],"curies":[{"name":"wp","href":"https:\/\/api.w.org\/{rel}","templated":true}]}}