{"id":5684,"date":"2023-06-20T15:41:29","date_gmt":"2023-06-20T15:41:29","guid":{"rendered":"https:\/\/urban-connect.com\/news\/firmenmobilitat-als-treiber-fur-die-verkehrswende\/"},"modified":"2024-09-24T09:54:10","modified_gmt":"2024-09-24T09:54:10","slug":"firmenmobilitat-als-treiber-fur-die-verkehrswende","status":"publish","type":"news","link":"https:\/\/urban-connect.com\/de\/news\/firmenmobilitat-als-treiber-fur-die-verkehrswende\/","title":{"rendered":"Firmenmobilit\u00e4t als Treiber f\u00fcr die Verkehrswende"},"content":{"rendered":"\n<p>Am 15. Juni 2023 veranstaltete Urban Connect im AURA in Z\u00fcrich das Mobilit\u00e4tsevent des Jahres. Die Veranstaltung brachte f\u00fchrende Expert:innen aus der Mobilit\u00e4tsbranche zusammen, um ihr Wissen, ihre Forschung und die neuesten Entwicklungen zum Mobilit\u00e4tsbudget zu pr\u00e4sentieren. Das Mobilit\u00e4tsbudget ist ein innovatives Konzept, das es Firmen erm\u00f6glicht, ihren Mitarbeitenden ein monatliches Guthaben zur Verf\u00fcgung zu stellen, was f\u00fcr diverse Mobilit\u00e4tsoptionen ausgegeben werden kann. So k\u00f6nnen Unternehmen nicht nur Kosten sparen, sondern auch die Umwelt schonen und die Mitarbeiterzufriedenheit erh\u00f6hen.<\/p>\n\n\n\n<p>Die Veranstaltung bot die M\u00f6glichkeit, renommierte Referent:innen aus der Branche zu h\u00f6ren, darunter Vertreter:innen von SBB, Post Company Cars, EY, McKinsey &amp; Company und anderen. Sie diskutierten dar\u00fcber, wie sie Mobilit\u00e4tsbudgetierung in ihren Unternehmen eingef\u00fchrt haben und welche Vorteile und Chancen sich daraus ergeben haben. Es wurde aufgezeigt, wie Mobilit\u00e4tsbudgetierung zu einer modernen und nachhaltigen Kultur beitragen kann. Nach Abschluss jedes Themas wurden die Zuh\u00f6rer aufgefordert, Fragen an die Referent:innen zu stellen, was eine offene Diskussion erm\u00f6glichte.<\/p>\n\n\n\n<p>Aus der Veranstaltung lassen sich die folgenden Kernpunkte ableiten.<\/p>\n\n\n\n<p>Die Einf\u00fchrung des Mobilit\u00e4tsbudgets hilft Unternehmen, ihre CO2-Emissionen drastisch zu reduzieren, Kosten zu sparen und ihren Mitarbeitenden Anreize f\u00fcr eine nachhaltige Mobilit\u00e4t zu geben.<\/p>\n\n\n\n<p>Die Zukunft ist \u201cMobility-as-a-Service\u201c, d.h. die gemeinsame Nutzung von Mobilit\u00e4t durch geteilte Flotten, Mikromobilit\u00e4t und \u00f6ffentliche Verkehrsmittel. Unternehmen tun gut daran, sich schnellstm\u00f6glich darauf auszurichten, um die gesetzlichen Klimaziele zu erreichen.<\/p>\n\n\n\n<p>Viele Unternehmen wollen das umsetzen, aber es ist zu komplex. Hierf\u00fcr bietet Urban Connect die perfekte L\u00f6sung: eine Mobilit\u00e4tsplattform, auf der das Mobilit\u00e4tsbudget inklusive \u00d6V integriert ist und direkt \u00fcber die App genutzt werden kann.<\/p>\n\n\n\n<p>Markus Almer, Chief Commercial Officer bei Urban Connect sagt dazu:<\/p>\n\n\n\n<blockquote class=\"wp-block-quote is-layout-flow wp-block-quote-is-layout-flow\">\n<p>\u201eWir haben uns sehr gefreut, dass so viele tolle Pers\u00f6nlichkeiten aus der Mobilit\u00e4tsbranche teilgenommen haben. Vielen Dank an die Referenten f\u00fcr den regen Austausch und die wertvollen Impulse. Die Zukunft der betrieblichen Mobilit\u00e4t ist multimodal!\u201d<\/p>\n<\/blockquote>\n\n\n\n<p>Es war eine grossartige Gelegenheit, von Expert:innen zu lernen und inspirierende und zukunftsweisende Pers\u00f6nlichkeiten zusammenzubringen. Vielen Dank an alle Teilnehmer:innen!<\/p>\n\n\n\n<p>Change Mobility \u2013 Change the World<br><\/p>\n\n\n    <section class=\"related-posts\">\n        <div class=\"container\">\n            <h4 class=\"block-title\"><\/h4>\n        <\/div>\n        <div class=\"container posts-wrap\">\n            <div class=\"swiper swiper-related-posts\">\n                <div class=\"swiper-wrapper\">\n                                            <div class=\"swiper-slide\">\n                            <div class=\"card-horizontal\">\n    <div class=\"left-side\">\n                    <a href=\"https:\/\/urban-connect.com\/de\/news\/wheels-wine-2026-eine-wegweisende-ausgabe-die-die-zukunft-der-unternehmensmobilitaet-gestaltet\/\">\n                <img decoding=\"async\" \n                    class=\"image lazyload\" data-src=\"https:\/\/urban-connect.com\/wp-content\/uploads\/2026\/03\/F06A4076-768x512.jpg\"\n                    data-srcset=\"https:\/\/urban-connect.com\/wp-content\/uploads\/2026\/03\/F06A4076-768x512.jpg 768w, https:\/\/urban-connect.com\/wp-content\/uploads\/2026\/03\/F06A4076-300x200.jpg 300w, https:\/\/urban-connect.com\/wp-content\/uploads\/2026\/03\/F06A4076-1024x683.jpg 1024w, https:\/\/urban-connect.com\/wp-content\/uploads\/2026\/03\/F06A4076-1536x1024.jpg 1536w, https:\/\/urban-connect.com\/wp-content\/uploads\/2026\/03\/F06A4076-2048x1365.jpg 2048w, https:\/\/urban-connect.com\/wp-content\/uploads\/2026\/03\/F06A4076-1620x1080.jpg 1620w\"\n                    data-sizes=\"(max-width: 768px) 100vw, 768px\"\n                    alt=\"Wheels &amp; Wine 2026 \u2013 Eine wegweisende Ausgabe, die die Zukunft der Unternehmensmobilit\u00e4t gestaltet\"\n                 src=\"data:image\/gif;base64,R0lGODlhAQABAAAAACH5BAEKAAEALAAAAAABAAEAAAICTAEAOw==\" style=\"--smush-placeholder-width: 768px; --smush-placeholder-aspect-ratio: 768\/512;\"><noscript><img decoding=\"async\" \n                    class=\"image\" src=\"https:\/\/urban-connect.com\/wp-content\/uploads\/2026\/03\/F06A4076-768x512.jpg\"\n                    srcset=\"https:\/\/urban-connect.com\/wp-content\/uploads\/2026\/03\/F06A4076-768x512.jpg 768w, https:\/\/urban-connect.com\/wp-content\/uploads\/2026\/03\/F06A4076-300x200.jpg 300w, https:\/\/urban-connect.com\/wp-content\/uploads\/2026\/03\/F06A4076-1024x683.jpg 1024w, https:\/\/urban-connect.com\/wp-content\/uploads\/2026\/03\/F06A4076-1536x1024.jpg 1536w, https:\/\/urban-connect.com\/wp-content\/uploads\/2026\/03\/F06A4076-2048x1365.jpg 2048w, https:\/\/urban-connect.com\/wp-content\/uploads\/2026\/03\/F06A4076-1620x1080.jpg 1620w\"\n                    sizes=\"(max-width: 768px) 100vw, 768px\"\n                    alt=\"Wheels &amp; Wine 2026 \u2013 Eine wegweisende Ausgabe, die die Zukunft der Unternehmensmobilit\u00e4t gestaltet\"\n                ><\/noscript>\n            <\/a>\n                <\/div>\n    <div class=\"right-side\">\n                    <a href=\"https:\/\/urban-connect.com\/de\/news\/wheels-wine-2026-eine-wegweisende-ausgabe-die-die-zukunft-der-unternehmensmobilitaet-gestaltet\/\">\n                <h6 class=\"title\">Wheels &amp; Wine 2026 \u2013 Eine wegweisende Ausgabe, die die Zukunft der Unternehmensmobilit\u00e4t gestaltet<\/h6>\n            <\/a>\n                        <span class=\"date\">M\u00e4rz 24, 2026 <\/span>\n            \n\t        <\/div>\n<\/div>                        <\/div>\n                                                <div class=\"swiper-slide\">\n                            <div class=\"card-horizontal\">\n    <div class=\"left-side\">\n                    <a href=\"https:\/\/urban-connect.com\/de\/news\/was-passiert-wenn-das-laden-von-elektroautos-endlich-funktioniert-wie-urban-connect-und-zaptec-eine-bessere-ladeinfrastruktur-fuer-elektroautos-geschaffen-haben\/\">\n                <img decoding=\"async\" \n                    class=\"image lazyload\" data-src=\"https:\/\/urban-connect.com\/wp-content\/uploads\/2026\/03\/Zaptec-cover-3-1-768x453.png\"\n                    data-srcset=\"https:\/\/urban-connect.com\/wp-content\/uploads\/2026\/03\/Zaptec-cover-3-1-768x453.png 768w, https:\/\/urban-connect.com\/wp-content\/uploads\/2026\/03\/Zaptec-cover-3-1-300x177.png 300w, https:\/\/urban-connect.com\/wp-content\/uploads\/2026\/03\/Zaptec-cover-3-1-1024x604.png 1024w, https:\/\/urban-connect.com\/wp-content\/uploads\/2026\/03\/Zaptec-cover-3-1-1536x906.png 1536w, https:\/\/urban-connect.com\/wp-content\/uploads\/2026\/03\/Zaptec-cover-3-1-2048x1208.png 2048w, https:\/\/urban-connect.com\/wp-content\/uploads\/2026\/03\/Zaptec-cover-3-1-1831x1080.png 1831w\"\n                    data-sizes=\"(max-width: 768px) 100vw, 768px\"\n                    alt=\"Was passiert, wenn das Laden von Elektroautos endlich funktioniert?\"\n                 src=\"data:image\/gif;base64,R0lGODlhAQABAAAAACH5BAEKAAEALAAAAAABAAEAAAICTAEAOw==\" style=\"--smush-placeholder-width: 768px; --smush-placeholder-aspect-ratio: 768\/453;\"><noscript><img decoding=\"async\" \n                    class=\"image\" src=\"https:\/\/urban-connect.com\/wp-content\/uploads\/2026\/03\/Zaptec-cover-3-1-768x453.png\"\n                    srcset=\"https:\/\/urban-connect.com\/wp-content\/uploads\/2026\/03\/Zaptec-cover-3-1-768x453.png 768w, https:\/\/urban-connect.com\/wp-content\/uploads\/2026\/03\/Zaptec-cover-3-1-300x177.png 300w, https:\/\/urban-connect.com\/wp-content\/uploads\/2026\/03\/Zaptec-cover-3-1-1024x604.png 1024w, https:\/\/urban-connect.com\/wp-content\/uploads\/2026\/03\/Zaptec-cover-3-1-1536x906.png 1536w, https:\/\/urban-connect.com\/wp-content\/uploads\/2026\/03\/Zaptec-cover-3-1-2048x1208.png 2048w, https:\/\/urban-connect.com\/wp-content\/uploads\/2026\/03\/Zaptec-cover-3-1-1831x1080.png 1831w\"\n                    sizes=\"(max-width: 768px) 100vw, 768px\"\n                    alt=\"Was passiert, wenn das Laden von Elektroautos endlich funktioniert?\"\n                ><\/noscript>\n            <\/a>\n                <\/div>\n    <div class=\"right-side\">\n                    <a href=\"https:\/\/urban-connect.com\/de\/news\/was-passiert-wenn-das-laden-von-elektroautos-endlich-funktioniert-wie-urban-connect-und-zaptec-eine-bessere-ladeinfrastruktur-fuer-elektroautos-geschaffen-haben\/\">\n                <h6 class=\"title\">Was passiert, wenn das Laden von Elektroautos endlich funktioniert?<\/h6>\n            <\/a>\n                        <span class=\"date\">M\u00e4rz 17, 2026 <\/span>\n            \n\t        <\/div>\n<\/div>                        <\/div>\n                                                <div class=\"swiper-slide\">\n                            <div class=\"card-horizontal\">\n    <div class=\"left-side\">\n                    <a href=\"https:\/\/urban-connect.com\/de\/news\/fallstudie-im-blickpunkt-lonza-visps-partnerschaft-fuer-nachhaltige-mobilitaet-mit-urban-connect\/\">\n                <img decoding=\"async\" \n                    class=\"image lazyload\" data-src=\"https:\/\/urban-connect.com\/wp-content\/uploads\/2026\/02\/HELSANA-x-UC-banner-768x511.png\"\n                    data-srcset=\"https:\/\/urban-connect.com\/wp-content\/uploads\/2026\/02\/HELSANA-x-UC-banner-768x511.png 768w, https:\/\/urban-connect.com\/wp-content\/uploads\/2026\/02\/HELSANA-x-UC-banner-300x199.png 300w, https:\/\/urban-connect.com\/wp-content\/uploads\/2026\/02\/HELSANA-x-UC-banner-1024x681.png 1024w, https:\/\/urban-connect.com\/wp-content\/uploads\/2026\/02\/HELSANA-x-UC-banner-1536x1021.png 1536w, https:\/\/urban-connect.com\/wp-content\/uploads\/2026\/02\/HELSANA-x-UC-banner.png 1590w\"\n                    data-sizes=\"(max-width: 768px) 100vw, 768px\"\n                    alt=\"Fallstudie im Blickpunkt: Helsana erm\u00f6glicht \u00fcber 3'400 Mitarbeitenden ein Urban Connect Mobility Budget \u2013 dank SCIM ganz reibungslos.\"\n                 src=\"data:image\/gif;base64,R0lGODlhAQABAAAAACH5BAEKAAEALAAAAAABAAEAAAICTAEAOw==\" style=\"--smush-placeholder-width: 768px; --smush-placeholder-aspect-ratio: 768\/511;\"><noscript><img decoding=\"async\" \n                    class=\"image\" src=\"https:\/\/urban-connect.com\/wp-content\/uploads\/2026\/02\/HELSANA-x-UC-banner-768x511.png\"\n                    srcset=\"https:\/\/urban-connect.com\/wp-content\/uploads\/2026\/02\/HELSANA-x-UC-banner-768x511.png 768w, https:\/\/urban-connect.com\/wp-content\/uploads\/2026\/02\/HELSANA-x-UC-banner-300x199.png 300w, https:\/\/urban-connect.com\/wp-content\/uploads\/2026\/02\/HELSANA-x-UC-banner-1024x681.png 1024w, https:\/\/urban-connect.com\/wp-content\/uploads\/2026\/02\/HELSANA-x-UC-banner-1536x1021.png 1536w, https:\/\/urban-connect.com\/wp-content\/uploads\/2026\/02\/HELSANA-x-UC-banner.png 1590w\"\n                    sizes=\"(max-width: 768px) 100vw, 768px\"\n                    alt=\"Fallstudie im Blickpunkt: Helsana erm\u00f6glicht \u00fcber 3'400 Mitarbeitenden ein Urban Connect Mobility Budget \u2013 dank SCIM ganz reibungslos.\"\n                ><\/noscript>\n            <\/a>\n                <\/div>\n    <div class=\"right-side\">\n                    <a href=\"https:\/\/urban-connect.com\/de\/news\/fallstudie-im-blickpunkt-lonza-visps-partnerschaft-fuer-nachhaltige-mobilitaet-mit-urban-connect\/\">\n                <h6 class=\"title\">Fallstudie im Blickpunkt: Helsana erm\u00f6glicht \u00fcber 3&#8217;400 Mitarbeitenden ein Urban Connect Mobility Budget \u2013 dank SCIM ganz reibungslos.<\/h6>\n            <\/a>\n                        <span class=\"date\">Februar 05, 2026 <\/span>\n            \n\t        <\/div>\n<\/div>                        <\/div>\n                                        <\/div>\n                <div class=\"btn-slider \">\n    <div class=\"prev\">\n        <svg width=\"22\" height=\"12\" viewBox=\"0 0 22 12\" fill=\"none\" xmlns=\"http:\/\/www.w3.org\/2000\/svg\">\n            <path d=\"M5.094 4.476L7.74 1.83L6.03 0.102L0.432 5.7L6.03 11.298L7.74 9.57L5.076 6.906H21.42V4.476H5.094Z\" fill=\"white\"\/>\n        <\/svg>\n    <\/div>\n    <div class=\"next\">\n        <svg width=\"22\" height=\"12\" viewBox=\"0 0 22 12\" fill=\"none\" xmlns=\"http:\/\/www.w3.org\/2000\/svg\">\n            <path d=\"M14.292 1.83L16.938 4.476H0.612V6.906H16.956L14.292 9.57L16.002 11.298L21.6 5.7L16.002 0.102L14.292 1.83Z\" fill=\"white\"\/>\n        <\/svg>\n    <\/div>\n<\/div>            <\/div>\n        <\/div>\n    <\/section>\n    ","protected":false},"excerpt":{"rendered":"<p>Am 15. Juni 2023 veranstaltete Urban Connect im AURA in Z\u00fcrich das Mobilit\u00e4tsevent des Jahres. Die Veranstaltung brachte f\u00fchrende Expert:innen aus der Mobilit\u00e4tsbranche zusammen, um ihr Wissen, ihre Forschung und die neuesten Entwicklungen zum Mobilit\u00e4tsbudget zu pr\u00e4sentieren. Das Mobilit\u00e4tsbudget ist ein innovatives Konzept, das es Firmen erm\u00f6glicht, ihren Mitarbeitenden ein monatliches Guthaben zur Verf\u00fcgung zu [&hellip;]<\/p>\n","protected":false},"featured_media":2651,"parent":0,"template":"","news_category":[36],"class_list":["post-5684","news","type-news","status-publish","has-post-thumbnail","hentry","news_category-events-de"],"acf":[],"yoast_head":"<!-- This site is optimized with the Yoast SEO plugin v23.2 - https:\/\/yoast.com\/wordpress\/plugins\/seo\/ -->\n<title>Corporate Mobility and the transportation revolution - Urban Connect<\/title>\n<meta name=\"description\" content=\"Urban Connect organised the mobility event of the year. Leading experts from the industry enriched the event and provided great inspiration.\" \/>\n<meta name=\"robots\" content=\"index, follow, max-snippet:-1, max-image-preview:large, max-video-preview:-1\" \/>\n<link rel=\"canonical\" href=\"https:\/\/urban-connect.com\/de\/news\/firmenmobilitat-als-treiber-fur-die-verkehrswende\/\" \/>\n<meta property=\"og:locale\" content=\"de_DE\" \/>\n<meta property=\"og:type\" content=\"article\" \/>\n<meta property=\"og:title\" content=\"Corporate Mobility and the transportation revolution - Urban Connect\" \/>\n<meta property=\"og:description\" content=\"Urban Connect organised the mobility event of the year. Leading experts from the industry enriched the event and provided great inspiration.\" \/>\n<meta property=\"og:url\" content=\"https:\/\/urban-connect.com\/de\/news\/firmenmobilitat-als-treiber-fur-die-verkehrswende\/\" \/>\n<meta property=\"og:site_name\" content=\"Urban Connect\" \/>\n<meta property=\"article:modified_time\" content=\"2024-09-24T09:54:10+00:00\" \/>\n<meta property=\"og:image\" content=\"https:\/\/urban-connect.com\/wp-content\/uploads\/2023\/06\/Event_News-scaled.jpg\" \/>\n\t<meta property=\"og:image:width\" content=\"2560\" \/>\n\t<meta property=\"og:image:height\" content=\"2208\" \/>\n\t<meta property=\"og:image:type\" content=\"image\/jpeg\" \/>\n<meta name=\"twitter:card\" content=\"summary_large_image\" \/>\n<meta name=\"twitter:label1\" content=\"Gesch\u00e4tzte Lesezeit\" \/>\n\t<meta name=\"twitter:data1\" content=\"2\u00a0Minuten\" \/>\n<script type=\"application\/ld+json\" class=\"yoast-schema-graph\">{\"@context\":\"https:\/\/schema.org\",\"@graph\":[{\"@type\":\"WebPage\",\"@id\":\"https:\/\/urban-connect.com\/de\/news\/firmenmobilitat-als-treiber-fur-die-verkehrswende\/\",\"url\":\"https:\/\/urban-connect.com\/de\/news\/firmenmobilitat-als-treiber-fur-die-verkehrswende\/\",\"name\":\"Corporate Mobility and the transportation revolution - Urban Connect\",\"isPartOf\":{\"@id\":\"https:\/\/urban-connect.com\/de\/#website\"},\"primaryImageOfPage\":{\"@id\":\"https:\/\/urban-connect.com\/de\/news\/firmenmobilitat-als-treiber-fur-die-verkehrswende\/#primaryimage\"},\"image\":{\"@id\":\"https:\/\/urban-connect.com\/de\/news\/firmenmobilitat-als-treiber-fur-die-verkehrswende\/#primaryimage\"},\"thumbnailUrl\":\"https:\/\/urban-connect.com\/wp-content\/uploads\/2023\/06\/Event_News-scaled.jpg\",\"datePublished\":\"2023-06-20T15:41:29+00:00\",\"dateModified\":\"2024-09-24T09:54:10+00:00\",\"description\":\"Urban Connect organised the mobility event of the year. Leading experts from the industry enriched the event and provided great inspiration.\",\"breadcrumb\":{\"@id\":\"https:\/\/urban-connect.com\/de\/news\/firmenmobilitat-als-treiber-fur-die-verkehrswende\/#breadcrumb\"},\"inLanguage\":\"de\",\"potentialAction\":[{\"@type\":\"ReadAction\",\"target\":[\"https:\/\/urban-connect.com\/de\/news\/firmenmobilitat-als-treiber-fur-die-verkehrswende\/\"]}]},{\"@type\":\"ImageObject\",\"inLanguage\":\"de\",\"@id\":\"https:\/\/urban-connect.com\/de\/news\/firmenmobilitat-als-treiber-fur-die-verkehrswende\/#primaryimage\",\"url\":\"https:\/\/urban-connect.com\/wp-content\/uploads\/2023\/06\/Event_News-scaled.jpg\",\"contentUrl\":\"https:\/\/urban-connect.com\/wp-content\/uploads\/2023\/06\/Event_News-scaled.jpg\",\"width\":2560,\"height\":2208,\"caption\":\"Mobility Event 2023 Judith and Robert\"},{\"@type\":\"BreadcrumbList\",\"@id\":\"https:\/\/urban-connect.com\/de\/news\/firmenmobilitat-als-treiber-fur-die-verkehrswende\/#breadcrumb\",\"itemListElement\":[{\"@type\":\"ListItem\",\"position\":1,\"name\":\"Home\",\"item\":\"https:\/\/urban-connect.com\/de\/\"},{\"@type\":\"ListItem\",\"position\":2,\"name\":\"Firmenmobilit\u00e4t als Treiber f\u00fcr die Verkehrswende\"}]},{\"@type\":\"WebSite\",\"@id\":\"https:\/\/urban-connect.com\/de\/#website\",\"url\":\"https:\/\/urban-connect.com\/de\/\",\"name\":\"Urban Connect\",\"description\":\"\",\"potentialAction\":[{\"@type\":\"SearchAction\",\"target\":{\"@type\":\"EntryPoint\",\"urlTemplate\":\"https:\/\/urban-connect.com\/de\/?s={search_term_string}\"},\"query-input\":\"required name=search_term_string\"}],\"inLanguage\":\"de\"}]}<\/script>\n<!-- \/ Yoast SEO plugin. -->","yoast_head_json":{"title":"Corporate Mobility and the transportation revolution - Urban Connect","description":"Urban Connect organised the mobility event of the year. Leading experts from the industry enriched the event and provided great inspiration.","robots":{"index":"index","follow":"follow","max-snippet":"max-snippet:-1","max-image-preview":"max-image-preview:large","max-video-preview":"max-video-preview:-1"},"canonical":"https:\/\/urban-connect.com\/de\/news\/firmenmobilitat-als-treiber-fur-die-verkehrswende\/","og_locale":"de_DE","og_type":"article","og_title":"Corporate Mobility and the transportation revolution - Urban Connect","og_description":"Urban Connect organised the mobility event of the year. Leading experts from the industry enriched the event and provided great inspiration.","og_url":"https:\/\/urban-connect.com\/de\/news\/firmenmobilitat-als-treiber-fur-die-verkehrswende\/","og_site_name":"Urban Connect","article_modified_time":"2024-09-24T09:54:10+00:00","og_image":[{"width":2560,"height":2208,"url":"https:\/\/urban-connect.com\/wp-content\/uploads\/2023\/06\/Event_News-scaled.jpg","type":"image\/jpeg"}],"twitter_card":"summary_large_image","twitter_misc":{"Gesch\u00e4tzte Lesezeit":"2\u00a0Minuten"},"schema":{"@context":"https:\/\/schema.org","@graph":[{"@type":"WebPage","@id":"https:\/\/urban-connect.com\/de\/news\/firmenmobilitat-als-treiber-fur-die-verkehrswende\/","url":"https:\/\/urban-connect.com\/de\/news\/firmenmobilitat-als-treiber-fur-die-verkehrswende\/","name":"Corporate Mobility and the transportation revolution - Urban Connect","isPartOf":{"@id":"https:\/\/urban-connect.com\/de\/#website"},"primaryImageOfPage":{"@id":"https:\/\/urban-connect.com\/de\/news\/firmenmobilitat-als-treiber-fur-die-verkehrswende\/#primaryimage"},"image":{"@id":"https:\/\/urban-connect.com\/de\/news\/firmenmobilitat-als-treiber-fur-die-verkehrswende\/#primaryimage"},"thumbnailUrl":"https:\/\/urban-connect.com\/wp-content\/uploads\/2023\/06\/Event_News-scaled.jpg","datePublished":"2023-06-20T15:41:29+00:00","dateModified":"2024-09-24T09:54:10+00:00","description":"Urban Connect organised the mobility event of the year. Leading experts from the industry enriched the event and provided great inspiration.","breadcrumb":{"@id":"https:\/\/urban-connect.com\/de\/news\/firmenmobilitat-als-treiber-fur-die-verkehrswende\/#breadcrumb"},"inLanguage":"de","potentialAction":[{"@type":"ReadAction","target":["https:\/\/urban-connect.com\/de\/news\/firmenmobilitat-als-treiber-fur-die-verkehrswende\/"]}]},{"@type":"ImageObject","inLanguage":"de","@id":"https:\/\/urban-connect.com\/de\/news\/firmenmobilitat-als-treiber-fur-die-verkehrswende\/#primaryimage","url":"https:\/\/urban-connect.com\/wp-content\/uploads\/2023\/06\/Event_News-scaled.jpg","contentUrl":"https:\/\/urban-connect.com\/wp-content\/uploads\/2023\/06\/Event_News-scaled.jpg","width":2560,"height":2208,"caption":"Mobility Event 2023 Judith and Robert"},{"@type":"BreadcrumbList","@id":"https:\/\/urban-connect.com\/de\/news\/firmenmobilitat-als-treiber-fur-die-verkehrswende\/#breadcrumb","itemListElement":[{"@type":"ListItem","position":1,"name":"Home","item":"https:\/\/urban-connect.com\/de\/"},{"@type":"ListItem","position":2,"name":"Firmenmobilit\u00e4t als Treiber f\u00fcr die Verkehrswende"}]},{"@type":"WebSite","@id":"https:\/\/urban-connect.com\/de\/#website","url":"https:\/\/urban-connect.com\/de\/","name":"Urban Connect","description":"","potentialAction":[{"@type":"SearchAction","target":{"@type":"EntryPoint","urlTemplate":"https:\/\/urban-connect.com\/de\/?s={search_term_string}"},"query-input":"required name=search_term_string"}],"inLanguage":"de"}]}},"_links":{"self":[{"href":"https:\/\/urban-connect.com\/de\/wp-json\/wp\/v2\/news\/5684","targetHints":{"allow":["GET"]}}],"collection":[{"href":"https:\/\/urban-connect.com\/de\/wp-json\/wp\/v2\/news"}],"about":[{"href":"https:\/\/urban-connect.com\/de\/wp-json\/wp\/v2\/types\/news"}],"wp:featuredmedia":[{"embeddable":true,"href":"https:\/\/urban-connect.com\/de\/wp-json\/wp\/v2\/media\/2651"}],"wp:attachment":[{"href":"https:\/\/urban-connect.com\/de\/wp-json\/wp\/v2\/media?parent=5684"}],"wp:term":[{"taxonomy":"news_category","embeddable":true,"href":"https:\/\/urban-connect.com\/de\/wp-json\/wp\/v2\/news_category?post=5684"}],"curies":[{"name":"wp","href":"https:\/\/api.w.org\/{rel}","templated":true}]}}