{"id":5672,"date":"2024-01-08T11:09:00","date_gmt":"2024-01-08T11:09:00","guid":{"rendered":"https:\/\/urban-connect.com\/news\/new-app-feature-multiride-function\/"},"modified":"2024-09-24T09:59:53","modified_gmt":"2024-09-24T09:59:53","slug":"neue-app-funktion-multiride-funktion","status":"publish","type":"news","link":"https:\/\/urban-connect.com\/de\/news\/neue-app-funktion-multiride-funktion\/","title":{"rendered":"Neue App Funktion \u2013 Multiride-Funktion\u00a0"},"content":{"rendered":"\n<p>Eine hohe Benutzerfreundlichkeit der App ist eines der Fokusgebiete von Urban Connect. Deshalb entwickeln wir unser Angebot kontinuierlich weiter und beziehen dabei auch das Feedback von Nutzenden ein, um eine reibungslose Anwendung zu gew\u00e4hrleisten. Hier eine \u00dcbersicht dar\u00fcber, was wir in unserem letzten App-Update verbessert haben.<\/p>\n\n\n\n<p>Das Update 3.8.1 erleichtert dank Einf\u00fchrung der Multi-Ride-Funktion die Planung der individuellen Mobilit\u00e4t erheblich, indem es die Buchung von mehreren Fahrzeugen gleichzeitig erlaubt und somit f\u00fcr enorme Flexibilit\u00e4t sorgt. F\u00fcr diese Funktion sind etwa folgende Anwendungsf\u00e4lle denkbar:<\/p>\n\n\n\n<p><strong>Was hat sich ver\u00e4ndert?<\/strong><\/p>\n\n\n\n<p><mark><mark style=\"background-color:#ffffff;color:#ff005c\" class=\"has-inline-color\">Multimodales Reisen:<\/mark><\/mark>\u00a0Dank der neuen Funktion kann die individuelle Mobilit\u00e4t vollst\u00e4ndig geplant werden. Es ist jetzt m\u00f6glich, ein Auto zu reservieren und zus\u00e4tzlich ein Bahnticket zu kaufen. Dies erm\u00f6glicht reibungslose Gesch\u00e4ftsreisen sowie Pendelaktivit\u00e4ten.\u00a0\u00a0<\/p>\n\n\n\n<p><mark><mark style=\"background-color:#ffffff;color:#ff005c\" class=\"has-inline-color\">Spontaner Wechsel zwischen Verkehrstr\u00e4gern:<\/mark><\/mark><mark style=\"background-color:#ffffff;color:#ff005c\" class=\"has-inline-color\">\u00a0<\/mark>Nach einer Fahrt mit einem geteilten E-Bike nach Hause regnet es am n\u00e4chsten Tag? Ab sofort k\u00f6nnen Nutzende die Buchung einfach weiterlaufen lassen und \u00fcber die App ein Zugticket l\u00f6sen, um stattdessen damit zur Arbeit zu pendeln. Die neue Funktion bietet Nutzenden absolute Flexibilit\u00e4t unabh\u00e4ngig von Wetterbedingungen oder Plan\u00e4nderungen!<\/p>\n\n\n\n<p><mark><mark style=\"background-color:#ffffff;color:#ff005c\" class=\"has-inline-color\">Ausfl\u00fcge mit Freunden und Partner:<\/mark><\/mark>\u00a0Dank der neuen Funktion k\u00f6nnen Nutzende \u00fcber die App in ihrem Namen ein weiteres Fahrzeug f\u00fcr Freunde oder Partner buchen. Dies erm\u00f6glicht gemeinsame Ausfl\u00fcge oder betriebliche Mobilit\u00e4t mit Personen ausserhalb des eigenen Unternehmens.<\/p>\n\n\n\n<p>Die folgenden Einblicke in die App zeigen, wie die neue Funktion genutzt werden kann.<\/p>\n\n\n\n<figure class=\"wp-block-image\"><img loading=\"lazy\" decoding=\"async\" width=\"1024\" height=\"475\" data-src=\"https:\/\/urban-connect.com\/wp-content\/uploads\/2024\/01\/Frame-161-1024x475.png\" alt=\"\" class=\"wp-image-3731 lazyload\" data-srcset=\"https:\/\/urban-connect.com\/wp-content\/uploads\/2024\/01\/Frame-161-1024x475.png 1024w, https:\/\/urban-connect.com\/wp-content\/uploads\/2024\/01\/Frame-161-300x139.png 300w, https:\/\/urban-connect.com\/wp-content\/uploads\/2024\/01\/Frame-161-768x356.png 768w, https:\/\/urban-connect.com\/wp-content\/uploads\/2024\/01\/Frame-161-1536x712.png 1536w, https:\/\/urban-connect.com\/wp-content\/uploads\/2024\/01\/Frame-161.png 1915w\" data-sizes=\"auto, (max-width: 1024px) 100vw, 1024px\" src=\"data:image\/gif;base64,R0lGODlhAQABAAAAACH5BAEKAAEALAAAAAABAAEAAAICTAEAOw==\" style=\"--smush-placeholder-width: 1024px; --smush-placeholder-aspect-ratio: 1024\/475;\" \/><noscript><img loading=\"lazy\" decoding=\"async\" width=\"1024\" height=\"475\" src=\"https:\/\/urban-connect.com\/wp-content\/uploads\/2024\/01\/Frame-161-1024x475.png\" alt=\"\" class=\"wp-image-3731\" srcset=\"https:\/\/urban-connect.com\/wp-content\/uploads\/2024\/01\/Frame-161-1024x475.png 1024w, https:\/\/urban-connect.com\/wp-content\/uploads\/2024\/01\/Frame-161-300x139.png 300w, https:\/\/urban-connect.com\/wp-content\/uploads\/2024\/01\/Frame-161-768x356.png 768w, https:\/\/urban-connect.com\/wp-content\/uploads\/2024\/01\/Frame-161-1536x712.png 1536w, https:\/\/urban-connect.com\/wp-content\/uploads\/2024\/01\/Frame-161.png 1915w\" sizes=\"auto, (max-width: 1024px) 100vw, 1024px\" \/><\/noscript><\/figure>\n\n\n\n<p>Wir freuen uns, Ihnen mit dieser neuen Funktion zu helfen, Ihre betriebliche Mobilit\u00e4t auf ein neues Niveau zu bringen und Ihren Mobilit\u00e4ts-Alltag zu erleichtern!&nbsp;<\/p>\n\n\n\n<p>Haben Sie Interesse daran, unsere App in Aktion zu sehen? Dann vereinbaren Sie gerne einen&nbsp;<a href=\"https:\/\/meetings.hubspot.com\/felix-kruse\/meet-uc\">Demo-Termin<\/a>&nbsp;mit uns und wir stellen Ihnen unser Angebot vor!<\/p>\n\n\n\n<p>Change Mobility \u2013 Change the World<\/p>\n\n\n        <section class=\"author-block\">\n            <div class=\"container\">\n                <div class=\"left-side\">\n                    <h6 class=\"name\">Domas Bartusevicius<\/h6>\n                    <span class=\"position\">Chief of Staff<\/span>\n                <\/div>\n                <div class=\"right-side\">\n                                            <img decoding=\"async\" \n                        class=\"image lazyload\" data-src=\"https:\/\/urban-connect.com\/wp-content\/uploads\/2024\/01\/Domas-1024x1024.jpg\"\n                        data-srcset=\"https:\/\/urban-connect.com\/wp-content\/uploads\/2024\/01\/Domas-1024x1024.jpg 1024w, https:\/\/urban-connect.com\/wp-content\/uploads\/2024\/01\/Domas-300x300.jpg 300w, https:\/\/urban-connect.com\/wp-content\/uploads\/2024\/01\/Domas-150x150.jpg 150w, https:\/\/urban-connect.com\/wp-content\/uploads\/2024\/01\/Domas-768x768.jpg 768w, https:\/\/urban-connect.com\/wp-content\/uploads\/2024\/01\/Domas-1080x1080.jpg 1080w, https:\/\/urban-connect.com\/wp-content\/uploads\/2024\/01\/Domas.jpg 1250w\"\n                        data-sizes=\"(max-width: 1024px) 100vw, 1024px\"\n                        alt=\"Chart Image\"\n                         src=\"data:image\/gif;base64,R0lGODlhAQABAAAAACH5BAEKAAEALAAAAAABAAEAAAICTAEAOw==\" style=\"--smush-placeholder-width: 1024px; --smush-placeholder-aspect-ratio: 1024\/1024;\"><noscript><img decoding=\"async\" \n                        class=\"image\" src=\"https:\/\/urban-connect.com\/wp-content\/uploads\/2024\/01\/Domas-1024x1024.jpg\"\n                        srcset=\"https:\/\/urban-connect.com\/wp-content\/uploads\/2024\/01\/Domas-1024x1024.jpg 1024w, https:\/\/urban-connect.com\/wp-content\/uploads\/2024\/01\/Domas-300x300.jpg 300w, https:\/\/urban-connect.com\/wp-content\/uploads\/2024\/01\/Domas-150x150.jpg 150w, https:\/\/urban-connect.com\/wp-content\/uploads\/2024\/01\/Domas-768x768.jpg 768w, https:\/\/urban-connect.com\/wp-content\/uploads\/2024\/01\/Domas-1080x1080.jpg 1080w, https:\/\/urban-connect.com\/wp-content\/uploads\/2024\/01\/Domas.jpg 1250w\"\n                        sizes=\"(max-width: 1024px) 100vw, 1024px\"\n                        alt=\"Chart Image\"\n                        ><\/noscript>\n                                        <\/div>\n            <\/div>\n        <\/section>\n        \n\n    <section class=\"related-posts\">\n        <div class=\"container\">\n            <h4 class=\"block-title\"><\/h4>\n        <\/div>\n        <div class=\"container posts-wrap\">\n            <div class=\"swiper swiper-related-posts\">\n                <div class=\"swiper-wrapper\">\n                                            <div class=\"swiper-slide\">\n                            <div class=\"card-horizontal\">\n    <div class=\"left-side\">\n                    <a href=\"https:\/\/urban-connect.com\/de\/news\/wheels-wine-2026-eine-wegweisende-ausgabe-die-die-zukunft-der-unternehmensmobilitaet-gestaltet\/\">\n                <img decoding=\"async\" \n                    class=\"image lazyload\" data-src=\"https:\/\/urban-connect.com\/wp-content\/uploads\/2026\/03\/F06A4076-768x512.jpg\"\n                    data-srcset=\"https:\/\/urban-connect.com\/wp-content\/uploads\/2026\/03\/F06A4076-768x512.jpg 768w, https:\/\/urban-connect.com\/wp-content\/uploads\/2026\/03\/F06A4076-300x200.jpg 300w, https:\/\/urban-connect.com\/wp-content\/uploads\/2026\/03\/F06A4076-1024x683.jpg 1024w, https:\/\/urban-connect.com\/wp-content\/uploads\/2026\/03\/F06A4076-1536x1024.jpg 1536w, https:\/\/urban-connect.com\/wp-content\/uploads\/2026\/03\/F06A4076-2048x1365.jpg 2048w, https:\/\/urban-connect.com\/wp-content\/uploads\/2026\/03\/F06A4076-1620x1080.jpg 1620w\"\n                    data-sizes=\"(max-width: 768px) 100vw, 768px\"\n                    alt=\"Wheels &amp; Wine 2026 \u2013 Eine wegweisende Ausgabe, die die Zukunft der Unternehmensmobilit\u00e4t gestaltet\"\n                 src=\"data:image\/gif;base64,R0lGODlhAQABAAAAACH5BAEKAAEALAAAAAABAAEAAAICTAEAOw==\" style=\"--smush-placeholder-width: 768px; --smush-placeholder-aspect-ratio: 768\/512;\"><noscript><img decoding=\"async\" \n                    class=\"image\" src=\"https:\/\/urban-connect.com\/wp-content\/uploads\/2026\/03\/F06A4076-768x512.jpg\"\n                    srcset=\"https:\/\/urban-connect.com\/wp-content\/uploads\/2026\/03\/F06A4076-768x512.jpg 768w, https:\/\/urban-connect.com\/wp-content\/uploads\/2026\/03\/F06A4076-300x200.jpg 300w, https:\/\/urban-connect.com\/wp-content\/uploads\/2026\/03\/F06A4076-1024x683.jpg 1024w, https:\/\/urban-connect.com\/wp-content\/uploads\/2026\/03\/F06A4076-1536x1024.jpg 1536w, https:\/\/urban-connect.com\/wp-content\/uploads\/2026\/03\/F06A4076-2048x1365.jpg 2048w, https:\/\/urban-connect.com\/wp-content\/uploads\/2026\/03\/F06A4076-1620x1080.jpg 1620w\"\n                    sizes=\"(max-width: 768px) 100vw, 768px\"\n                    alt=\"Wheels &amp; Wine 2026 \u2013 Eine wegweisende Ausgabe, die die Zukunft der Unternehmensmobilit\u00e4t gestaltet\"\n                ><\/noscript>\n            <\/a>\n                <\/div>\n    <div class=\"right-side\">\n                    <a href=\"https:\/\/urban-connect.com\/de\/news\/wheels-wine-2026-eine-wegweisende-ausgabe-die-die-zukunft-der-unternehmensmobilitaet-gestaltet\/\">\n                <h6 class=\"title\">Wheels &amp; Wine 2026 \u2013 Eine wegweisende Ausgabe, die die Zukunft der Unternehmensmobilit\u00e4t gestaltet<\/h6>\n            <\/a>\n                        <span class=\"date\">M\u00e4rz 24, 2026 <\/span>\n            \n\t        <\/div>\n<\/div>                        <\/div>\n                                                <div class=\"swiper-slide\">\n                            <div class=\"card-horizontal\">\n    <div class=\"left-side\">\n                    <a href=\"https:\/\/urban-connect.com\/de\/news\/was-passiert-wenn-das-laden-von-elektroautos-endlich-funktioniert-wie-urban-connect-und-zaptec-eine-bessere-ladeinfrastruktur-fuer-elektroautos-geschaffen-haben\/\">\n                <img decoding=\"async\" \n                    class=\"image lazyload\" data-src=\"https:\/\/urban-connect.com\/wp-content\/uploads\/2026\/03\/Zaptec-cover-3-1-768x453.png\"\n                    data-srcset=\"https:\/\/urban-connect.com\/wp-content\/uploads\/2026\/03\/Zaptec-cover-3-1-768x453.png 768w, https:\/\/urban-connect.com\/wp-content\/uploads\/2026\/03\/Zaptec-cover-3-1-300x177.png 300w, https:\/\/urban-connect.com\/wp-content\/uploads\/2026\/03\/Zaptec-cover-3-1-1024x604.png 1024w, https:\/\/urban-connect.com\/wp-content\/uploads\/2026\/03\/Zaptec-cover-3-1-1536x906.png 1536w, https:\/\/urban-connect.com\/wp-content\/uploads\/2026\/03\/Zaptec-cover-3-1-2048x1208.png 2048w, https:\/\/urban-connect.com\/wp-content\/uploads\/2026\/03\/Zaptec-cover-3-1-1831x1080.png 1831w\"\n                    data-sizes=\"(max-width: 768px) 100vw, 768px\"\n                    alt=\"Was passiert, wenn das Laden von Elektroautos endlich funktioniert?\"\n                 src=\"data:image\/gif;base64,R0lGODlhAQABAAAAACH5BAEKAAEALAAAAAABAAEAAAICTAEAOw==\" style=\"--smush-placeholder-width: 768px; --smush-placeholder-aspect-ratio: 768\/453;\"><noscript><img decoding=\"async\" \n                    class=\"image\" src=\"https:\/\/urban-connect.com\/wp-content\/uploads\/2026\/03\/Zaptec-cover-3-1-768x453.png\"\n                    srcset=\"https:\/\/urban-connect.com\/wp-content\/uploads\/2026\/03\/Zaptec-cover-3-1-768x453.png 768w, https:\/\/urban-connect.com\/wp-content\/uploads\/2026\/03\/Zaptec-cover-3-1-300x177.png 300w, https:\/\/urban-connect.com\/wp-content\/uploads\/2026\/03\/Zaptec-cover-3-1-1024x604.png 1024w, https:\/\/urban-connect.com\/wp-content\/uploads\/2026\/03\/Zaptec-cover-3-1-1536x906.png 1536w, https:\/\/urban-connect.com\/wp-content\/uploads\/2026\/03\/Zaptec-cover-3-1-2048x1208.png 2048w, https:\/\/urban-connect.com\/wp-content\/uploads\/2026\/03\/Zaptec-cover-3-1-1831x1080.png 1831w\"\n                    sizes=\"(max-width: 768px) 100vw, 768px\"\n                    alt=\"Was passiert, wenn das Laden von Elektroautos endlich funktioniert?\"\n                ><\/noscript>\n            <\/a>\n                <\/div>\n    <div class=\"right-side\">\n                    <a href=\"https:\/\/urban-connect.com\/de\/news\/was-passiert-wenn-das-laden-von-elektroautos-endlich-funktioniert-wie-urban-connect-und-zaptec-eine-bessere-ladeinfrastruktur-fuer-elektroautos-geschaffen-haben\/\">\n                <h6 class=\"title\">Was passiert, wenn das Laden von Elektroautos endlich funktioniert?<\/h6>\n            <\/a>\n                        <span class=\"date\">M\u00e4rz 17, 2026 <\/span>\n            \n\t        <\/div>\n<\/div>                        <\/div>\n                                                <div class=\"swiper-slide\">\n                            <div class=\"card-horizontal\">\n    <div class=\"left-side\">\n                    <a href=\"https:\/\/urban-connect.com\/de\/news\/fallstudie-im-blickpunkt-lonza-visps-partnerschaft-fuer-nachhaltige-mobilitaet-mit-urban-connect\/\">\n                <img decoding=\"async\" \n                    class=\"image lazyload\" data-src=\"https:\/\/urban-connect.com\/wp-content\/uploads\/2026\/02\/HELSANA-x-UC-banner-768x511.png\"\n                    data-srcset=\"https:\/\/urban-connect.com\/wp-content\/uploads\/2026\/02\/HELSANA-x-UC-banner-768x511.png 768w, https:\/\/urban-connect.com\/wp-content\/uploads\/2026\/02\/HELSANA-x-UC-banner-300x199.png 300w, https:\/\/urban-connect.com\/wp-content\/uploads\/2026\/02\/HELSANA-x-UC-banner-1024x681.png 1024w, https:\/\/urban-connect.com\/wp-content\/uploads\/2026\/02\/HELSANA-x-UC-banner-1536x1021.png 1536w, https:\/\/urban-connect.com\/wp-content\/uploads\/2026\/02\/HELSANA-x-UC-banner.png 1590w\"\n                    data-sizes=\"(max-width: 768px) 100vw, 768px\"\n                    alt=\"Fallstudie im Blickpunkt: Helsana erm\u00f6glicht \u00fcber 3'400 Mitarbeitenden ein Urban Connect Mobility Budget \u2013 dank SCIM ganz reibungslos.\"\n                 src=\"data:image\/gif;base64,R0lGODlhAQABAAAAACH5BAEKAAEALAAAAAABAAEAAAICTAEAOw==\" style=\"--smush-placeholder-width: 768px; --smush-placeholder-aspect-ratio: 768\/511;\"><noscript><img decoding=\"async\" \n                    class=\"image\" src=\"https:\/\/urban-connect.com\/wp-content\/uploads\/2026\/02\/HELSANA-x-UC-banner-768x511.png\"\n                    srcset=\"https:\/\/urban-connect.com\/wp-content\/uploads\/2026\/02\/HELSANA-x-UC-banner-768x511.png 768w, https:\/\/urban-connect.com\/wp-content\/uploads\/2026\/02\/HELSANA-x-UC-banner-300x199.png 300w, https:\/\/urban-connect.com\/wp-content\/uploads\/2026\/02\/HELSANA-x-UC-banner-1024x681.png 1024w, https:\/\/urban-connect.com\/wp-content\/uploads\/2026\/02\/HELSANA-x-UC-banner-1536x1021.png 1536w, https:\/\/urban-connect.com\/wp-content\/uploads\/2026\/02\/HELSANA-x-UC-banner.png 1590w\"\n                    sizes=\"(max-width: 768px) 100vw, 768px\"\n                    alt=\"Fallstudie im Blickpunkt: Helsana erm\u00f6glicht \u00fcber 3'400 Mitarbeitenden ein Urban Connect Mobility Budget \u2013 dank SCIM ganz reibungslos.\"\n                ><\/noscript>\n            <\/a>\n                <\/div>\n    <div class=\"right-side\">\n                    <a href=\"https:\/\/urban-connect.com\/de\/news\/fallstudie-im-blickpunkt-lonza-visps-partnerschaft-fuer-nachhaltige-mobilitaet-mit-urban-connect\/\">\n                <h6 class=\"title\">Fallstudie im Blickpunkt: Helsana erm\u00f6glicht \u00fcber 3&#8217;400 Mitarbeitenden ein Urban Connect Mobility Budget \u2013 dank SCIM ganz reibungslos.<\/h6>\n            <\/a>\n                        <span class=\"date\">Februar 05, 2026 <\/span>\n            \n\t        <\/div>\n<\/div>                        <\/div>\n                                        <\/div>\n                <div class=\"btn-slider \">\n    <div class=\"prev\">\n        <svg width=\"22\" height=\"12\" viewBox=\"0 0 22 12\" fill=\"none\" xmlns=\"http:\/\/www.w3.org\/2000\/svg\">\n            <path d=\"M5.094 4.476L7.74 1.83L6.03 0.102L0.432 5.7L6.03 11.298L7.74 9.57L5.076 6.906H21.42V4.476H5.094Z\" fill=\"white\"\/>\n        <\/svg>\n    <\/div>\n    <div class=\"next\">\n        <svg width=\"22\" height=\"12\" viewBox=\"0 0 22 12\" fill=\"none\" xmlns=\"http:\/\/www.w3.org\/2000\/svg\">\n            <path d=\"M14.292 1.83L16.938 4.476H0.612V6.906H16.956L14.292 9.57L16.002 11.298L21.6 5.7L16.002 0.102L14.292 1.83Z\" fill=\"white\"\/>\n        <\/svg>\n    <\/div>\n<\/div>            <\/div>\n        <\/div>\n    <\/section>\n    ","protected":false},"excerpt":{"rendered":"<p>Eine hohe Benutzerfreundlichkeit der App ist eines der Fokusgebiete von Urban Connect. Deshalb entwickeln wir unser Angebot kontinuierlich weiter und beziehen dabei auch das Feedback von Nutzenden ein, um eine reibungslose Anwendung zu gew\u00e4hrleisten. Hier eine \u00dcbersicht dar\u00fcber, was wir in unserem letzten App-Update verbessert haben. Das Update 3.8.1 erleichtert dank Einf\u00fchrung der Multi-Ride-Funktion die [&hellip;]<\/p>\n","protected":false},"featured_media":3986,"parent":0,"template":"","news_category":[38],"class_list":["post-5672","news","type-news","status-publish","has-post-thumbnail","hentry","news_category-news-de"],"acf":[],"yoast_head":"<!-- This site is optimized with the Yoast SEO plugin v23.2 - https:\/\/yoast.com\/wordpress\/plugins\/seo\/ -->\n<title>Neue App Funktion \u2013 Multiride-Funktion\u00a0 - Urban Connect<\/title>\n<meta name=\"description\" content=\"The multi-ride function makes it possible to book several modes of transport at the same time which increases flexibility enormously.\" \/>\n<meta name=\"robots\" content=\"index, follow, max-snippet:-1, max-image-preview:large, max-video-preview:-1\" \/>\n<link rel=\"canonical\" href=\"https:\/\/urban-connect.com\/de\/news\/neue-app-funktion-multiride-funktion\/\" \/>\n<meta property=\"og:locale\" content=\"de_DE\" \/>\n<meta property=\"og:type\" content=\"article\" \/>\n<meta property=\"og:title\" content=\"Neue App Funktion \u2013 Multiride-Funktion\u00a0 - Urban Connect\" \/>\n<meta property=\"og:description\" content=\"The multi-ride function makes it possible to book several modes of transport at the same time which increases flexibility enormously.\" \/>\n<meta property=\"og:url\" content=\"https:\/\/urban-connect.com\/de\/news\/neue-app-funktion-multiride-funktion\/\" \/>\n<meta property=\"og:site_name\" content=\"Urban Connect\" \/>\n<meta property=\"article:modified_time\" content=\"2024-09-24T09:59:53+00:00\" \/>\n<meta property=\"og:image\" content=\"https:\/\/urban-connect.com\/wp-content\/uploads\/2024\/01\/News-Feature-Template-1.png\" \/>\n\t<meta property=\"og:image:width\" content=\"1438\" \/>\n\t<meta property=\"og:image:height\" content=\"1080\" \/>\n\t<meta property=\"og:image:type\" content=\"image\/png\" \/>\n<meta name=\"twitter:card\" content=\"summary_large_image\" \/>\n<meta name=\"twitter:label1\" content=\"Gesch\u00e4tzte Lesezeit\" \/>\n\t<meta name=\"twitter:data1\" content=\"2\u00a0Minuten\" \/>\n<script type=\"application\/ld+json\" class=\"yoast-schema-graph\">{\"@context\":\"https:\/\/schema.org\",\"@graph\":[{\"@type\":\"WebPage\",\"@id\":\"https:\/\/urban-connect.com\/de\/news\/neue-app-funktion-multiride-funktion\/\",\"url\":\"https:\/\/urban-connect.com\/de\/news\/neue-app-funktion-multiride-funktion\/\",\"name\":\"Neue App Funktion \u2013 Multiride-Funktion\u00a0 - Urban Connect\",\"isPartOf\":{\"@id\":\"https:\/\/urban-connect.com\/de\/#website\"},\"primaryImageOfPage\":{\"@id\":\"https:\/\/urban-connect.com\/de\/news\/neue-app-funktion-multiride-funktion\/#primaryimage\"},\"image\":{\"@id\":\"https:\/\/urban-connect.com\/de\/news\/neue-app-funktion-multiride-funktion\/#primaryimage\"},\"thumbnailUrl\":\"https:\/\/urban-connect.com\/wp-content\/uploads\/2024\/01\/News-Feature-Template-1.png\",\"datePublished\":\"2024-01-08T11:09:00+00:00\",\"dateModified\":\"2024-09-24T09:59:53+00:00\",\"description\":\"The multi-ride function makes it possible to book several modes of transport at the same time which increases flexibility enormously.\",\"breadcrumb\":{\"@id\":\"https:\/\/urban-connect.com\/de\/news\/neue-app-funktion-multiride-funktion\/#breadcrumb\"},\"inLanguage\":\"de\",\"potentialAction\":[{\"@type\":\"ReadAction\",\"target\":[\"https:\/\/urban-connect.com\/de\/news\/neue-app-funktion-multiride-funktion\/\"]}]},{\"@type\":\"ImageObject\",\"inLanguage\":\"de\",\"@id\":\"https:\/\/urban-connect.com\/de\/news\/neue-app-funktion-multiride-funktion\/#primaryimage\",\"url\":\"https:\/\/urban-connect.com\/wp-content\/uploads\/2024\/01\/News-Feature-Template-1.png\",\"contentUrl\":\"https:\/\/urban-connect.com\/wp-content\/uploads\/2024\/01\/News-Feature-Template-1.png\",\"width\":1438,\"height\":1080,\"caption\":\"News Feature\"},{\"@type\":\"BreadcrumbList\",\"@id\":\"https:\/\/urban-connect.com\/de\/news\/neue-app-funktion-multiride-funktion\/#breadcrumb\",\"itemListElement\":[{\"@type\":\"ListItem\",\"position\":1,\"name\":\"Home\",\"item\":\"https:\/\/urban-connect.com\/de\/\"},{\"@type\":\"ListItem\",\"position\":2,\"name\":\"Neue App Funktion \u2013 Multiride-Funktion\u00a0\"}]},{\"@type\":\"WebSite\",\"@id\":\"https:\/\/urban-connect.com\/de\/#website\",\"url\":\"https:\/\/urban-connect.com\/de\/\",\"name\":\"Urban Connect\",\"description\":\"\",\"potentialAction\":[{\"@type\":\"SearchAction\",\"target\":{\"@type\":\"EntryPoint\",\"urlTemplate\":\"https:\/\/urban-connect.com\/de\/?s={search_term_string}\"},\"query-input\":\"required name=search_term_string\"}],\"inLanguage\":\"de\"}]}<\/script>\n<!-- \/ Yoast SEO plugin. -->","yoast_head_json":{"title":"Neue App Funktion \u2013 Multiride-Funktion\u00a0 - Urban Connect","description":"The multi-ride function makes it possible to book several modes of transport at the same time which increases flexibility enormously.","robots":{"index":"index","follow":"follow","max-snippet":"max-snippet:-1","max-image-preview":"max-image-preview:large","max-video-preview":"max-video-preview:-1"},"canonical":"https:\/\/urban-connect.com\/de\/news\/neue-app-funktion-multiride-funktion\/","og_locale":"de_DE","og_type":"article","og_title":"Neue App Funktion \u2013 Multiride-Funktion\u00a0 - Urban Connect","og_description":"The multi-ride function makes it possible to book several modes of transport at the same time which increases flexibility enormously.","og_url":"https:\/\/urban-connect.com\/de\/news\/neue-app-funktion-multiride-funktion\/","og_site_name":"Urban Connect","article_modified_time":"2024-09-24T09:59:53+00:00","og_image":[{"width":1438,"height":1080,"url":"https:\/\/urban-connect.com\/wp-content\/uploads\/2024\/01\/News-Feature-Template-1.png","type":"image\/png"}],"twitter_card":"summary_large_image","twitter_misc":{"Gesch\u00e4tzte Lesezeit":"2\u00a0Minuten"},"schema":{"@context":"https:\/\/schema.org","@graph":[{"@type":"WebPage","@id":"https:\/\/urban-connect.com\/de\/news\/neue-app-funktion-multiride-funktion\/","url":"https:\/\/urban-connect.com\/de\/news\/neue-app-funktion-multiride-funktion\/","name":"Neue App Funktion \u2013 Multiride-Funktion\u00a0 - Urban Connect","isPartOf":{"@id":"https:\/\/urban-connect.com\/de\/#website"},"primaryImageOfPage":{"@id":"https:\/\/urban-connect.com\/de\/news\/neue-app-funktion-multiride-funktion\/#primaryimage"},"image":{"@id":"https:\/\/urban-connect.com\/de\/news\/neue-app-funktion-multiride-funktion\/#primaryimage"},"thumbnailUrl":"https:\/\/urban-connect.com\/wp-content\/uploads\/2024\/01\/News-Feature-Template-1.png","datePublished":"2024-01-08T11:09:00+00:00","dateModified":"2024-09-24T09:59:53+00:00","description":"The multi-ride function makes it possible to book several modes of transport at the same time which increases flexibility enormously.","breadcrumb":{"@id":"https:\/\/urban-connect.com\/de\/news\/neue-app-funktion-multiride-funktion\/#breadcrumb"},"inLanguage":"de","potentialAction":[{"@type":"ReadAction","target":["https:\/\/urban-connect.com\/de\/news\/neue-app-funktion-multiride-funktion\/"]}]},{"@type":"ImageObject","inLanguage":"de","@id":"https:\/\/urban-connect.com\/de\/news\/neue-app-funktion-multiride-funktion\/#primaryimage","url":"https:\/\/urban-connect.com\/wp-content\/uploads\/2024\/01\/News-Feature-Template-1.png","contentUrl":"https:\/\/urban-connect.com\/wp-content\/uploads\/2024\/01\/News-Feature-Template-1.png","width":1438,"height":1080,"caption":"News Feature"},{"@type":"BreadcrumbList","@id":"https:\/\/urban-connect.com\/de\/news\/neue-app-funktion-multiride-funktion\/#breadcrumb","itemListElement":[{"@type":"ListItem","position":1,"name":"Home","item":"https:\/\/urban-connect.com\/de\/"},{"@type":"ListItem","position":2,"name":"Neue App Funktion \u2013 Multiride-Funktion\u00a0"}]},{"@type":"WebSite","@id":"https:\/\/urban-connect.com\/de\/#website","url":"https:\/\/urban-connect.com\/de\/","name":"Urban Connect","description":"","potentialAction":[{"@type":"SearchAction","target":{"@type":"EntryPoint","urlTemplate":"https:\/\/urban-connect.com\/de\/?s={search_term_string}"},"query-input":"required name=search_term_string"}],"inLanguage":"de"}]}},"_links":{"self":[{"href":"https:\/\/urban-connect.com\/de\/wp-json\/wp\/v2\/news\/5672","targetHints":{"allow":["GET"]}}],"collection":[{"href":"https:\/\/urban-connect.com\/de\/wp-json\/wp\/v2\/news"}],"about":[{"href":"https:\/\/urban-connect.com\/de\/wp-json\/wp\/v2\/types\/news"}],"wp:featuredmedia":[{"embeddable":true,"href":"https:\/\/urban-connect.com\/de\/wp-json\/wp\/v2\/media\/3986"}],"wp:attachment":[{"href":"https:\/\/urban-connect.com\/de\/wp-json\/wp\/v2\/media?parent=5672"}],"wp:term":[{"taxonomy":"news_category","embeddable":true,"href":"https:\/\/urban-connect.com\/de\/wp-json\/wp\/v2\/news_category?post=5672"}],"curies":[{"name":"wp","href":"https:\/\/api.w.org\/{rel}","templated":true}]}}