{"id":4674,"date":"2024-06-05T08:15:36","date_gmt":"2024-06-05T08:15:36","guid":{"rendered":"https:\/\/urban-connect.com\/?post_type=news&#038;p=4674"},"modified":"2024-07-25T11:53:23","modified_gmt":"2024-07-25T11:53:23","slug":"strategische-partnerschaft-von-urban-connect-und-post-company-cars","status":"publish","type":"news","link":"https:\/\/urban-connect.com\/de\/news\/strategische-partnerschaft-von-urban-connect-und-post-company-cars\/","title":{"rendered":"Strategische Partnerschaft von Urban Connect und Post Company Cars \u00a0"},"content":{"rendered":"\n<p><strong>Der Mobilit\u00e4tsplattformanbieter Urban Connect und die Flottenmanagerin Post Company Cars gehen eine Kooperationsvereinbarung ein, um die Zukunft der Firmenmobilit\u00e4t nachhaltiger zu gestalten. <\/strong>Die Zusammenarbeit unterstreicht das enorme Engagement beider Firmen f\u00fcr eine nachhaltige Mobilit\u00e4t und f\u00fcr die Integration multimodaler L\u00f6sungen in Unternehmen.&nbsp;<\/p>\n\n\n\n<p>Urban Connect, die f\u00fchrende multimodale Mobilit\u00e4tsplattform f\u00fcr Firmen in der Schweiz, und Post Company Cars, die gr\u00f6sste markenunabh\u00e4ngige Flottenmanagerin der Schweiz, arbeiten zusammen. Die strategische Partnerschaft hat zum Ziel, die Mobilit\u00e4t von Firmenkunden im Bereich der Digitalisierung und der Integration von multimodalen und nachhaltigen Angeboten gesamtheitlich zu gestalten und diese Mobilit\u00e4tsl\u00f6sungen in Unternehmen zu f\u00f6rdern. Im Rahmen der Zusammenarbeit wird Urban Connect die multimodale Mobilit\u00e4tsplattform zur Verf\u00fcgung stellen und die dazugeh\u00f6rigen Services zusammen mit Post Company Cars gew\u00e4hrleisten.&nbsp;<\/p>\n\n\n\n<p>Die Kooperation erweitert das bestehende Partnernetzwerk, das Urban Connect bereits im letzten Jahr gemeinsam mit der SBB im Schweizer Markt etabliert hat, und unterstreicht die zunehmende Bedeutung von Mobilit\u00e4ts\u00f6kosystemen f\u00fcr Firmenkunden in der Schweiz. Als starker strategischer Partner f\u00f6rdert Urban Connect zuk\u00fcnftig gemeinsam mit der SBB und Post Company Cars eine nachhaltige Mobilit\u00e4tslandschaft in der Schweiz.&nbsp;<\/p>\n\n\n\n<p><strong>Die Stimmen zur Partnerschaft<\/strong>&nbsp;<\/p>\n\n\n\n<ul class=\"wp-block-list\">\n<li><strong>Robert Ruttmann, CEO von Urban Connect:<\/strong> \u00abUnsere Zusammenarbeit mit Post Company Cars unterstreicht unser gemeinsames Engagement f\u00fcr eine nachhaltige Mobilit\u00e4tslandschaft in der Schweiz. Indem wir auf die Integration multimodaler, geteilter Mobilit\u00e4tsl\u00f6sungen bei Firmen setzen, wollen wir nicht nur Emissionen reduzieren, sondern auch die Mobilit\u00e4t unserer Kunden transparenter gestalten. Das Ziel ist es, Mitarbeitenden eine vielf\u00e4ltige Palette an Mobilit\u00e4tsoptionen in einer einzigen App zu bieten.\u00bb&nbsp;<\/li>\n\n\n\n<li><strong>Nigel Storny, CEO von Post Company Cars:<\/strong> \u00abDie Mobilit\u00e4tsbranche und auch Firmenflotten stehen vor grossen Ver\u00e4nderungen \u2013 wir sind \u00fcberzeugt, dank der Partnerschaft mit Urban Connect gemeinsam nachhaltige Mobilit\u00e4tsl\u00f6sungen zu erarbeiten, um die Herausforderungen erfolgreich zu meistern. Wir unterst\u00fctzen unsere Kunden konsequent auf ihrem Weg zur Netto-Null-Strategie.\u00bb &nbsp;<\/li>\n<\/ul>\n\n\n\n<p><strong>\u00dcber Urban Connect<\/strong>&nbsp;<\/p>\n\n\n\n<p>Urban Connect revolutioniert die Art und Weise, wie Unternehmen die Mitarbeitermobilit\u00e4t angehen, indem es ein vollst\u00e4ndig integriertes \u00d6kosystem von geteilten Mobilit\u00e4tsoptionen anbietet. \u00dcber 50 Firmen, darunter Roche, Google und Swiss, setzen bereits auf die geteilten E-Autos, E-Bike- und E-Scooter-Flotten, die mit \u00f6V-Zugang, digitalen Parkl\u00f6sungen, Flottenintelligenz und einem \u00fcbergreifenden Mobilit\u00e4tsbudget erg\u00e4nzt werden. So sparen Firmen Kosten, Platz und Emissionen, und erweitern dabei grundlegend die Mobilit\u00e4tsoptionen ihrer Mitarbeitenden. <\/p>\n\n\n\n<p><strong>\u00dcber Post Company Cars<\/strong>&nbsp;<\/p>\n\n\n\n<p>Fullservice aus einer Hand: Post Company Cars AG ist die gr\u00f6sste marken- und herstellerunabh\u00e4ngige Flottenmanagerin der Schweiz. Sie ist zudem f\u00fchrend im Bereich der nachhaltigen Mobilit\u00e4tsl\u00f6sungen und bewirtschaftet schweizweit die gr\u00f6sste E-Flotte mit \u00fcber 7000 Fahrzeugen. Das Schweizer KMU besch\u00e4ftigt 80 Fachspezialistinnen und -spezialisten, die mit viel Herzblut und Know-how Flottenmanagement f\u00fcr die Schweizerische Post und zahlreiche Gesch\u00e4ftskunden in der Schweiz und Liechtenstein betreiben. Von der Analyse und Planung \u00fcber Einkauf, Finanzierung, Versicherung, Instandhaltung, Reparatur und Ladel\u00f6sungen bis hin zum Wiederverkauf, sowohl f\u00fcr Klein- wie auch Grossflotten: Die Kundenunternehmen profitieren von innovativen und digitalen Angeboten.<\/p>\n\n\n\n<p>Change Mobility &#8211; Change the World<\/p>\n\n\n    <section class=\"related-posts\">\n        <div class=\"container\">\n            <h4 class=\"block-title\"><\/h4>\n        <\/div>\n        <div class=\"container posts-wrap\">\n            <div class=\"swiper swiper-related-posts\">\n                <div class=\"swiper-wrapper\">\n                                            <div class=\"swiper-slide\">\n                            <div class=\"card-horizontal\">\n    <div class=\"left-side\">\n                    <a href=\"https:\/\/urban-connect.com\/de\/news\/wheels-wine-2026-eine-wegweisende-ausgabe-die-die-zukunft-der-unternehmensmobilitaet-gestaltet\/\">\n                <img decoding=\"async\" \n                    class=\"image lazyload\" data-src=\"https:\/\/urban-connect.com\/wp-content\/uploads\/2026\/03\/F06A4076-768x512.jpg\"\n                    data-srcset=\"https:\/\/urban-connect.com\/wp-content\/uploads\/2026\/03\/F06A4076-768x512.jpg 768w, https:\/\/urban-connect.com\/wp-content\/uploads\/2026\/03\/F06A4076-300x200.jpg 300w, https:\/\/urban-connect.com\/wp-content\/uploads\/2026\/03\/F06A4076-1024x683.jpg 1024w, https:\/\/urban-connect.com\/wp-content\/uploads\/2026\/03\/F06A4076-1536x1024.jpg 1536w, https:\/\/urban-connect.com\/wp-content\/uploads\/2026\/03\/F06A4076-2048x1365.jpg 2048w, https:\/\/urban-connect.com\/wp-content\/uploads\/2026\/03\/F06A4076-1620x1080.jpg 1620w\"\n                    data-sizes=\"(max-width: 768px) 100vw, 768px\"\n                    alt=\"Wheels &amp; Wine 2026 \u2013 Eine wegweisende Ausgabe, die die Zukunft der Unternehmensmobilit\u00e4t gestaltet\"\n                 src=\"data:image\/gif;base64,R0lGODlhAQABAAAAACH5BAEKAAEALAAAAAABAAEAAAICTAEAOw==\" style=\"--smush-placeholder-width: 768px; --smush-placeholder-aspect-ratio: 768\/512;\"><noscript><img decoding=\"async\" \n                    class=\"image\" src=\"https:\/\/urban-connect.com\/wp-content\/uploads\/2026\/03\/F06A4076-768x512.jpg\"\n                    srcset=\"https:\/\/urban-connect.com\/wp-content\/uploads\/2026\/03\/F06A4076-768x512.jpg 768w, https:\/\/urban-connect.com\/wp-content\/uploads\/2026\/03\/F06A4076-300x200.jpg 300w, https:\/\/urban-connect.com\/wp-content\/uploads\/2026\/03\/F06A4076-1024x683.jpg 1024w, https:\/\/urban-connect.com\/wp-content\/uploads\/2026\/03\/F06A4076-1536x1024.jpg 1536w, https:\/\/urban-connect.com\/wp-content\/uploads\/2026\/03\/F06A4076-2048x1365.jpg 2048w, https:\/\/urban-connect.com\/wp-content\/uploads\/2026\/03\/F06A4076-1620x1080.jpg 1620w\"\n                    sizes=\"(max-width: 768px) 100vw, 768px\"\n                    alt=\"Wheels &amp; Wine 2026 \u2013 Eine wegweisende Ausgabe, die die Zukunft der Unternehmensmobilit\u00e4t gestaltet\"\n                ><\/noscript>\n            <\/a>\n                <\/div>\n    <div class=\"right-side\">\n                    <a href=\"https:\/\/urban-connect.com\/de\/news\/wheels-wine-2026-eine-wegweisende-ausgabe-die-die-zukunft-der-unternehmensmobilitaet-gestaltet\/\">\n                <h6 class=\"title\">Wheels &amp; Wine 2026 \u2013 Eine wegweisende Ausgabe, die die Zukunft der Unternehmensmobilit\u00e4t gestaltet<\/h6>\n            <\/a>\n                        <span class=\"date\">M\u00e4rz 24, 2026 <\/span>\n            \n\t        <\/div>\n<\/div>                        <\/div>\n                                                <div class=\"swiper-slide\">\n                            <div class=\"card-horizontal\">\n    <div class=\"left-side\">\n                    <a href=\"https:\/\/urban-connect.com\/de\/news\/was-passiert-wenn-das-laden-von-elektroautos-endlich-funktioniert-wie-urban-connect-und-zaptec-eine-bessere-ladeinfrastruktur-fuer-elektroautos-geschaffen-haben\/\">\n                <img decoding=\"async\" \n                    class=\"image lazyload\" data-src=\"https:\/\/urban-connect.com\/wp-content\/uploads\/2026\/03\/Zaptec-cover-3-1-768x453.png\"\n                    data-srcset=\"https:\/\/urban-connect.com\/wp-content\/uploads\/2026\/03\/Zaptec-cover-3-1-768x453.png 768w, https:\/\/urban-connect.com\/wp-content\/uploads\/2026\/03\/Zaptec-cover-3-1-300x177.png 300w, https:\/\/urban-connect.com\/wp-content\/uploads\/2026\/03\/Zaptec-cover-3-1-1024x604.png 1024w, https:\/\/urban-connect.com\/wp-content\/uploads\/2026\/03\/Zaptec-cover-3-1-1536x906.png 1536w, https:\/\/urban-connect.com\/wp-content\/uploads\/2026\/03\/Zaptec-cover-3-1-2048x1208.png 2048w, https:\/\/urban-connect.com\/wp-content\/uploads\/2026\/03\/Zaptec-cover-3-1-1831x1080.png 1831w\"\n                    data-sizes=\"(max-width: 768px) 100vw, 768px\"\n                    alt=\"Was passiert, wenn das Laden von Elektroautos endlich funktioniert?\"\n                 src=\"data:image\/gif;base64,R0lGODlhAQABAAAAACH5BAEKAAEALAAAAAABAAEAAAICTAEAOw==\" style=\"--smush-placeholder-width: 768px; --smush-placeholder-aspect-ratio: 768\/453;\"><noscript><img decoding=\"async\" \n                    class=\"image\" src=\"https:\/\/urban-connect.com\/wp-content\/uploads\/2026\/03\/Zaptec-cover-3-1-768x453.png\"\n                    srcset=\"https:\/\/urban-connect.com\/wp-content\/uploads\/2026\/03\/Zaptec-cover-3-1-768x453.png 768w, https:\/\/urban-connect.com\/wp-content\/uploads\/2026\/03\/Zaptec-cover-3-1-300x177.png 300w, https:\/\/urban-connect.com\/wp-content\/uploads\/2026\/03\/Zaptec-cover-3-1-1024x604.png 1024w, https:\/\/urban-connect.com\/wp-content\/uploads\/2026\/03\/Zaptec-cover-3-1-1536x906.png 1536w, https:\/\/urban-connect.com\/wp-content\/uploads\/2026\/03\/Zaptec-cover-3-1-2048x1208.png 2048w, https:\/\/urban-connect.com\/wp-content\/uploads\/2026\/03\/Zaptec-cover-3-1-1831x1080.png 1831w\"\n                    sizes=\"(max-width: 768px) 100vw, 768px\"\n                    alt=\"Was passiert, wenn das Laden von Elektroautos endlich funktioniert?\"\n                ><\/noscript>\n            <\/a>\n                <\/div>\n    <div class=\"right-side\">\n                    <a href=\"https:\/\/urban-connect.com\/de\/news\/was-passiert-wenn-das-laden-von-elektroautos-endlich-funktioniert-wie-urban-connect-und-zaptec-eine-bessere-ladeinfrastruktur-fuer-elektroautos-geschaffen-haben\/\">\n                <h6 class=\"title\">Was passiert, wenn das Laden von Elektroautos endlich funktioniert?<\/h6>\n            <\/a>\n                        <span class=\"date\">M\u00e4rz 17, 2026 <\/span>\n            \n\t        <\/div>\n<\/div>                        <\/div>\n                                                <div class=\"swiper-slide\">\n                            <div class=\"card-horizontal\">\n    <div class=\"left-side\">\n                    <a href=\"https:\/\/urban-connect.com\/de\/news\/fallstudie-im-blickpunkt-lonza-visps-partnerschaft-fuer-nachhaltige-mobilitaet-mit-urban-connect\/\">\n                <img decoding=\"async\" \n                    class=\"image lazyload\" data-src=\"https:\/\/urban-connect.com\/wp-content\/uploads\/2026\/02\/HELSANA-x-UC-banner-768x511.png\"\n                    data-srcset=\"https:\/\/urban-connect.com\/wp-content\/uploads\/2026\/02\/HELSANA-x-UC-banner-768x511.png 768w, https:\/\/urban-connect.com\/wp-content\/uploads\/2026\/02\/HELSANA-x-UC-banner-300x199.png 300w, https:\/\/urban-connect.com\/wp-content\/uploads\/2026\/02\/HELSANA-x-UC-banner-1024x681.png 1024w, https:\/\/urban-connect.com\/wp-content\/uploads\/2026\/02\/HELSANA-x-UC-banner-1536x1021.png 1536w, https:\/\/urban-connect.com\/wp-content\/uploads\/2026\/02\/HELSANA-x-UC-banner.png 1590w\"\n                    data-sizes=\"(max-width: 768px) 100vw, 768px\"\n                    alt=\"Fallstudie im Blickpunkt: Helsana erm\u00f6glicht \u00fcber 3'400 Mitarbeitenden ein Urban Connect Mobility Budget \u2013 dank SCIM ganz reibungslos.\"\n                 src=\"data:image\/gif;base64,R0lGODlhAQABAAAAACH5BAEKAAEALAAAAAABAAEAAAICTAEAOw==\" style=\"--smush-placeholder-width: 768px; --smush-placeholder-aspect-ratio: 768\/511;\"><noscript><img decoding=\"async\" \n                    class=\"image\" src=\"https:\/\/urban-connect.com\/wp-content\/uploads\/2026\/02\/HELSANA-x-UC-banner-768x511.png\"\n                    srcset=\"https:\/\/urban-connect.com\/wp-content\/uploads\/2026\/02\/HELSANA-x-UC-banner-768x511.png 768w, https:\/\/urban-connect.com\/wp-content\/uploads\/2026\/02\/HELSANA-x-UC-banner-300x199.png 300w, https:\/\/urban-connect.com\/wp-content\/uploads\/2026\/02\/HELSANA-x-UC-banner-1024x681.png 1024w, https:\/\/urban-connect.com\/wp-content\/uploads\/2026\/02\/HELSANA-x-UC-banner-1536x1021.png 1536w, https:\/\/urban-connect.com\/wp-content\/uploads\/2026\/02\/HELSANA-x-UC-banner.png 1590w\"\n                    sizes=\"(max-width: 768px) 100vw, 768px\"\n                    alt=\"Fallstudie im Blickpunkt: Helsana erm\u00f6glicht \u00fcber 3'400 Mitarbeitenden ein Urban Connect Mobility Budget \u2013 dank SCIM ganz reibungslos.\"\n                ><\/noscript>\n            <\/a>\n                <\/div>\n    <div class=\"right-side\">\n                    <a href=\"https:\/\/urban-connect.com\/de\/news\/fallstudie-im-blickpunkt-lonza-visps-partnerschaft-fuer-nachhaltige-mobilitaet-mit-urban-connect\/\">\n                <h6 class=\"title\">Fallstudie im Blickpunkt: Helsana erm\u00f6glicht \u00fcber 3&#8217;400 Mitarbeitenden ein Urban Connect Mobility Budget \u2013 dank SCIM ganz reibungslos.<\/h6>\n            <\/a>\n                        <span class=\"date\">Februar 05, 2026 <\/span>\n            \n\t        <\/div>\n<\/div>                        <\/div>\n                                        <\/div>\n                <div class=\"btn-slider \">\n    <div class=\"prev\">\n        <svg width=\"22\" height=\"12\" viewBox=\"0 0 22 12\" fill=\"none\" xmlns=\"http:\/\/www.w3.org\/2000\/svg\">\n            <path d=\"M5.094 4.476L7.74 1.83L6.03 0.102L0.432 5.7L6.03 11.298L7.74 9.57L5.076 6.906H21.42V4.476H5.094Z\" fill=\"white\"\/>\n        <\/svg>\n    <\/div>\n    <div class=\"next\">\n        <svg width=\"22\" height=\"12\" viewBox=\"0 0 22 12\" fill=\"none\" xmlns=\"http:\/\/www.w3.org\/2000\/svg\">\n            <path d=\"M14.292 1.83L16.938 4.476H0.612V6.906H16.956L14.292 9.57L16.002 11.298L21.6 5.7L16.002 0.102L14.292 1.83Z\" fill=\"white\"\/>\n        <\/svg>\n    <\/div>\n<\/div>            <\/div>\n        <\/div>\n    <\/section>\n    ","protected":false},"excerpt":{"rendered":"<p>Der Mobilit\u00e4tsplattformanbieter Urban Connect und die Flottenmanagerin Post Company Cars gehen eine Kooperationsvereinbarung ein, um die Zukunft der Firmenmobilit\u00e4t nachhaltiger zu gestalten. Die Zusammenarbeit unterstreicht das enorme Engagement beider Firmen f\u00fcr eine nachhaltige Mobilit\u00e4t und f\u00fcr die Integration multimodaler L\u00f6sungen in Unternehmen.&nbsp; Urban Connect, die f\u00fchrende multimodale Mobilit\u00e4tsplattform f\u00fcr Firmen in der Schweiz, und Post [&hellip;]<\/p>\n","protected":false},"featured_media":4673,"parent":0,"template":"","news_category":[38],"class_list":["post-4674","news","type-news","status-publish","has-post-thumbnail","hentry","news_category-news-de"],"acf":[],"yoast_head":"<!-- This site is optimized with the Yoast SEO plugin v23.2 - https:\/\/yoast.com\/wordpress\/plugins\/seo\/ -->\n<title>Strategische Partnerschaft von Urban Connect und Post Company Cars \u00a0 - Urban Connect<\/title>\n<meta name=\"robots\" content=\"index, follow, max-snippet:-1, max-image-preview:large, max-video-preview:-1\" \/>\n<link rel=\"canonical\" href=\"https:\/\/urban-connect.com\/de\/news\/strategische-partnerschaft-von-urban-connect-und-post-company-cars\/\" \/>\n<meta property=\"og:locale\" content=\"de_DE\" \/>\n<meta property=\"og:type\" content=\"article\" \/>\n<meta property=\"og:title\" content=\"Strategische Partnerschaft von Urban Connect und Post Company Cars \u00a0 - Urban Connect\" \/>\n<meta property=\"og:description\" content=\"Der Mobilit\u00e4tsplattformanbieter Urban Connect und die Flottenmanagerin Post Company Cars gehen eine Kooperationsvereinbarung ein, um die Zukunft der Firmenmobilit\u00e4t nachhaltiger zu gestalten. Die Zusammenarbeit unterstreicht das enorme Engagement beider Firmen f\u00fcr eine nachhaltige Mobilit\u00e4t und f\u00fcr die Integration multimodaler L\u00f6sungen in Unternehmen.&nbsp; Urban Connect, die f\u00fchrende multimodale Mobilit\u00e4tsplattform f\u00fcr Firmen in der Schweiz, und Post [&hellip;]\" \/>\n<meta property=\"og:url\" content=\"https:\/\/urban-connect.com\/de\/news\/strategische-partnerschaft-von-urban-connect-und-post-company-cars\/\" \/>\n<meta property=\"og:site_name\" content=\"Urban Connect\" \/>\n<meta property=\"article:modified_time\" content=\"2024-07-25T11:53:23+00:00\" \/>\n<meta property=\"og:image\" content=\"https:\/\/urban-connect.com\/wp-content\/uploads\/2024\/06\/News-Feature-Image_post.jpg\" \/>\n\t<meta property=\"og:image:width\" content=\"1438\" \/>\n\t<meta property=\"og:image:height\" content=\"1080\" \/>\n\t<meta property=\"og:image:type\" content=\"image\/jpeg\" \/>\n<meta name=\"twitter:card\" content=\"summary_large_image\" \/>\n<meta name=\"twitter:label1\" content=\"Gesch\u00e4tzte Lesezeit\" \/>\n\t<meta name=\"twitter:data1\" content=\"3\u00a0Minuten\" \/>\n<script type=\"application\/ld+json\" class=\"yoast-schema-graph\">{\"@context\":\"https:\/\/schema.org\",\"@graph\":[{\"@type\":\"WebPage\",\"@id\":\"https:\/\/urban-connect.com\/de\/news\/strategische-partnerschaft-von-urban-connect-und-post-company-cars\/\",\"url\":\"https:\/\/urban-connect.com\/de\/news\/strategische-partnerschaft-von-urban-connect-und-post-company-cars\/\",\"name\":\"Strategische Partnerschaft von Urban Connect und Post Company Cars \u00a0 - Urban Connect\",\"isPartOf\":{\"@id\":\"https:\/\/urban-connect.com\/de\/#website\"},\"primaryImageOfPage\":{\"@id\":\"https:\/\/urban-connect.com\/de\/news\/strategische-partnerschaft-von-urban-connect-und-post-company-cars\/#primaryimage\"},\"image\":{\"@id\":\"https:\/\/urban-connect.com\/de\/news\/strategische-partnerschaft-von-urban-connect-und-post-company-cars\/#primaryimage\"},\"thumbnailUrl\":\"https:\/\/urban-connect.com\/wp-content\/uploads\/2024\/06\/News-Feature-Image_post.jpg\",\"datePublished\":\"2024-06-05T08:15:36+00:00\",\"dateModified\":\"2024-07-25T11:53:23+00:00\",\"breadcrumb\":{\"@id\":\"https:\/\/urban-connect.com\/de\/news\/strategische-partnerschaft-von-urban-connect-und-post-company-cars\/#breadcrumb\"},\"inLanguage\":\"de\",\"potentialAction\":[{\"@type\":\"ReadAction\",\"target\":[\"https:\/\/urban-connect.com\/de\/news\/strategische-partnerschaft-von-urban-connect-und-post-company-cars\/\"]}]},{\"@type\":\"ImageObject\",\"inLanguage\":\"de\",\"@id\":\"https:\/\/urban-connect.com\/de\/news\/strategische-partnerschaft-von-urban-connect-und-post-company-cars\/#primaryimage\",\"url\":\"https:\/\/urban-connect.com\/wp-content\/uploads\/2024\/06\/News-Feature-Image_post.jpg\",\"contentUrl\":\"https:\/\/urban-connect.com\/wp-content\/uploads\/2024\/06\/News-Feature-Image_post.jpg\",\"width\":1438,\"height\":1080,\"caption\":\"News Feature Image_post\"},{\"@type\":\"BreadcrumbList\",\"@id\":\"https:\/\/urban-connect.com\/de\/news\/strategische-partnerschaft-von-urban-connect-und-post-company-cars\/#breadcrumb\",\"itemListElement\":[{\"@type\":\"ListItem\",\"position\":1,\"name\":\"Home\",\"item\":\"https:\/\/urban-connect.com\/de\/\"},{\"@type\":\"ListItem\",\"position\":2,\"name\":\"Strategische Partnerschaft von Urban Connect und Post Company Cars \u00a0\"}]},{\"@type\":\"WebSite\",\"@id\":\"https:\/\/urban-connect.com\/de\/#website\",\"url\":\"https:\/\/urban-connect.com\/de\/\",\"name\":\"Urban Connect\",\"description\":\"\",\"potentialAction\":[{\"@type\":\"SearchAction\",\"target\":{\"@type\":\"EntryPoint\",\"urlTemplate\":\"https:\/\/urban-connect.com\/de\/?s={search_term_string}\"},\"query-input\":\"required name=search_term_string\"}],\"inLanguage\":\"de\"}]}<\/script>\n<!-- \/ Yoast SEO plugin. -->","yoast_head_json":{"title":"Strategische Partnerschaft von Urban Connect und Post Company Cars \u00a0 - Urban Connect","robots":{"index":"index","follow":"follow","max-snippet":"max-snippet:-1","max-image-preview":"max-image-preview:large","max-video-preview":"max-video-preview:-1"},"canonical":"https:\/\/urban-connect.com\/de\/news\/strategische-partnerschaft-von-urban-connect-und-post-company-cars\/","og_locale":"de_DE","og_type":"article","og_title":"Strategische Partnerschaft von Urban Connect und Post Company Cars \u00a0 - Urban Connect","og_description":"Der Mobilit\u00e4tsplattformanbieter Urban Connect und die Flottenmanagerin Post Company Cars gehen eine Kooperationsvereinbarung ein, um die Zukunft der Firmenmobilit\u00e4t nachhaltiger zu gestalten. Die Zusammenarbeit unterstreicht das enorme Engagement beider Firmen f\u00fcr eine nachhaltige Mobilit\u00e4t und f\u00fcr die Integration multimodaler L\u00f6sungen in Unternehmen.&nbsp; Urban Connect, die f\u00fchrende multimodale Mobilit\u00e4tsplattform f\u00fcr Firmen in der Schweiz, und Post [&hellip;]","og_url":"https:\/\/urban-connect.com\/de\/news\/strategische-partnerschaft-von-urban-connect-und-post-company-cars\/","og_site_name":"Urban Connect","article_modified_time":"2024-07-25T11:53:23+00:00","og_image":[{"width":1438,"height":1080,"url":"https:\/\/urban-connect.com\/wp-content\/uploads\/2024\/06\/News-Feature-Image_post.jpg","type":"image\/jpeg"}],"twitter_card":"summary_large_image","twitter_misc":{"Gesch\u00e4tzte Lesezeit":"3\u00a0Minuten"},"schema":{"@context":"https:\/\/schema.org","@graph":[{"@type":"WebPage","@id":"https:\/\/urban-connect.com\/de\/news\/strategische-partnerschaft-von-urban-connect-und-post-company-cars\/","url":"https:\/\/urban-connect.com\/de\/news\/strategische-partnerschaft-von-urban-connect-und-post-company-cars\/","name":"Strategische Partnerschaft von Urban Connect und Post Company Cars \u00a0 - Urban Connect","isPartOf":{"@id":"https:\/\/urban-connect.com\/de\/#website"},"primaryImageOfPage":{"@id":"https:\/\/urban-connect.com\/de\/news\/strategische-partnerschaft-von-urban-connect-und-post-company-cars\/#primaryimage"},"image":{"@id":"https:\/\/urban-connect.com\/de\/news\/strategische-partnerschaft-von-urban-connect-und-post-company-cars\/#primaryimage"},"thumbnailUrl":"https:\/\/urban-connect.com\/wp-content\/uploads\/2024\/06\/News-Feature-Image_post.jpg","datePublished":"2024-06-05T08:15:36+00:00","dateModified":"2024-07-25T11:53:23+00:00","breadcrumb":{"@id":"https:\/\/urban-connect.com\/de\/news\/strategische-partnerschaft-von-urban-connect-und-post-company-cars\/#breadcrumb"},"inLanguage":"de","potentialAction":[{"@type":"ReadAction","target":["https:\/\/urban-connect.com\/de\/news\/strategische-partnerschaft-von-urban-connect-und-post-company-cars\/"]}]},{"@type":"ImageObject","inLanguage":"de","@id":"https:\/\/urban-connect.com\/de\/news\/strategische-partnerschaft-von-urban-connect-und-post-company-cars\/#primaryimage","url":"https:\/\/urban-connect.com\/wp-content\/uploads\/2024\/06\/News-Feature-Image_post.jpg","contentUrl":"https:\/\/urban-connect.com\/wp-content\/uploads\/2024\/06\/News-Feature-Image_post.jpg","width":1438,"height":1080,"caption":"News Feature Image_post"},{"@type":"BreadcrumbList","@id":"https:\/\/urban-connect.com\/de\/news\/strategische-partnerschaft-von-urban-connect-und-post-company-cars\/#breadcrumb","itemListElement":[{"@type":"ListItem","position":1,"name":"Home","item":"https:\/\/urban-connect.com\/de\/"},{"@type":"ListItem","position":2,"name":"Strategische Partnerschaft von Urban Connect und Post Company Cars \u00a0"}]},{"@type":"WebSite","@id":"https:\/\/urban-connect.com\/de\/#website","url":"https:\/\/urban-connect.com\/de\/","name":"Urban Connect","description":"","potentialAction":[{"@type":"SearchAction","target":{"@type":"EntryPoint","urlTemplate":"https:\/\/urban-connect.com\/de\/?s={search_term_string}"},"query-input":"required name=search_term_string"}],"inLanguage":"de"}]}},"_links":{"self":[{"href":"https:\/\/urban-connect.com\/de\/wp-json\/wp\/v2\/news\/4674","targetHints":{"allow":["GET"]}}],"collection":[{"href":"https:\/\/urban-connect.com\/de\/wp-json\/wp\/v2\/news"}],"about":[{"href":"https:\/\/urban-connect.com\/de\/wp-json\/wp\/v2\/types\/news"}],"wp:featuredmedia":[{"embeddable":true,"href":"https:\/\/urban-connect.com\/de\/wp-json\/wp\/v2\/media\/4673"}],"wp:attachment":[{"href":"https:\/\/urban-connect.com\/de\/wp-json\/wp\/v2\/media?parent=4674"}],"wp:term":[{"taxonomy":"news_category","embeddable":true,"href":"https:\/\/urban-connect.com\/de\/wp-json\/wp\/v2\/news_category?post=4674"}],"curies":[{"name":"wp","href":"https:\/\/api.w.org\/{rel}","templated":true}]}}