{"id":4626,"date":"2024-05-13T14:36:02","date_gmt":"2024-05-13T14:36:02","guid":{"rendered":"https:\/\/urban-connect.com\/?post_type=news&#038;p=4626"},"modified":"2025-01-27T10:06:49","modified_gmt":"2025-01-27T10:06:49","slug":"bike-to-work-challenge-verbessern-sie-die-gesundheit-ihrer-mitarbeitenden-und-steigern-sie-die-vorteile-fuer-ihr-unternehmen","status":"publish","type":"news","link":"https:\/\/urban-connect.com\/de\/news\/bike-to-work-challenge-verbessern-sie-die-gesundheit-ihrer-mitarbeitenden-und-steigern-sie-die-vorteile-fuer-ihr-unternehmen\/","title":{"rendered":"Bike-to-Work-Challenge: F\u00f6rderung der Mitarbeitergesundheit und der Unternehmensvorteile"},"content":{"rendered":"\n<p>Die gr\u00f6sste Firmenkampagne zur F\u00f6rderung des Veloverkehrs in der Schweiz ist wieder im Gange. In den Monaten Mai und Juni nehmen \u00fcber 3&#8217;000 Unternehmen und 100&#8217;000 Mitarbeitende an einem spielerischen Wettbewerb teil, um die Gesundheit der Mitarbeitenden und gleichzeitig eine kohlenstoffarme Mobilit\u00e4t zu f\u00f6rdern.&nbsp;&nbsp;<\/p>\n\n\n\n<p>Die Kampagne ist wichtiger denn je, denn das Auto ist in der Schweiz nach wie vor das wichtigste Verkehrsmittel f\u00fcr den Arbeitsweg: \u00dcber 50 % der t\u00e4glichen Fahrten werden mit dem Auto zur\u00fcckgelegt, weniger als 10 % mit dem (E-)Bike (siehe Grafik 1). Selbst f\u00fcr sehr kurze Strecken zwischen 1 und 5 km steigen 44 % der Menschen lieber ins Auto als eine andere Alternative zu nutzen. Dies wirft die Frage auf, wie Unternehmen kohlenstoffarme Mobilit\u00e4tsoptionen wie (E-)Bikes f\u00f6rdern k\u00f6nnen.<\/p>\n\n\n\n<figure class=\"wp-block-image size-large\"><img loading=\"lazy\" decoding=\"async\" width=\"1024\" height=\"497\" data-src=\"https:\/\/urban-connect.com\/wp-content\/uploads\/2024\/05\/Bike_Benefits_Chart1_DE-1024x497.png\" alt=\"\" class=\"wp-image-4627 lazyload\" data-srcset=\"https:\/\/urban-connect.com\/wp-content\/uploads\/2024\/05\/Bike_Benefits_Chart1_DE-1024x497.png 1024w, https:\/\/urban-connect.com\/wp-content\/uploads\/2024\/05\/Bike_Benefits_Chart1_DE-300x146.png 300w, https:\/\/urban-connect.com\/wp-content\/uploads\/2024\/05\/Bike_Benefits_Chart1_DE-768x373.png 768w, https:\/\/urban-connect.com\/wp-content\/uploads\/2024\/05\/Bike_Benefits_Chart1_DE.png 1360w\" data-sizes=\"auto, (max-width: 1024px) 100vw, 1024px\" src=\"data:image\/gif;base64,R0lGODlhAQABAAAAACH5BAEKAAEALAAAAAABAAEAAAICTAEAOw==\" style=\"--smush-placeholder-width: 1024px; --smush-placeholder-aspect-ratio: 1024\/497;\" \/><noscript><img loading=\"lazy\" decoding=\"async\" width=\"1024\" height=\"497\" src=\"https:\/\/urban-connect.com\/wp-content\/uploads\/2024\/05\/Bike_Benefits_Chart1_DE-1024x497.png\" alt=\"\" class=\"wp-image-4627\" srcset=\"https:\/\/urban-connect.com\/wp-content\/uploads\/2024\/05\/Bike_Benefits_Chart1_DE-1024x497.png 1024w, https:\/\/urban-connect.com\/wp-content\/uploads\/2024\/05\/Bike_Benefits_Chart1_DE-300x146.png 300w, https:\/\/urban-connect.com\/wp-content\/uploads\/2024\/05\/Bike_Benefits_Chart1_DE-768x373.png 768w, https:\/\/urban-connect.com\/wp-content\/uploads\/2024\/05\/Bike_Benefits_Chart1_DE.png 1360w\" sizes=\"auto, (max-width: 1024px) 100vw, 1024px\" \/><\/noscript><\/figure>\n\n\n\n<p><em>Grafik 1: Dominante Autonutzung verdr\u00e4ngt andere Verkehrsmittel in der Schweiz<\/em>&nbsp;<\/p>\n\n\n\n<p><\/p>\n\n\n\n<p>M\u00f6chtest du mehr dar\u00fcber erfahren, wie eine Corporate E-Bike-Flotte dein Unternehmen ver\u00e4ndern kann? F\u00fclle einfach das Formular unten aus, und du erh\u00e4ltst das komplette Whitepaper direkt in dein E-Mail-Postfach!<\/p>\n\n\n\n<script charset=\"utf-8\" type=\"text\/javascript\" src=\"\/\/js.hsforms.net\/forms\/embed\/v2.js\"><\/script>\n<script>\n  hbspt.forms.create({\n    portalId: \"4873065\",\n    formId: \"a7bf6009-79df-4683-a504-a35945610995\"\n  });\n<\/script>\n\n\n\n<p><\/p>\n\n\n        <section class=\"author-block\">\n            <div class=\"container\">\n                <div class=\"left-side\">\n                    <h6 class=\"name\">Kathrin Siller<\/h6>\n                    <span class=\"position\">Corporate Partnerships<\/span>\n                <\/div>\n                <div class=\"right-side\">\n                                            <img decoding=\"async\" \n                        class=\"image lazyload\" data-src=\"https:\/\/urban-connect.com\/wp-content\/uploads\/2024\/05\/Kathrin-1-1024x1024.jpg\"\n                        data-srcset=\"https:\/\/urban-connect.com\/wp-content\/uploads\/2024\/05\/Kathrin-1-1024x1024.jpg 1024w, https:\/\/urban-connect.com\/wp-content\/uploads\/2024\/05\/Kathrin-1-300x300.jpg 300w, https:\/\/urban-connect.com\/wp-content\/uploads\/2024\/05\/Kathrin-1-150x150.jpg 150w, https:\/\/urban-connect.com\/wp-content\/uploads\/2024\/05\/Kathrin-1-768x768.jpg 768w, https:\/\/urban-connect.com\/wp-content\/uploads\/2024\/05\/Kathrin-1-1080x1080.jpg 1080w, https:\/\/urban-connect.com\/wp-content\/uploads\/2024\/05\/Kathrin-1.jpg 1250w\"\n                        data-sizes=\"(max-width: 1024px) 100vw, 1024px\"\n                        alt=\"Chart Image\"\n                         src=\"data:image\/gif;base64,R0lGODlhAQABAAAAACH5BAEKAAEALAAAAAABAAEAAAICTAEAOw==\" style=\"--smush-placeholder-width: 1024px; --smush-placeholder-aspect-ratio: 1024\/1024;\"><noscript><img decoding=\"async\" \n                        class=\"image\" src=\"https:\/\/urban-connect.com\/wp-content\/uploads\/2024\/05\/Kathrin-1-1024x1024.jpg\"\n                        srcset=\"https:\/\/urban-connect.com\/wp-content\/uploads\/2024\/05\/Kathrin-1-1024x1024.jpg 1024w, https:\/\/urban-connect.com\/wp-content\/uploads\/2024\/05\/Kathrin-1-300x300.jpg 300w, https:\/\/urban-connect.com\/wp-content\/uploads\/2024\/05\/Kathrin-1-150x150.jpg 150w, https:\/\/urban-connect.com\/wp-content\/uploads\/2024\/05\/Kathrin-1-768x768.jpg 768w, https:\/\/urban-connect.com\/wp-content\/uploads\/2024\/05\/Kathrin-1-1080x1080.jpg 1080w, https:\/\/urban-connect.com\/wp-content\/uploads\/2024\/05\/Kathrin-1.jpg 1250w\"\n                        sizes=\"(max-width: 1024px) 100vw, 1024px\"\n                        alt=\"Chart Image\"\n                        ><\/noscript>\n                                        <\/div>\n            <\/div>\n        <\/section>\n        ","protected":false},"excerpt":{"rendered":"<p>Die gr\u00f6sste Firmenkampagne zur F\u00f6rderung des Veloverkehrs in der Schweiz ist wieder im Gange. In den Monaten Mai und Juni nehmen \u00fcber 3&#8217;000 Unternehmen und 100&#8217;000 Mitarbeitende an einem spielerischen Wettbewerb teil, um die Gesundheit der Mitarbeitenden und gleichzeitig eine kohlenstoffarme Mobilit\u00e4t zu f\u00f6rdern.&nbsp;&nbsp; Die Kampagne ist wichtiger denn je, denn das Auto ist in [&hellip;]<\/p>\n","protected":false},"featured_media":4631,"parent":0,"template":"","news_category":[37],"class_list":["post-4626","news","type-news","status-publish","has-post-thumbnail","hentry","news_category-whitepapers-de"],"acf":[],"yoast_head":"<!-- This site is optimized with the Yoast SEO plugin v23.2 - https:\/\/yoast.com\/wordpress\/plugins\/seo\/ -->\n<title>Bike-to-Work-Challenge: F\u00f6rderung der Mitarbeitergesundheit und der Unternehmensvorteile - Urban Connect<\/title>\n<meta name=\"robots\" content=\"index, follow, max-snippet:-1, max-image-preview:large, max-video-preview:-1\" \/>\n<link rel=\"canonical\" href=\"https:\/\/urban-connect.com\/de\/news\/bike-to-work-challenge-verbessern-sie-die-gesundheit-ihrer-mitarbeitenden-und-steigern-sie-die-vorteile-fuer-ihr-unternehmen\/\" \/>\n<meta property=\"og:locale\" content=\"de_DE\" \/>\n<meta property=\"og:type\" content=\"article\" \/>\n<meta property=\"og:title\" content=\"Bike-to-Work-Challenge: F\u00f6rderung der Mitarbeitergesundheit und der Unternehmensvorteile - Urban Connect\" \/>\n<meta property=\"og:description\" content=\"Die gr\u00f6sste Firmenkampagne zur F\u00f6rderung des Veloverkehrs in der Schweiz ist wieder im Gange. In den Monaten Mai und Juni nehmen \u00fcber 3&#8217;000 Unternehmen und 100&#8217;000 Mitarbeitende an einem spielerischen Wettbewerb teil, um die Gesundheit der Mitarbeitenden und gleichzeitig eine kohlenstoffarme Mobilit\u00e4t zu f\u00f6rdern.&nbsp;&nbsp; Die Kampagne ist wichtiger denn je, denn das Auto ist in [&hellip;]\" \/>\n<meta property=\"og:url\" content=\"https:\/\/urban-connect.com\/de\/news\/bike-to-work-challenge-verbessern-sie-die-gesundheit-ihrer-mitarbeitenden-und-steigern-sie-die-vorteile-fuer-ihr-unternehmen\/\" \/>\n<meta property=\"og:site_name\" content=\"Urban Connect\" \/>\n<meta property=\"article:modified_time\" content=\"2025-01-27T10:06:49+00:00\" \/>\n<meta property=\"og:image\" content=\"https:\/\/urban-connect.com\/wp-content\/uploads\/2024\/05\/Bike_Work_Article.jpg\" \/>\n\t<meta property=\"og:image:width\" content=\"1270\" \/>\n\t<meta property=\"og:image:height\" content=\"844\" \/>\n\t<meta property=\"og:image:type\" content=\"image\/jpeg\" \/>\n<meta name=\"twitter:card\" content=\"summary_large_image\" \/>\n<meta name=\"twitter:label1\" content=\"Gesch\u00e4tzte Lesezeit\" \/>\n\t<meta name=\"twitter:data1\" content=\"2\u00a0Minuten\" \/>\n<script type=\"application\/ld+json\" class=\"yoast-schema-graph\">{\"@context\":\"https:\/\/schema.org\",\"@graph\":[{\"@type\":\"WebPage\",\"@id\":\"https:\/\/urban-connect.com\/de\/news\/bike-to-work-challenge-verbessern-sie-die-gesundheit-ihrer-mitarbeitenden-und-steigern-sie-die-vorteile-fuer-ihr-unternehmen\/\",\"url\":\"https:\/\/urban-connect.com\/de\/news\/bike-to-work-challenge-verbessern-sie-die-gesundheit-ihrer-mitarbeitenden-und-steigern-sie-die-vorteile-fuer-ihr-unternehmen\/\",\"name\":\"Bike-to-Work-Challenge: F\u00f6rderung der Mitarbeitergesundheit und der Unternehmensvorteile - Urban Connect\",\"isPartOf\":{\"@id\":\"https:\/\/urban-connect.com\/de\/#website\"},\"primaryImageOfPage\":{\"@id\":\"https:\/\/urban-connect.com\/de\/news\/bike-to-work-challenge-verbessern-sie-die-gesundheit-ihrer-mitarbeitenden-und-steigern-sie-die-vorteile-fuer-ihr-unternehmen\/#primaryimage\"},\"image\":{\"@id\":\"https:\/\/urban-connect.com\/de\/news\/bike-to-work-challenge-verbessern-sie-die-gesundheit-ihrer-mitarbeitenden-und-steigern-sie-die-vorteile-fuer-ihr-unternehmen\/#primaryimage\"},\"thumbnailUrl\":\"https:\/\/urban-connect.com\/wp-content\/uploads\/2024\/05\/Bike_Work_Article.jpg\",\"datePublished\":\"2024-05-13T14:36:02+00:00\",\"dateModified\":\"2025-01-27T10:06:49+00:00\",\"breadcrumb\":{\"@id\":\"https:\/\/urban-connect.com\/de\/news\/bike-to-work-challenge-verbessern-sie-die-gesundheit-ihrer-mitarbeitenden-und-steigern-sie-die-vorteile-fuer-ihr-unternehmen\/#breadcrumb\"},\"inLanguage\":\"de\",\"potentialAction\":[{\"@type\":\"ReadAction\",\"target\":[\"https:\/\/urban-connect.com\/de\/news\/bike-to-work-challenge-verbessern-sie-die-gesundheit-ihrer-mitarbeitenden-und-steigern-sie-die-vorteile-fuer-ihr-unternehmen\/\"]}]},{\"@type\":\"ImageObject\",\"inLanguage\":\"de\",\"@id\":\"https:\/\/urban-connect.com\/de\/news\/bike-to-work-challenge-verbessern-sie-die-gesundheit-ihrer-mitarbeitenden-und-steigern-sie-die-vorteile-fuer-ihr-unternehmen\/#primaryimage\",\"url\":\"https:\/\/urban-connect.com\/wp-content\/uploads\/2024\/05\/Bike_Work_Article.jpg\",\"contentUrl\":\"https:\/\/urban-connect.com\/wp-content\/uploads\/2024\/05\/Bike_Work_Article.jpg\",\"width\":1270,\"height\":844,\"caption\":\"Bike_Work_Article\"},{\"@type\":\"BreadcrumbList\",\"@id\":\"https:\/\/urban-connect.com\/de\/news\/bike-to-work-challenge-verbessern-sie-die-gesundheit-ihrer-mitarbeitenden-und-steigern-sie-die-vorteile-fuer-ihr-unternehmen\/#breadcrumb\",\"itemListElement\":[{\"@type\":\"ListItem\",\"position\":1,\"name\":\"Home\",\"item\":\"https:\/\/urban-connect.com\/de\/\"},{\"@type\":\"ListItem\",\"position\":2,\"name\":\"Bike-to-Work-Challenge: F\u00f6rderung der Mitarbeitergesundheit und der Unternehmensvorteile\"}]},{\"@type\":\"WebSite\",\"@id\":\"https:\/\/urban-connect.com\/de\/#website\",\"url\":\"https:\/\/urban-connect.com\/de\/\",\"name\":\"Urban Connect\",\"description\":\"\",\"potentialAction\":[{\"@type\":\"SearchAction\",\"target\":{\"@type\":\"EntryPoint\",\"urlTemplate\":\"https:\/\/urban-connect.com\/de\/?s={search_term_string}\"},\"query-input\":\"required name=search_term_string\"}],\"inLanguage\":\"de\"}]}<\/script>\n<!-- \/ Yoast SEO plugin. -->","yoast_head_json":{"title":"Bike-to-Work-Challenge: F\u00f6rderung der Mitarbeitergesundheit und der Unternehmensvorteile - Urban Connect","robots":{"index":"index","follow":"follow","max-snippet":"max-snippet:-1","max-image-preview":"max-image-preview:large","max-video-preview":"max-video-preview:-1"},"canonical":"https:\/\/urban-connect.com\/de\/news\/bike-to-work-challenge-verbessern-sie-die-gesundheit-ihrer-mitarbeitenden-und-steigern-sie-die-vorteile-fuer-ihr-unternehmen\/","og_locale":"de_DE","og_type":"article","og_title":"Bike-to-Work-Challenge: F\u00f6rderung der Mitarbeitergesundheit und der Unternehmensvorteile - Urban Connect","og_description":"Die gr\u00f6sste Firmenkampagne zur F\u00f6rderung des Veloverkehrs in der Schweiz ist wieder im Gange. In den Monaten Mai und Juni nehmen \u00fcber 3&#8217;000 Unternehmen und 100&#8217;000 Mitarbeitende an einem spielerischen Wettbewerb teil, um die Gesundheit der Mitarbeitenden und gleichzeitig eine kohlenstoffarme Mobilit\u00e4t zu f\u00f6rdern.&nbsp;&nbsp; Die Kampagne ist wichtiger denn je, denn das Auto ist in [&hellip;]","og_url":"https:\/\/urban-connect.com\/de\/news\/bike-to-work-challenge-verbessern-sie-die-gesundheit-ihrer-mitarbeitenden-und-steigern-sie-die-vorteile-fuer-ihr-unternehmen\/","og_site_name":"Urban Connect","article_modified_time":"2025-01-27T10:06:49+00:00","og_image":[{"width":1270,"height":844,"url":"https:\/\/urban-connect.com\/wp-content\/uploads\/2024\/05\/Bike_Work_Article.jpg","type":"image\/jpeg"}],"twitter_card":"summary_large_image","twitter_misc":{"Gesch\u00e4tzte Lesezeit":"2\u00a0Minuten"},"schema":{"@context":"https:\/\/schema.org","@graph":[{"@type":"WebPage","@id":"https:\/\/urban-connect.com\/de\/news\/bike-to-work-challenge-verbessern-sie-die-gesundheit-ihrer-mitarbeitenden-und-steigern-sie-die-vorteile-fuer-ihr-unternehmen\/","url":"https:\/\/urban-connect.com\/de\/news\/bike-to-work-challenge-verbessern-sie-die-gesundheit-ihrer-mitarbeitenden-und-steigern-sie-die-vorteile-fuer-ihr-unternehmen\/","name":"Bike-to-Work-Challenge: F\u00f6rderung der Mitarbeitergesundheit und der Unternehmensvorteile - Urban Connect","isPartOf":{"@id":"https:\/\/urban-connect.com\/de\/#website"},"primaryImageOfPage":{"@id":"https:\/\/urban-connect.com\/de\/news\/bike-to-work-challenge-verbessern-sie-die-gesundheit-ihrer-mitarbeitenden-und-steigern-sie-die-vorteile-fuer-ihr-unternehmen\/#primaryimage"},"image":{"@id":"https:\/\/urban-connect.com\/de\/news\/bike-to-work-challenge-verbessern-sie-die-gesundheit-ihrer-mitarbeitenden-und-steigern-sie-die-vorteile-fuer-ihr-unternehmen\/#primaryimage"},"thumbnailUrl":"https:\/\/urban-connect.com\/wp-content\/uploads\/2024\/05\/Bike_Work_Article.jpg","datePublished":"2024-05-13T14:36:02+00:00","dateModified":"2025-01-27T10:06:49+00:00","breadcrumb":{"@id":"https:\/\/urban-connect.com\/de\/news\/bike-to-work-challenge-verbessern-sie-die-gesundheit-ihrer-mitarbeitenden-und-steigern-sie-die-vorteile-fuer-ihr-unternehmen\/#breadcrumb"},"inLanguage":"de","potentialAction":[{"@type":"ReadAction","target":["https:\/\/urban-connect.com\/de\/news\/bike-to-work-challenge-verbessern-sie-die-gesundheit-ihrer-mitarbeitenden-und-steigern-sie-die-vorteile-fuer-ihr-unternehmen\/"]}]},{"@type":"ImageObject","inLanguage":"de","@id":"https:\/\/urban-connect.com\/de\/news\/bike-to-work-challenge-verbessern-sie-die-gesundheit-ihrer-mitarbeitenden-und-steigern-sie-die-vorteile-fuer-ihr-unternehmen\/#primaryimage","url":"https:\/\/urban-connect.com\/wp-content\/uploads\/2024\/05\/Bike_Work_Article.jpg","contentUrl":"https:\/\/urban-connect.com\/wp-content\/uploads\/2024\/05\/Bike_Work_Article.jpg","width":1270,"height":844,"caption":"Bike_Work_Article"},{"@type":"BreadcrumbList","@id":"https:\/\/urban-connect.com\/de\/news\/bike-to-work-challenge-verbessern-sie-die-gesundheit-ihrer-mitarbeitenden-und-steigern-sie-die-vorteile-fuer-ihr-unternehmen\/#breadcrumb","itemListElement":[{"@type":"ListItem","position":1,"name":"Home","item":"https:\/\/urban-connect.com\/de\/"},{"@type":"ListItem","position":2,"name":"Bike-to-Work-Challenge: F\u00f6rderung der Mitarbeitergesundheit und der Unternehmensvorteile"}]},{"@type":"WebSite","@id":"https:\/\/urban-connect.com\/de\/#website","url":"https:\/\/urban-connect.com\/de\/","name":"Urban Connect","description":"","potentialAction":[{"@type":"SearchAction","target":{"@type":"EntryPoint","urlTemplate":"https:\/\/urban-connect.com\/de\/?s={search_term_string}"},"query-input":"required name=search_term_string"}],"inLanguage":"de"}]}},"_links":{"self":[{"href":"https:\/\/urban-connect.com\/de\/wp-json\/wp\/v2\/news\/4626","targetHints":{"allow":["GET"]}}],"collection":[{"href":"https:\/\/urban-connect.com\/de\/wp-json\/wp\/v2\/news"}],"about":[{"href":"https:\/\/urban-connect.com\/de\/wp-json\/wp\/v2\/types\/news"}],"wp:featuredmedia":[{"embeddable":true,"href":"https:\/\/urban-connect.com\/de\/wp-json\/wp\/v2\/media\/4631"}],"wp:attachment":[{"href":"https:\/\/urban-connect.com\/de\/wp-json\/wp\/v2\/media?parent=4626"}],"wp:term":[{"taxonomy":"news_category","embeddable":true,"href":"https:\/\/urban-connect.com\/de\/wp-json\/wp\/v2\/news_category?post=4626"}],"curies":[{"name":"wp","href":"https:\/\/api.w.org\/{rel}","templated":true}]}}