{"id":4449,"date":"2024-04-15T08:40:06","date_gmt":"2024-04-15T08:40:06","guid":{"rendered":"https:\/\/urban-connect.com\/?post_type=news&#038;p=4449"},"modified":"2024-07-25T11:42:50","modified_gmt":"2024-07-25T11:42:50","slug":"die-zukunft-der-firmenmobilitaet-erkenntnisse-der-urban-connect-mobilitaetskonferenz","status":"publish","type":"news","link":"https:\/\/urban-connect.com\/de\/news\/die-zukunft-der-firmenmobilitaet-erkenntnisse-der-urban-connect-mobilitaetskonferenz\/","title":{"rendered":"Die Zukunft der Firmenmobilit\u00e4t &#8211; Erkenntnisse der Urban Connect Mobilit\u00e4tskonferenz"},"content":{"rendered":"\n<p>Zum dritten Mal in Folge veranstaltete Urban Connect in Z\u00fcrich eine Konferenz rund um die Unternehmensmobilit\u00e4t mit dem Titel &#8222;Die Zukunft der Unternehmensmobilit\u00e4t&#8220;. Die Konferenz wurde dieses Jahr in Zusammenarbeit mit namhaften Unternehmen wie SBB, Post Company Cars, Polestar, Riese &amp; M\u00fcller, Stromer, Swisscharge, Zaptec, Mobility, 42hacks und Swisscom organisiert.<\/p>\n\n\n\n<p>Die Veranstaltung bot f\u00fchrenden Mobilit\u00e4tsexpert:innen und F\u00fchrungskr\u00e4ften die M\u00f6glichkeit, sich zu vernetzen, Erkenntnisse auszutauschen und von renommierten Referent:innen aus Unternehmen wie McKinsey, SBB, Post, ZHAW, Roche und vielen anderen zu verfolgen. Unter dem Motto &#8222;Ver\u00e4ndere die Mobilit\u00e4t, ver\u00e4ndere die Welt&#8220; strebt Urban Connect mit dieser Konferenz einen bedeutsamen Dialog zwischen den Hauptakteuren der Mobilit\u00e4tsbranche an, um die Emissionen des Pendlerverkehrs, Staus in der Rushhour und die Ineffizienz von Unternehmensflotten zu adressieren.<\/p>\n\n\n\n<figure class=\"wp-block-image size-large\"><img loading=\"lazy\" decoding=\"async\" width=\"1024\" height=\"683\" data-src=\"https:\/\/urban-connect.com\/wp-content\/uploads\/2024\/04\/UC_MobilityEvent_14-1024x683.jpg\" alt=\"\" class=\"wp-image-4438 lazyload\" data-srcset=\"https:\/\/urban-connect.com\/wp-content\/uploads\/2024\/04\/UC_MobilityEvent_14-1024x683.jpg 1024w, https:\/\/urban-connect.com\/wp-content\/uploads\/2024\/04\/UC_MobilityEvent_14-300x200.jpg 300w, https:\/\/urban-connect.com\/wp-content\/uploads\/2024\/04\/UC_MobilityEvent_14-768x512.jpg 768w, https:\/\/urban-connect.com\/wp-content\/uploads\/2024\/04\/UC_MobilityEvent_14-1536x1024.jpg 1536w, https:\/\/urban-connect.com\/wp-content\/uploads\/2024\/04\/UC_MobilityEvent_14-2048x1365.jpg 2048w, https:\/\/urban-connect.com\/wp-content\/uploads\/2024\/04\/UC_MobilityEvent_14-1620x1080.jpg 1620w\" data-sizes=\"auto, (max-width: 1024px) 100vw, 1024px\" src=\"data:image\/gif;base64,R0lGODlhAQABAAAAACH5BAEKAAEALAAAAAABAAEAAAICTAEAOw==\" style=\"--smush-placeholder-width: 1024px; --smush-placeholder-aspect-ratio: 1024\/683;\" \/><noscript><img loading=\"lazy\" decoding=\"async\" width=\"1024\" height=\"683\" src=\"https:\/\/urban-connect.com\/wp-content\/uploads\/2024\/04\/UC_MobilityEvent_14-1024x683.jpg\" alt=\"\" class=\"wp-image-4438\" srcset=\"https:\/\/urban-connect.com\/wp-content\/uploads\/2024\/04\/UC_MobilityEvent_14-1024x683.jpg 1024w, https:\/\/urban-connect.com\/wp-content\/uploads\/2024\/04\/UC_MobilityEvent_14-300x200.jpg 300w, https:\/\/urban-connect.com\/wp-content\/uploads\/2024\/04\/UC_MobilityEvent_14-768x512.jpg 768w, https:\/\/urban-connect.com\/wp-content\/uploads\/2024\/04\/UC_MobilityEvent_14-1536x1024.jpg 1536w, https:\/\/urban-connect.com\/wp-content\/uploads\/2024\/04\/UC_MobilityEvent_14-2048x1365.jpg 2048w, https:\/\/urban-connect.com\/wp-content\/uploads\/2024\/04\/UC_MobilityEvent_14-1620x1080.jpg 1620w\" sizes=\"auto, (max-width: 1024px) 100vw, 1024px\" \/><\/noscript><\/figure>\n\n\n\n<p><strong>Die Herausforderungen im Schweizer Verkehrswesen angehen<\/strong><\/p>\n\n\n\n<p>Die Mobilit\u00e4tslandschaft der Schweiz ist gepr\u00e4gt von einer starken Abh\u00e4ngigkeit vom privaten Pkw. Die Anzahl und Gr\u00f6sse der privaten Fahrzeuge auf den Strassen nimmt zu, w\u00e4hrend die durchschnittliche Auslastung der Fahrzeuge abnimmt. Dies tr\u00e4gt zu einem noch nie dagewesenen Verkehrsaufkommen bei.<\/p>\n\n\n\n<p>Mehr als 50 % der Pendler:innen in der Schweiz nutzen das Auto f\u00fcr ihre t\u00e4glichen Wege, selbst f\u00fcr kurze Strecken zwischen 2 und 5 km <a href=\"https:\/\/www.notion.so\/89933d716f6340c29210ba4b512cd7d4?pvs=21\">[1]<\/a>. Die starke Vorliebe f\u00fcr das Auto ist auf die Zug\u00e4nglichkeitsprobleme des \u00f6ffentlichen Nahverkehrs zur\u00fcckzuf\u00fchren <a href=\"https:\/\/map.geo.admin.ch\/?lang=de&amp;topic=are&amp;bgLayer=ch.swisstopo.pixelkarte-grau&amp;catalogNodes=954,959&amp;layers=ch.are.reisezeit-oev,ch.are.reisezeit-miv,ch.are.reisezeit-agglomerationen-oev,ch.are.reisezeit-agglomerationen-miv,ch.are.erreichbarkeit-oev,ch.are.erreichbarkeit-miv,ch.are.gueteklassen_oev&amp;layers_opacity=0.75,0.75,0.75,0.75,0.75,0.75,0.75&amp;layers_visibility=false,false,false,false,false,true,false&amp;E=2692689.17&amp;N=1246412.92&amp;zoom=4\">[2]<\/a>.<\/p>\n\n\n\n<p>Um diese Herausforderungen zu bew\u00e4ltigen, diskutierten die Expert:innen auf der Veranstaltung die Bedeutung innovativer L\u00f6sungen mit drei Kernaussagen:<\/p>\n\n\n\n<ol class=\"wp-block-list\">\n<li>Ein vielf\u00e4ltiger und leicht zug\u00e4nglicher Mix an alternativen Mobilit\u00e4tsm\u00f6glichkeiten ist entscheidend, um den Autoverkehr zu reduzieren.<\/li>\n\n\n\n<li>Geteilte Mobilit\u00e4tskonzepte sind unverzichtbar und sollten auf eine ansprechende und emotionale Art und Weise pr\u00e4sentiert werden.<\/li>\n\n\n\n<li>Die durchgef\u00fchrten Massnahmen m\u00fcssen von den Betroffenen als fair empfunden werden, um Identit\u00e4tskonflikte zu vermeiden und das Potenzial f\u00fcr Akzeptanz zu maximieren (z. B. Autofahrer vs. Radfahrer).<\/li>\n<\/ol>\n\n\n\n<figure class=\"wp-block-image size-large\"><img loading=\"lazy\" decoding=\"async\" width=\"1024\" height=\"683\" data-src=\"https:\/\/urban-connect.com\/wp-content\/uploads\/2024\/04\/UC_MobilityEvent_16-1024x683.jpg\" alt=\"\" class=\"wp-image-4448 lazyload\" data-srcset=\"https:\/\/urban-connect.com\/wp-content\/uploads\/2024\/04\/UC_MobilityEvent_16-1024x683.jpg 1024w, https:\/\/urban-connect.com\/wp-content\/uploads\/2024\/04\/UC_MobilityEvent_16-300x200.jpg 300w, https:\/\/urban-connect.com\/wp-content\/uploads\/2024\/04\/UC_MobilityEvent_16-768x512.jpg 768w, https:\/\/urban-connect.com\/wp-content\/uploads\/2024\/04\/UC_MobilityEvent_16-1536x1024.jpg 1536w, https:\/\/urban-connect.com\/wp-content\/uploads\/2024\/04\/UC_MobilityEvent_16-2048x1365.jpg 2048w, https:\/\/urban-connect.com\/wp-content\/uploads\/2024\/04\/UC_MobilityEvent_16-1620x1080.jpg 1620w\" data-sizes=\"auto, (max-width: 1024px) 100vw, 1024px\" src=\"data:image\/gif;base64,R0lGODlhAQABAAAAACH5BAEKAAEALAAAAAABAAEAAAICTAEAOw==\" style=\"--smush-placeholder-width: 1024px; --smush-placeholder-aspect-ratio: 1024\/683;\" \/><noscript><img loading=\"lazy\" decoding=\"async\" width=\"1024\" height=\"683\" src=\"https:\/\/urban-connect.com\/wp-content\/uploads\/2024\/04\/UC_MobilityEvent_16-1024x683.jpg\" alt=\"\" class=\"wp-image-4448\" srcset=\"https:\/\/urban-connect.com\/wp-content\/uploads\/2024\/04\/UC_MobilityEvent_16-1024x683.jpg 1024w, https:\/\/urban-connect.com\/wp-content\/uploads\/2024\/04\/UC_MobilityEvent_16-300x200.jpg 300w, https:\/\/urban-connect.com\/wp-content\/uploads\/2024\/04\/UC_MobilityEvent_16-768x512.jpg 768w, https:\/\/urban-connect.com\/wp-content\/uploads\/2024\/04\/UC_MobilityEvent_16-1536x1024.jpg 1536w, https:\/\/urban-connect.com\/wp-content\/uploads\/2024\/04\/UC_MobilityEvent_16-2048x1365.jpg 2048w, https:\/\/urban-connect.com\/wp-content\/uploads\/2024\/04\/UC_MobilityEvent_16-1620x1080.jpg 1620w\" sizes=\"auto, (max-width: 1024px) 100vw, 1024px\" \/><\/noscript><\/figure>\n\n\n\n<p><strong>Das Potenzial multimodalen geteilten Mobilit\u00e4t<\/strong><\/p>\n\n\n\n<p>Eines der Beispiele f\u00fcr innovative Alternativen zur t\u00e4glichen Autonutzung sind gemeinsam genutzte Premium-E-Bike-Flotten von Riese &amp; M\u00fcller und Stromer. Da die Nutzer:innen von Stromer im Durchschnitt 18 km pro Tag zur\u00fccklegen, sind E-Bikes eine effektive Alternative zum Auto f\u00fcr den durchschnittlichen Schweizer Arbeitsweg von 13,7 km.<\/p>\n\n\n\n<p>Das Potenzial von Carsharing wurde durch die erfolgreiche Einf\u00fchrung des Urban Connect-Dienstes bei Roche verdeutlicht. Dabei wurde festgestellt, dass eine bedeutende Anzahl von Besch\u00e4ftigten dank des einfachen Zugangs zu gemeinsam genutzten E-Autos f\u00fcr ihre gelegentlichen Bed\u00fcrfnisse auf den Besitz eines Autos verzichtet oder sogar ihr vorhandenes Auto verkauft hat.<\/p>\n\n\n\n<figure class=\"wp-block-image size-large\"><img loading=\"lazy\" decoding=\"async\" width=\"1024\" height=\"683\" data-src=\"https:\/\/urban-connect.com\/wp-content\/uploads\/2024\/04\/UC_MobilityEvent_4-1024x683.jpg\" alt=\"\" class=\"wp-image-4440 lazyload\" data-srcset=\"https:\/\/urban-connect.com\/wp-content\/uploads\/2024\/04\/UC_MobilityEvent_4-1024x683.jpg 1024w, https:\/\/urban-connect.com\/wp-content\/uploads\/2024\/04\/UC_MobilityEvent_4-300x200.jpg 300w, https:\/\/urban-connect.com\/wp-content\/uploads\/2024\/04\/UC_MobilityEvent_4-768x512.jpg 768w, https:\/\/urban-connect.com\/wp-content\/uploads\/2024\/04\/UC_MobilityEvent_4-1536x1024.jpg 1536w, https:\/\/urban-connect.com\/wp-content\/uploads\/2024\/04\/UC_MobilityEvent_4-2048x1365.jpg 2048w, https:\/\/urban-connect.com\/wp-content\/uploads\/2024\/04\/UC_MobilityEvent_4-1620x1080.jpg 1620w\" data-sizes=\"auto, (max-width: 1024px) 100vw, 1024px\" src=\"data:image\/gif;base64,R0lGODlhAQABAAAAACH5BAEKAAEALAAAAAABAAEAAAICTAEAOw==\" style=\"--smush-placeholder-width: 1024px; --smush-placeholder-aspect-ratio: 1024\/683;\" \/><noscript><img loading=\"lazy\" decoding=\"async\" width=\"1024\" height=\"683\" src=\"https:\/\/urban-connect.com\/wp-content\/uploads\/2024\/04\/UC_MobilityEvent_4-1024x683.jpg\" alt=\"\" class=\"wp-image-4440\" srcset=\"https:\/\/urban-connect.com\/wp-content\/uploads\/2024\/04\/UC_MobilityEvent_4-1024x683.jpg 1024w, https:\/\/urban-connect.com\/wp-content\/uploads\/2024\/04\/UC_MobilityEvent_4-300x200.jpg 300w, https:\/\/urban-connect.com\/wp-content\/uploads\/2024\/04\/UC_MobilityEvent_4-768x512.jpg 768w, https:\/\/urban-connect.com\/wp-content\/uploads\/2024\/04\/UC_MobilityEvent_4-1536x1024.jpg 1536w, https:\/\/urban-connect.com\/wp-content\/uploads\/2024\/04\/UC_MobilityEvent_4-2048x1365.jpg 2048w, https:\/\/urban-connect.com\/wp-content\/uploads\/2024\/04\/UC_MobilityEvent_4-1620x1080.jpg 1620w\" sizes=\"auto, (max-width: 1024px) 100vw, 1024px\" \/><\/noscript><\/figure>\n\n\n\n<p><strong>Mobilit\u00e4tsbudgets<\/strong><\/p>\n\n\n\n<p>Ein weiteres wichtiges Thema waren die Mobilit\u00e4tsbudgets, die als die n\u00e4chste Generation von Mitarbeiterleistungen eingef\u00fchrt wurden. Diese Initiative zielt darauf ab, das Verhalten der Besch\u00e4ftigten in Richtung kohlenstoff\u00e4rmerer Verkehrsmittel zu lenken. Sie bieten eine M\u00f6glichkeit, ein faires und anpassbares Anreizsystem zu implementieren, w\u00e4hrend gleichzeitig Kosten gespart und die Attraktivit\u00e4t des Arbeitgebers gesteigert werden kann.<\/p>\n\n\n\n<p><strong>Die Zukunft der Unternehmensmobilit\u00e4t<\/strong><\/p>\n\n\n\n<p>&#8222;Die Zukunft der Unternehmensmobilit\u00e4t verlagert sich vom Besitz zum Zugang! Viele der fortschrittlichsten Unternehmen in der Schweiz bieten ihren Mitarbeitenden Zugang zu einem \u00d6kosystem aus kohlenstoffarmen, gemeinsam genutzten Mobilit\u00e4tsoptionen &#8211; von gemeinsam genutzten E-Bikes, E-Scootern, intelligent vernetzten E-Autos, Tickets f\u00fcr den \u00f6ffentlichen Verkehr und sogar digitalen Firmenparkpl\u00e4tzen. Solche L\u00f6sungen helfen den Unternehmen, die neuen gesetzlichen Klimaziele einzuhalten und die heutigen Mobilit\u00e4tsherausforderungen in der Schweiz zu l\u00f6sen&#8220;, sagt Dr. Robert Ruttmann, Mitbegr\u00fcnder und CEO von Urban Connect.<\/p>\n\n\n\n<p>Urban Connect bietet eine vollst\u00e4ndige multimodale Mobilit\u00e4tsplattform, die alle Aspekte der Bed\u00fcrfnisse der Unternehmensmobilit\u00e4t integriert &#8211; einschliesslich Flottenmanagement, Analytik, geteilte Mobilit\u00e4t, Ticketing f\u00fcr den \u00f6ffentlichen Verkehr und Mobilit\u00e4tsbudgets. All das wird durch eine fortschrittliche digitale Anwendung f\u00fcr Nutzer:innen und Entscheidungstr\u00e4ger:innen unterst\u00fctzt.<\/p>\n\n\n\n<p>Change Mobility &#8211; Change the World<\/p>\n\n\n        <section class=\"author-block\">\n            <div class=\"container\">\n                <div class=\"left-side\">\n                    <h6 class=\"name\">Domas Bartusevicius<\/h6>\n                    <span class=\"position\">Chief of Staff<\/span>\n                <\/div>\n                <div class=\"right-side\">\n                                            <img decoding=\"async\" \n                        class=\"image lazyload\" data-src=\"https:\/\/urban-connect.com\/wp-content\/uploads\/2024\/01\/Domas-1024x1024.jpg\"\n                        data-srcset=\"https:\/\/urban-connect.com\/wp-content\/uploads\/2024\/01\/Domas-1024x1024.jpg 1024w, https:\/\/urban-connect.com\/wp-content\/uploads\/2024\/01\/Domas-300x300.jpg 300w, https:\/\/urban-connect.com\/wp-content\/uploads\/2024\/01\/Domas-150x150.jpg 150w, https:\/\/urban-connect.com\/wp-content\/uploads\/2024\/01\/Domas-768x768.jpg 768w, https:\/\/urban-connect.com\/wp-content\/uploads\/2024\/01\/Domas-1080x1080.jpg 1080w, https:\/\/urban-connect.com\/wp-content\/uploads\/2024\/01\/Domas.jpg 1250w\"\n                        data-sizes=\"(max-width: 1024px) 100vw, 1024px\"\n                        alt=\"Chart Image\"\n                         src=\"data:image\/gif;base64,R0lGODlhAQABAAAAACH5BAEKAAEALAAAAAABAAEAAAICTAEAOw==\" style=\"--smush-placeholder-width: 1024px; --smush-placeholder-aspect-ratio: 1024\/1024;\"><noscript><img decoding=\"async\" \n                        class=\"image\" src=\"https:\/\/urban-connect.com\/wp-content\/uploads\/2024\/01\/Domas-1024x1024.jpg\"\n                        srcset=\"https:\/\/urban-connect.com\/wp-content\/uploads\/2024\/01\/Domas-1024x1024.jpg 1024w, https:\/\/urban-connect.com\/wp-content\/uploads\/2024\/01\/Domas-300x300.jpg 300w, https:\/\/urban-connect.com\/wp-content\/uploads\/2024\/01\/Domas-150x150.jpg 150w, https:\/\/urban-connect.com\/wp-content\/uploads\/2024\/01\/Domas-768x768.jpg 768w, https:\/\/urban-connect.com\/wp-content\/uploads\/2024\/01\/Domas-1080x1080.jpg 1080w, https:\/\/urban-connect.com\/wp-content\/uploads\/2024\/01\/Domas.jpg 1250w\"\n                        sizes=\"(max-width: 1024px) 100vw, 1024px\"\n                        alt=\"Chart Image\"\n                        ><\/noscript>\n                                        <\/div>\n            <\/div>\n        <\/section>\n        ","protected":false},"excerpt":{"rendered":"<p>Zum dritten Mal in Folge veranstaltete Urban Connect in Z\u00fcrich eine Konferenz rund um die Unternehmensmobilit\u00e4t mit dem Titel &#8222;Die Zukunft der Unternehmensmobilit\u00e4t&#8220;. Die Konferenz wurde dieses Jahr in Zusammenarbeit mit namhaften Unternehmen wie SBB, Post Company Cars, Polestar, Riese &amp; M\u00fcller, Stromer, Swisscharge, Zaptec, Mobility, 42hacks und Swisscom organisiert. Die Veranstaltung bot f\u00fchrenden Mobilit\u00e4tsexpert:innen [&hellip;]<\/p>\n","protected":false},"featured_media":4436,"parent":0,"template":"","news_category":[36],"class_list":["post-4449","news","type-news","status-publish","has-post-thumbnail","hentry","news_category-events-de"],"acf":[],"yoast_head":"<!-- This site is optimized with the Yoast SEO plugin v23.2 - https:\/\/yoast.com\/wordpress\/plugins\/seo\/ -->\n<title>Die Zukunft der Firmenmobilit\u00e4t - Erkenntnisse der Urban Connect Mobilit\u00e4tskonferenz - Urban Connect<\/title>\n<meta name=\"robots\" content=\"index, follow, max-snippet:-1, max-image-preview:large, max-video-preview:-1\" \/>\n<link rel=\"canonical\" href=\"https:\/\/urban-connect.com\/de\/news\/die-zukunft-der-firmenmobilitaet-erkenntnisse-der-urban-connect-mobilitaetskonferenz\/\" \/>\n<meta property=\"og:locale\" content=\"de_DE\" \/>\n<meta property=\"og:type\" content=\"article\" \/>\n<meta property=\"og:title\" content=\"Die Zukunft der Firmenmobilit\u00e4t - Erkenntnisse der Urban Connect Mobilit\u00e4tskonferenz - Urban Connect\" \/>\n<meta property=\"og:description\" content=\"Zum dritten Mal in Folge veranstaltete Urban Connect in Z\u00fcrich eine Konferenz rund um die Unternehmensmobilit\u00e4t mit dem Titel &#8222;Die Zukunft der Unternehmensmobilit\u00e4t&#8220;. Die Konferenz wurde dieses Jahr in Zusammenarbeit mit namhaften Unternehmen wie SBB, Post Company Cars, Polestar, Riese &amp; M\u00fcller, Stromer, Swisscharge, Zaptec, Mobility, 42hacks und Swisscom organisiert. Die Veranstaltung bot f\u00fchrenden Mobilit\u00e4tsexpert:innen [&hellip;]\" \/>\n<meta property=\"og:url\" content=\"https:\/\/urban-connect.com\/de\/news\/die-zukunft-der-firmenmobilitaet-erkenntnisse-der-urban-connect-mobilitaetskonferenz\/\" \/>\n<meta property=\"og:site_name\" content=\"Urban Connect\" \/>\n<meta property=\"article:modified_time\" content=\"2024-07-25T11:42:50+00:00\" \/>\n<meta property=\"og:image\" content=\"https:\/\/urban-connect.com\/wp-content\/uploads\/2024\/04\/UC_MobilityEvent_1-scaled.jpg\" \/>\n\t<meta property=\"og:image:width\" content=\"2560\" \/>\n\t<meta property=\"og:image:height\" content=\"1707\" \/>\n\t<meta property=\"og:image:type\" content=\"image\/jpeg\" \/>\n<meta name=\"twitter:card\" content=\"summary_large_image\" \/>\n<meta name=\"twitter:label1\" content=\"Gesch\u00e4tzte Lesezeit\" \/>\n\t<meta name=\"twitter:data1\" content=\"4\u00a0Minuten\" \/>\n<script type=\"application\/ld+json\" class=\"yoast-schema-graph\">{\"@context\":\"https:\/\/schema.org\",\"@graph\":[{\"@type\":\"WebPage\",\"@id\":\"https:\/\/urban-connect.com\/de\/news\/die-zukunft-der-firmenmobilitaet-erkenntnisse-der-urban-connect-mobilitaetskonferenz\/\",\"url\":\"https:\/\/urban-connect.com\/de\/news\/die-zukunft-der-firmenmobilitaet-erkenntnisse-der-urban-connect-mobilitaetskonferenz\/\",\"name\":\"Die Zukunft der Firmenmobilit\u00e4t - Erkenntnisse der Urban Connect Mobilit\u00e4tskonferenz - Urban Connect\",\"isPartOf\":{\"@id\":\"https:\/\/urban-connect.com\/de\/#website\"},\"primaryImageOfPage\":{\"@id\":\"https:\/\/urban-connect.com\/de\/news\/die-zukunft-der-firmenmobilitaet-erkenntnisse-der-urban-connect-mobilitaetskonferenz\/#primaryimage\"},\"image\":{\"@id\":\"https:\/\/urban-connect.com\/de\/news\/die-zukunft-der-firmenmobilitaet-erkenntnisse-der-urban-connect-mobilitaetskonferenz\/#primaryimage\"},\"thumbnailUrl\":\"https:\/\/urban-connect.com\/wp-content\/uploads\/2024\/04\/UC_MobilityEvent_1-scaled.jpg\",\"datePublished\":\"2024-04-15T08:40:06+00:00\",\"dateModified\":\"2024-07-25T11:42:50+00:00\",\"breadcrumb\":{\"@id\":\"https:\/\/urban-connect.com\/de\/news\/die-zukunft-der-firmenmobilitaet-erkenntnisse-der-urban-connect-mobilitaetskonferenz\/#breadcrumb\"},\"inLanguage\":\"de\",\"potentialAction\":[{\"@type\":\"ReadAction\",\"target\":[\"https:\/\/urban-connect.com\/de\/news\/die-zukunft-der-firmenmobilitaet-erkenntnisse-der-urban-connect-mobilitaetskonferenz\/\"]}]},{\"@type\":\"ImageObject\",\"inLanguage\":\"de\",\"@id\":\"https:\/\/urban-connect.com\/de\/news\/die-zukunft-der-firmenmobilitaet-erkenntnisse-der-urban-connect-mobilitaetskonferenz\/#primaryimage\",\"url\":\"https:\/\/urban-connect.com\/wp-content\/uploads\/2024\/04\/UC_MobilityEvent_1-scaled.jpg\",\"contentUrl\":\"https:\/\/urban-connect.com\/wp-content\/uploads\/2024\/04\/UC_MobilityEvent_1-scaled.jpg\",\"width\":2560,\"height\":1707},{\"@type\":\"BreadcrumbList\",\"@id\":\"https:\/\/urban-connect.com\/de\/news\/die-zukunft-der-firmenmobilitaet-erkenntnisse-der-urban-connect-mobilitaetskonferenz\/#breadcrumb\",\"itemListElement\":[{\"@type\":\"ListItem\",\"position\":1,\"name\":\"Home\",\"item\":\"https:\/\/urban-connect.com\/de\/\"},{\"@type\":\"ListItem\",\"position\":2,\"name\":\"Die Zukunft der Firmenmobilit\u00e4t &#8211; Erkenntnisse der Urban Connect Mobilit\u00e4tskonferenz\"}]},{\"@type\":\"WebSite\",\"@id\":\"https:\/\/urban-connect.com\/de\/#website\",\"url\":\"https:\/\/urban-connect.com\/de\/\",\"name\":\"Urban Connect\",\"description\":\"\",\"potentialAction\":[{\"@type\":\"SearchAction\",\"target\":{\"@type\":\"EntryPoint\",\"urlTemplate\":\"https:\/\/urban-connect.com\/de\/?s={search_term_string}\"},\"query-input\":\"required name=search_term_string\"}],\"inLanguage\":\"de\"}]}<\/script>\n<!-- \/ Yoast SEO plugin. -->","yoast_head_json":{"title":"Die Zukunft der Firmenmobilit\u00e4t - Erkenntnisse der Urban Connect Mobilit\u00e4tskonferenz - Urban Connect","robots":{"index":"index","follow":"follow","max-snippet":"max-snippet:-1","max-image-preview":"max-image-preview:large","max-video-preview":"max-video-preview:-1"},"canonical":"https:\/\/urban-connect.com\/de\/news\/die-zukunft-der-firmenmobilitaet-erkenntnisse-der-urban-connect-mobilitaetskonferenz\/","og_locale":"de_DE","og_type":"article","og_title":"Die Zukunft der Firmenmobilit\u00e4t - Erkenntnisse der Urban Connect Mobilit\u00e4tskonferenz - Urban Connect","og_description":"Zum dritten Mal in Folge veranstaltete Urban Connect in Z\u00fcrich eine Konferenz rund um die Unternehmensmobilit\u00e4t mit dem Titel &#8222;Die Zukunft der Unternehmensmobilit\u00e4t&#8220;. Die Konferenz wurde dieses Jahr in Zusammenarbeit mit namhaften Unternehmen wie SBB, Post Company Cars, Polestar, Riese &amp; M\u00fcller, Stromer, Swisscharge, Zaptec, Mobility, 42hacks und Swisscom organisiert. Die Veranstaltung bot f\u00fchrenden Mobilit\u00e4tsexpert:innen [&hellip;]","og_url":"https:\/\/urban-connect.com\/de\/news\/die-zukunft-der-firmenmobilitaet-erkenntnisse-der-urban-connect-mobilitaetskonferenz\/","og_site_name":"Urban Connect","article_modified_time":"2024-07-25T11:42:50+00:00","og_image":[{"width":2560,"height":1707,"url":"https:\/\/urban-connect.com\/wp-content\/uploads\/2024\/04\/UC_MobilityEvent_1-scaled.jpg","type":"image\/jpeg"}],"twitter_card":"summary_large_image","twitter_misc":{"Gesch\u00e4tzte Lesezeit":"4\u00a0Minuten"},"schema":{"@context":"https:\/\/schema.org","@graph":[{"@type":"WebPage","@id":"https:\/\/urban-connect.com\/de\/news\/die-zukunft-der-firmenmobilitaet-erkenntnisse-der-urban-connect-mobilitaetskonferenz\/","url":"https:\/\/urban-connect.com\/de\/news\/die-zukunft-der-firmenmobilitaet-erkenntnisse-der-urban-connect-mobilitaetskonferenz\/","name":"Die Zukunft der Firmenmobilit\u00e4t - Erkenntnisse der Urban Connect Mobilit\u00e4tskonferenz - Urban Connect","isPartOf":{"@id":"https:\/\/urban-connect.com\/de\/#website"},"primaryImageOfPage":{"@id":"https:\/\/urban-connect.com\/de\/news\/die-zukunft-der-firmenmobilitaet-erkenntnisse-der-urban-connect-mobilitaetskonferenz\/#primaryimage"},"image":{"@id":"https:\/\/urban-connect.com\/de\/news\/die-zukunft-der-firmenmobilitaet-erkenntnisse-der-urban-connect-mobilitaetskonferenz\/#primaryimage"},"thumbnailUrl":"https:\/\/urban-connect.com\/wp-content\/uploads\/2024\/04\/UC_MobilityEvent_1-scaled.jpg","datePublished":"2024-04-15T08:40:06+00:00","dateModified":"2024-07-25T11:42:50+00:00","breadcrumb":{"@id":"https:\/\/urban-connect.com\/de\/news\/die-zukunft-der-firmenmobilitaet-erkenntnisse-der-urban-connect-mobilitaetskonferenz\/#breadcrumb"},"inLanguage":"de","potentialAction":[{"@type":"ReadAction","target":["https:\/\/urban-connect.com\/de\/news\/die-zukunft-der-firmenmobilitaet-erkenntnisse-der-urban-connect-mobilitaetskonferenz\/"]}]},{"@type":"ImageObject","inLanguage":"de","@id":"https:\/\/urban-connect.com\/de\/news\/die-zukunft-der-firmenmobilitaet-erkenntnisse-der-urban-connect-mobilitaetskonferenz\/#primaryimage","url":"https:\/\/urban-connect.com\/wp-content\/uploads\/2024\/04\/UC_MobilityEvent_1-scaled.jpg","contentUrl":"https:\/\/urban-connect.com\/wp-content\/uploads\/2024\/04\/UC_MobilityEvent_1-scaled.jpg","width":2560,"height":1707},{"@type":"BreadcrumbList","@id":"https:\/\/urban-connect.com\/de\/news\/die-zukunft-der-firmenmobilitaet-erkenntnisse-der-urban-connect-mobilitaetskonferenz\/#breadcrumb","itemListElement":[{"@type":"ListItem","position":1,"name":"Home","item":"https:\/\/urban-connect.com\/de\/"},{"@type":"ListItem","position":2,"name":"Die Zukunft der Firmenmobilit\u00e4t &#8211; Erkenntnisse der Urban Connect Mobilit\u00e4tskonferenz"}]},{"@type":"WebSite","@id":"https:\/\/urban-connect.com\/de\/#website","url":"https:\/\/urban-connect.com\/de\/","name":"Urban Connect","description":"","potentialAction":[{"@type":"SearchAction","target":{"@type":"EntryPoint","urlTemplate":"https:\/\/urban-connect.com\/de\/?s={search_term_string}"},"query-input":"required name=search_term_string"}],"inLanguage":"de"}]}},"_links":{"self":[{"href":"https:\/\/urban-connect.com\/de\/wp-json\/wp\/v2\/news\/4449","targetHints":{"allow":["GET"]}}],"collection":[{"href":"https:\/\/urban-connect.com\/de\/wp-json\/wp\/v2\/news"}],"about":[{"href":"https:\/\/urban-connect.com\/de\/wp-json\/wp\/v2\/types\/news"}],"wp:featuredmedia":[{"embeddable":true,"href":"https:\/\/urban-connect.com\/de\/wp-json\/wp\/v2\/media\/4436"}],"wp:attachment":[{"href":"https:\/\/urban-connect.com\/de\/wp-json\/wp\/v2\/media?parent=4449"}],"wp:term":[{"taxonomy":"news_category","embeddable":true,"href":"https:\/\/urban-connect.com\/de\/wp-json\/wp\/v2\/news_category?post=4449"}],"curies":[{"name":"wp","href":"https:\/\/api.w.org\/{rel}","templated":true}]}}