{"id":4350,"date":"2024-03-27T18:43:02","date_gmt":"2024-03-27T18:43:02","guid":{"rendered":"https:\/\/urban-connect.com\/?post_type=news&#038;p=4350"},"modified":"2024-07-25T11:50:11","modified_gmt":"2024-07-25T11:50:11","slug":"sichern-sie-sich-ihr-ticket-fuer-die-groesste-veranstaltung-zum-thema-unternehmensmobilitaet-in-der-schweiz-am-4-april","status":"publish","type":"news","link":"https:\/\/urban-connect.com\/de\/news\/sichern-sie-sich-ihr-ticket-fuer-die-groesste-veranstaltung-zum-thema-unternehmensmobilitaet-in-der-schweiz-am-4-april\/","title":{"rendered":"Sichern Sie sich Ihr Ticket f\u00fcr die gr\u00f6sste Veranstaltung zum Thema Unternehmensmobilit\u00e4t in der Schweiz am 4. April"},"content":{"rendered":"\n<p>Wir befinden uns an der Schwelle zu einer Revolution der Unternehmensmobilit\u00e4t. Dabei kann es im Kontext des Wandels eine echte Herausforderung sein, den \u00dcberblick zu behalten.<\/p>\n\n\n\n<p>Aus diesem Grund bringen wir am 4. April die gr\u00f6ssten Mobilit\u00e4tsakteure und die besten Experten der Branche zusammen, um ihre Erfahrungen, bew\u00e4hrten Praktiken und Zukunftswetten auszutauschen.<\/p>\n\n\n\n<p><strong>Die Nr. 1 Schweizerische Konferenz zur Unternehmensmobilit\u00e4t<\/strong><\/p>\n\n\n\n<p>An der Veranstaltung &#8222;UC Wheels &amp; Wine: Die Zukunft der Unternehmensmobilit\u00e4t&#8220; werden wir moderne L\u00f6sungen f\u00fcr die Unternehmensmobilit\u00e4t vorstellen und <strong>direkt von einigen der erfolgreichsten und gr\u00f6ssten Schweizer Arbeitgeber<\/strong> wie SBB, Die Post, Roche, Flughafen Z\u00fcrich und Swisscom lernen.<\/p>\n\n\n\n<p>Erg\u00e4nzt werden die Praxisbeispiele durch exklusive Insights von den innovativsten Mobilit\u00e4tsanbietern wie dem EV-Hersteller Polestar, den Ladeanbietern Swischarge und Zaptec, den E-Bike-Herstellern Riese &amp; M\u00fcller und Stromer, dem weltweit ersten Mobility-as-a-Service-Anbieter MaaS Global, dem Carsharing-Anbieter Mobility und der multimodalen Unternehmensplattform Urban Connect.<\/p>\n\n\n\n<p>Schliesslich werden die Mobilit\u00e4tsexperten der ZHAW und von McKinsey &amp; Company ihre neuesten Erkenntnisse \u00fcber die Branche und die zu erwartenden Zukunftstrends vorstellen.<\/p>\n\n\n\n<p>Die Veranstaltung richtet sich an F\u00fchrungskr\u00e4fte grosser Unternehmen, Personalverantwortliche sowie Fuhrparkmanager, die sich mit Experten austauschen m\u00f6chten, die schon heute die Unternehmensmobilit\u00e4t von morgen gestalten &#8211; vom Carsharing bis zur modernen Fuhrparkanalyse und dar\u00fcber hinaus.<\/p>\n\n\n\n<p><strong>Lassen Sie uns gemeinsam die Innovation im Bereich Mobilit\u00e4t vorantreiben<\/strong><\/p>\n\n\n\n<p>Die Veranstaltung bietet nicht nur Einblicke in die sich entwickelnde Landschaft der Unternehmensmobilit\u00e4t, sondern auch die M\u00f6glichkeit, sich mit gleichgesinnten Fachleuten zu vernetzen.<\/p>\n\n\n\n<p>Egal, ob Sie ein Entscheidungstr\u00e4ger in Ihrem Unternehmen, ein Innovator im Bereich Mobilit\u00e4t oder einfach nur neugierig auf die Zukunft der Mobilit\u00e4t sind, kommen Sie am 4. April nach Z\u00fcrich und erleben Sie einen inspirierenden Nachmittag im <a href=\"https:\/\/g.co\/kgs\/jPCJBYH\">Aura<\/a> in Z\u00fcrich.<\/p>\n\n\n\n<p><a href=\"https:\/\/www.tickettailor.com\/events\/urbanconnect\/1145522\"><strong>Hier k\u00f6nnen Sie das vollst\u00e4ndige Programm einsehen und Ihr Ticket sichern!<\/strong><\/a><\/p>\n\n\n\n<p>Change Mobility &#8211; Change the World<\/p>\n\n\n        <section class=\"author-block\">\n            <div class=\"container\">\n                <div class=\"left-side\">\n                    <h6 class=\"name\">Domas Bartu\u0161evi\u010dius<\/h6>\n                    <span class=\"position\">Chief of Staff<\/span>\n                <\/div>\n                <div class=\"right-side\">\n                                            <img decoding=\"async\" \n                        class=\"image lazyload\" data-src=\"https:\/\/urban-connect.com\/wp-content\/uploads\/2024\/01\/Domas-1024x1024.jpg\"\n                        data-srcset=\"https:\/\/urban-connect.com\/wp-content\/uploads\/2024\/01\/Domas-1024x1024.jpg 1024w, https:\/\/urban-connect.com\/wp-content\/uploads\/2024\/01\/Domas-300x300.jpg 300w, https:\/\/urban-connect.com\/wp-content\/uploads\/2024\/01\/Domas-150x150.jpg 150w, https:\/\/urban-connect.com\/wp-content\/uploads\/2024\/01\/Domas-768x768.jpg 768w, https:\/\/urban-connect.com\/wp-content\/uploads\/2024\/01\/Domas-1080x1080.jpg 1080w, https:\/\/urban-connect.com\/wp-content\/uploads\/2024\/01\/Domas.jpg 1250w\"\n                        data-sizes=\"(max-width: 1024px) 100vw, 1024px\"\n                        alt=\"Chart Image\"\n                         src=\"data:image\/gif;base64,R0lGODlhAQABAAAAACH5BAEKAAEALAAAAAABAAEAAAICTAEAOw==\" style=\"--smush-placeholder-width: 1024px; --smush-placeholder-aspect-ratio: 1024\/1024;\"><noscript><img decoding=\"async\" \n                        class=\"image\" src=\"https:\/\/urban-connect.com\/wp-content\/uploads\/2024\/01\/Domas-1024x1024.jpg\"\n                        srcset=\"https:\/\/urban-connect.com\/wp-content\/uploads\/2024\/01\/Domas-1024x1024.jpg 1024w, https:\/\/urban-connect.com\/wp-content\/uploads\/2024\/01\/Domas-300x300.jpg 300w, https:\/\/urban-connect.com\/wp-content\/uploads\/2024\/01\/Domas-150x150.jpg 150w, https:\/\/urban-connect.com\/wp-content\/uploads\/2024\/01\/Domas-768x768.jpg 768w, https:\/\/urban-connect.com\/wp-content\/uploads\/2024\/01\/Domas-1080x1080.jpg 1080w, https:\/\/urban-connect.com\/wp-content\/uploads\/2024\/01\/Domas.jpg 1250w\"\n                        sizes=\"(max-width: 1024px) 100vw, 1024px\"\n                        alt=\"Chart Image\"\n                        ><\/noscript>\n                                        <\/div>\n            <\/div>\n        <\/section>\n        \n\n    <section class=\"related-posts\">\n        <div class=\"container\">\n            <h4 class=\"block-title\"><\/h4>\n        <\/div>\n        <div class=\"container posts-wrap\">\n            <div class=\"swiper swiper-related-posts\">\n                <div class=\"swiper-wrapper\">\n                                            <div class=\"swiper-slide\">\n                            <div class=\"card-horizontal\">\n    <div class=\"left-side\">\n                    <a href=\"https:\/\/urban-connect.com\/de\/news\/wheels-wine-2026-eine-wegweisende-ausgabe-die-die-zukunft-der-unternehmensmobilitaet-gestaltet\/\">\n                <img decoding=\"async\" \n                    class=\"image lazyload\" data-src=\"https:\/\/urban-connect.com\/wp-content\/uploads\/2026\/03\/F06A4076-768x512.jpg\"\n                    data-srcset=\"https:\/\/urban-connect.com\/wp-content\/uploads\/2026\/03\/F06A4076-768x512.jpg 768w, https:\/\/urban-connect.com\/wp-content\/uploads\/2026\/03\/F06A4076-300x200.jpg 300w, https:\/\/urban-connect.com\/wp-content\/uploads\/2026\/03\/F06A4076-1024x683.jpg 1024w, https:\/\/urban-connect.com\/wp-content\/uploads\/2026\/03\/F06A4076-1536x1024.jpg 1536w, https:\/\/urban-connect.com\/wp-content\/uploads\/2026\/03\/F06A4076-2048x1365.jpg 2048w, https:\/\/urban-connect.com\/wp-content\/uploads\/2026\/03\/F06A4076-1620x1080.jpg 1620w\"\n                    data-sizes=\"(max-width: 768px) 100vw, 768px\"\n                    alt=\"Wheels &amp; Wine 2026 \u2013 Eine wegweisende Ausgabe, die die Zukunft der Unternehmensmobilit\u00e4t gestaltet\"\n                 src=\"data:image\/gif;base64,R0lGODlhAQABAAAAACH5BAEKAAEALAAAAAABAAEAAAICTAEAOw==\" style=\"--smush-placeholder-width: 768px; --smush-placeholder-aspect-ratio: 768\/512;\"><noscript><img decoding=\"async\" \n                    class=\"image\" src=\"https:\/\/urban-connect.com\/wp-content\/uploads\/2026\/03\/F06A4076-768x512.jpg\"\n                    srcset=\"https:\/\/urban-connect.com\/wp-content\/uploads\/2026\/03\/F06A4076-768x512.jpg 768w, https:\/\/urban-connect.com\/wp-content\/uploads\/2026\/03\/F06A4076-300x200.jpg 300w, https:\/\/urban-connect.com\/wp-content\/uploads\/2026\/03\/F06A4076-1024x683.jpg 1024w, https:\/\/urban-connect.com\/wp-content\/uploads\/2026\/03\/F06A4076-1536x1024.jpg 1536w, https:\/\/urban-connect.com\/wp-content\/uploads\/2026\/03\/F06A4076-2048x1365.jpg 2048w, https:\/\/urban-connect.com\/wp-content\/uploads\/2026\/03\/F06A4076-1620x1080.jpg 1620w\"\n                    sizes=\"(max-width: 768px) 100vw, 768px\"\n                    alt=\"Wheels &amp; Wine 2026 \u2013 Eine wegweisende Ausgabe, die die Zukunft der Unternehmensmobilit\u00e4t gestaltet\"\n                ><\/noscript>\n            <\/a>\n                <\/div>\n    <div class=\"right-side\">\n                    <a href=\"https:\/\/urban-connect.com\/de\/news\/wheels-wine-2026-eine-wegweisende-ausgabe-die-die-zukunft-der-unternehmensmobilitaet-gestaltet\/\">\n                <h6 class=\"title\">Wheels &amp; Wine 2026 \u2013 Eine wegweisende Ausgabe, die die Zukunft der Unternehmensmobilit\u00e4t gestaltet<\/h6>\n            <\/a>\n                        <span class=\"date\">M\u00e4rz 24, 2026 <\/span>\n            \n\t        <\/div>\n<\/div>                        <\/div>\n                                                <div class=\"swiper-slide\">\n                            <div class=\"card-horizontal\">\n    <div class=\"left-side\">\n                    <a href=\"https:\/\/urban-connect.com\/de\/news\/was-passiert-wenn-das-laden-von-elektroautos-endlich-funktioniert-wie-urban-connect-und-zaptec-eine-bessere-ladeinfrastruktur-fuer-elektroautos-geschaffen-haben\/\">\n                <img decoding=\"async\" \n                    class=\"image lazyload\" data-src=\"https:\/\/urban-connect.com\/wp-content\/uploads\/2026\/03\/Zaptec-cover-3-1-768x453.png\"\n                    data-srcset=\"https:\/\/urban-connect.com\/wp-content\/uploads\/2026\/03\/Zaptec-cover-3-1-768x453.png 768w, https:\/\/urban-connect.com\/wp-content\/uploads\/2026\/03\/Zaptec-cover-3-1-300x177.png 300w, https:\/\/urban-connect.com\/wp-content\/uploads\/2026\/03\/Zaptec-cover-3-1-1024x604.png 1024w, https:\/\/urban-connect.com\/wp-content\/uploads\/2026\/03\/Zaptec-cover-3-1-1536x906.png 1536w, https:\/\/urban-connect.com\/wp-content\/uploads\/2026\/03\/Zaptec-cover-3-1-2048x1208.png 2048w, https:\/\/urban-connect.com\/wp-content\/uploads\/2026\/03\/Zaptec-cover-3-1-1831x1080.png 1831w\"\n                    data-sizes=\"(max-width: 768px) 100vw, 768px\"\n                    alt=\"Was passiert, wenn das Laden von Elektroautos endlich funktioniert?\"\n                 src=\"data:image\/gif;base64,R0lGODlhAQABAAAAACH5BAEKAAEALAAAAAABAAEAAAICTAEAOw==\" style=\"--smush-placeholder-width: 768px; --smush-placeholder-aspect-ratio: 768\/453;\"><noscript><img decoding=\"async\" \n                    class=\"image\" src=\"https:\/\/urban-connect.com\/wp-content\/uploads\/2026\/03\/Zaptec-cover-3-1-768x453.png\"\n                    srcset=\"https:\/\/urban-connect.com\/wp-content\/uploads\/2026\/03\/Zaptec-cover-3-1-768x453.png 768w, https:\/\/urban-connect.com\/wp-content\/uploads\/2026\/03\/Zaptec-cover-3-1-300x177.png 300w, https:\/\/urban-connect.com\/wp-content\/uploads\/2026\/03\/Zaptec-cover-3-1-1024x604.png 1024w, https:\/\/urban-connect.com\/wp-content\/uploads\/2026\/03\/Zaptec-cover-3-1-1536x906.png 1536w, https:\/\/urban-connect.com\/wp-content\/uploads\/2026\/03\/Zaptec-cover-3-1-2048x1208.png 2048w, https:\/\/urban-connect.com\/wp-content\/uploads\/2026\/03\/Zaptec-cover-3-1-1831x1080.png 1831w\"\n                    sizes=\"(max-width: 768px) 100vw, 768px\"\n                    alt=\"Was passiert, wenn das Laden von Elektroautos endlich funktioniert?\"\n                ><\/noscript>\n            <\/a>\n                <\/div>\n    <div class=\"right-side\">\n                    <a href=\"https:\/\/urban-connect.com\/de\/news\/was-passiert-wenn-das-laden-von-elektroautos-endlich-funktioniert-wie-urban-connect-und-zaptec-eine-bessere-ladeinfrastruktur-fuer-elektroautos-geschaffen-haben\/\">\n                <h6 class=\"title\">Was passiert, wenn das Laden von Elektroautos endlich funktioniert?<\/h6>\n            <\/a>\n                        <span class=\"date\">M\u00e4rz 17, 2026 <\/span>\n            \n\t        <\/div>\n<\/div>                        <\/div>\n                                                <div class=\"swiper-slide\">\n                            <div class=\"card-horizontal\">\n    <div class=\"left-side\">\n                    <a href=\"https:\/\/urban-connect.com\/de\/news\/fallstudie-im-blickpunkt-lonza-visps-partnerschaft-fuer-nachhaltige-mobilitaet-mit-urban-connect\/\">\n                <img decoding=\"async\" \n                    class=\"image lazyload\" data-src=\"https:\/\/urban-connect.com\/wp-content\/uploads\/2026\/02\/HELSANA-x-UC-banner-768x511.png\"\n                    data-srcset=\"https:\/\/urban-connect.com\/wp-content\/uploads\/2026\/02\/HELSANA-x-UC-banner-768x511.png 768w, https:\/\/urban-connect.com\/wp-content\/uploads\/2026\/02\/HELSANA-x-UC-banner-300x199.png 300w, https:\/\/urban-connect.com\/wp-content\/uploads\/2026\/02\/HELSANA-x-UC-banner-1024x681.png 1024w, https:\/\/urban-connect.com\/wp-content\/uploads\/2026\/02\/HELSANA-x-UC-banner-1536x1021.png 1536w, https:\/\/urban-connect.com\/wp-content\/uploads\/2026\/02\/HELSANA-x-UC-banner.png 1590w\"\n                    data-sizes=\"(max-width: 768px) 100vw, 768px\"\n                    alt=\"Fallstudie im Blickpunkt: Helsana erm\u00f6glicht \u00fcber 3'400 Mitarbeitenden ein Urban Connect Mobility Budget \u2013 dank SCIM ganz reibungslos.\"\n                 src=\"data:image\/gif;base64,R0lGODlhAQABAAAAACH5BAEKAAEALAAAAAABAAEAAAICTAEAOw==\" style=\"--smush-placeholder-width: 768px; --smush-placeholder-aspect-ratio: 768\/511;\"><noscript><img decoding=\"async\" \n                    class=\"image\" src=\"https:\/\/urban-connect.com\/wp-content\/uploads\/2026\/02\/HELSANA-x-UC-banner-768x511.png\"\n                    srcset=\"https:\/\/urban-connect.com\/wp-content\/uploads\/2026\/02\/HELSANA-x-UC-banner-768x511.png 768w, https:\/\/urban-connect.com\/wp-content\/uploads\/2026\/02\/HELSANA-x-UC-banner-300x199.png 300w, https:\/\/urban-connect.com\/wp-content\/uploads\/2026\/02\/HELSANA-x-UC-banner-1024x681.png 1024w, https:\/\/urban-connect.com\/wp-content\/uploads\/2026\/02\/HELSANA-x-UC-banner-1536x1021.png 1536w, https:\/\/urban-connect.com\/wp-content\/uploads\/2026\/02\/HELSANA-x-UC-banner.png 1590w\"\n                    sizes=\"(max-width: 768px) 100vw, 768px\"\n                    alt=\"Fallstudie im Blickpunkt: Helsana erm\u00f6glicht \u00fcber 3'400 Mitarbeitenden ein Urban Connect Mobility Budget \u2013 dank SCIM ganz reibungslos.\"\n                ><\/noscript>\n            <\/a>\n                <\/div>\n    <div class=\"right-side\">\n                    <a href=\"https:\/\/urban-connect.com\/de\/news\/fallstudie-im-blickpunkt-lonza-visps-partnerschaft-fuer-nachhaltige-mobilitaet-mit-urban-connect\/\">\n                <h6 class=\"title\">Fallstudie im Blickpunkt: Helsana erm\u00f6glicht \u00fcber 3&#8217;400 Mitarbeitenden ein Urban Connect Mobility Budget \u2013 dank SCIM ganz reibungslos.<\/h6>\n            <\/a>\n                        <span class=\"date\">Februar 05, 2026 <\/span>\n            \n\t        <\/div>\n<\/div>                        <\/div>\n                                        <\/div>\n                <div class=\"btn-slider \">\n    <div class=\"prev\">\n        <svg width=\"22\" height=\"12\" viewBox=\"0 0 22 12\" fill=\"none\" xmlns=\"http:\/\/www.w3.org\/2000\/svg\">\n            <path d=\"M5.094 4.476L7.74 1.83L6.03 0.102L0.432 5.7L6.03 11.298L7.74 9.57L5.076 6.906H21.42V4.476H5.094Z\" fill=\"white\"\/>\n        <\/svg>\n    <\/div>\n    <div class=\"next\">\n        <svg width=\"22\" height=\"12\" viewBox=\"0 0 22 12\" fill=\"none\" xmlns=\"http:\/\/www.w3.org\/2000\/svg\">\n            <path d=\"M14.292 1.83L16.938 4.476H0.612V6.906H16.956L14.292 9.57L16.002 11.298L21.6 5.7L16.002 0.102L14.292 1.83Z\" fill=\"white\"\/>\n        <\/svg>\n    <\/div>\n<\/div>            <\/div>\n        <\/div>\n    <\/section>\n    ","protected":false},"excerpt":{"rendered":"<p>Wir befinden uns an der Schwelle zu einer Revolution der Unternehmensmobilit\u00e4t. Dabei kann es im Kontext des Wandels eine echte Herausforderung sein, den \u00dcberblick zu behalten. Aus diesem Grund bringen wir am 4. April die gr\u00f6ssten Mobilit\u00e4tsakteure und die besten Experten der Branche zusammen, um ihre Erfahrungen, bew\u00e4hrten Praktiken und Zukunftswetten auszutauschen. Die Nr. 1 [&hellip;]<\/p>\n","protected":false},"featured_media":4349,"parent":0,"template":"","news_category":[36],"class_list":["post-4350","news","type-news","status-publish","has-post-thumbnail","hentry","news_category-events-de"],"acf":[],"yoast_head":"<!-- This site is optimized with the Yoast SEO plugin v23.2 - https:\/\/yoast.com\/wordpress\/plugins\/seo\/ -->\n<title>Sichern Sie sich Ihr Ticket f\u00fcr die gr\u00f6sste Veranstaltung zum Thema Unternehmensmobilit\u00e4t in der Schweiz am 4. April - Urban Connect<\/title>\n<meta name=\"robots\" content=\"index, follow, max-snippet:-1, max-image-preview:large, max-video-preview:-1\" \/>\n<link rel=\"canonical\" href=\"https:\/\/urban-connect.com\/de\/news\/sichern-sie-sich-ihr-ticket-fuer-die-groesste-veranstaltung-zum-thema-unternehmensmobilitaet-in-der-schweiz-am-4-april\/\" \/>\n<meta property=\"og:locale\" content=\"de_DE\" \/>\n<meta property=\"og:type\" content=\"article\" \/>\n<meta property=\"og:title\" content=\"Sichern Sie sich Ihr Ticket f\u00fcr die gr\u00f6sste Veranstaltung zum Thema Unternehmensmobilit\u00e4t in der Schweiz am 4. April - Urban Connect\" \/>\n<meta property=\"og:description\" content=\"Wir befinden uns an der Schwelle zu einer Revolution der Unternehmensmobilit\u00e4t. Dabei kann es im Kontext des Wandels eine echte Herausforderung sein, den \u00dcberblick zu behalten. Aus diesem Grund bringen wir am 4. April die gr\u00f6ssten Mobilit\u00e4tsakteure und die besten Experten der Branche zusammen, um ihre Erfahrungen, bew\u00e4hrten Praktiken und Zukunftswetten auszutauschen. Die Nr. 1 [&hellip;]\" \/>\n<meta property=\"og:url\" content=\"https:\/\/urban-connect.com\/de\/news\/sichern-sie-sich-ihr-ticket-fuer-die-groesste-veranstaltung-zum-thema-unternehmensmobilitaet-in-der-schweiz-am-4-april\/\" \/>\n<meta property=\"og:site_name\" content=\"Urban Connect\" \/>\n<meta property=\"article:modified_time\" content=\"2024-07-25T11:50:11+00:00\" \/>\n<meta property=\"og:image\" content=\"https:\/\/urban-connect.com\/wp-content\/uploads\/2024\/03\/Event_FeatureImage.jpg\" \/>\n\t<meta property=\"og:image:width\" content=\"1270\" \/>\n\t<meta property=\"og:image:height\" content=\"844\" \/>\n\t<meta property=\"og:image:type\" content=\"image\/jpeg\" \/>\n<meta name=\"twitter:card\" content=\"summary_large_image\" \/>\n<meta name=\"twitter:label1\" content=\"Gesch\u00e4tzte Lesezeit\" \/>\n\t<meta name=\"twitter:data1\" content=\"2\u00a0Minuten\" \/>\n<script type=\"application\/ld+json\" class=\"yoast-schema-graph\">{\"@context\":\"https:\/\/schema.org\",\"@graph\":[{\"@type\":\"WebPage\",\"@id\":\"https:\/\/urban-connect.com\/de\/news\/sichern-sie-sich-ihr-ticket-fuer-die-groesste-veranstaltung-zum-thema-unternehmensmobilitaet-in-der-schweiz-am-4-april\/\",\"url\":\"https:\/\/urban-connect.com\/de\/news\/sichern-sie-sich-ihr-ticket-fuer-die-groesste-veranstaltung-zum-thema-unternehmensmobilitaet-in-der-schweiz-am-4-april\/\",\"name\":\"Sichern Sie sich Ihr Ticket f\u00fcr die gr\u00f6sste Veranstaltung zum Thema Unternehmensmobilit\u00e4t in der Schweiz am 4. April - Urban Connect\",\"isPartOf\":{\"@id\":\"https:\/\/urban-connect.com\/de\/#website\"},\"primaryImageOfPage\":{\"@id\":\"https:\/\/urban-connect.com\/de\/news\/sichern-sie-sich-ihr-ticket-fuer-die-groesste-veranstaltung-zum-thema-unternehmensmobilitaet-in-der-schweiz-am-4-april\/#primaryimage\"},\"image\":{\"@id\":\"https:\/\/urban-connect.com\/de\/news\/sichern-sie-sich-ihr-ticket-fuer-die-groesste-veranstaltung-zum-thema-unternehmensmobilitaet-in-der-schweiz-am-4-april\/#primaryimage\"},\"thumbnailUrl\":\"https:\/\/urban-connect.com\/wp-content\/uploads\/2024\/03\/Event_FeatureImage.jpg\",\"datePublished\":\"2024-03-27T18:43:02+00:00\",\"dateModified\":\"2024-07-25T11:50:11+00:00\",\"breadcrumb\":{\"@id\":\"https:\/\/urban-connect.com\/de\/news\/sichern-sie-sich-ihr-ticket-fuer-die-groesste-veranstaltung-zum-thema-unternehmensmobilitaet-in-der-schweiz-am-4-april\/#breadcrumb\"},\"inLanguage\":\"de\",\"potentialAction\":[{\"@type\":\"ReadAction\",\"target\":[\"https:\/\/urban-connect.com\/de\/news\/sichern-sie-sich-ihr-ticket-fuer-die-groesste-veranstaltung-zum-thema-unternehmensmobilitaet-in-der-schweiz-am-4-april\/\"]}]},{\"@type\":\"ImageObject\",\"inLanguage\":\"de\",\"@id\":\"https:\/\/urban-connect.com\/de\/news\/sichern-sie-sich-ihr-ticket-fuer-die-groesste-veranstaltung-zum-thema-unternehmensmobilitaet-in-der-schweiz-am-4-april\/#primaryimage\",\"url\":\"https:\/\/urban-connect.com\/wp-content\/uploads\/2024\/03\/Event_FeatureImage.jpg\",\"contentUrl\":\"https:\/\/urban-connect.com\/wp-content\/uploads\/2024\/03\/Event_FeatureImage.jpg\",\"width\":1270,\"height\":844},{\"@type\":\"BreadcrumbList\",\"@id\":\"https:\/\/urban-connect.com\/de\/news\/sichern-sie-sich-ihr-ticket-fuer-die-groesste-veranstaltung-zum-thema-unternehmensmobilitaet-in-der-schweiz-am-4-april\/#breadcrumb\",\"itemListElement\":[{\"@type\":\"ListItem\",\"position\":1,\"name\":\"Home\",\"item\":\"https:\/\/urban-connect.com\/de\/\"},{\"@type\":\"ListItem\",\"position\":2,\"name\":\"Sichern Sie sich Ihr Ticket f\u00fcr die gr\u00f6sste Veranstaltung zum Thema Unternehmensmobilit\u00e4t in der Schweiz am 4. April\"}]},{\"@type\":\"WebSite\",\"@id\":\"https:\/\/urban-connect.com\/de\/#website\",\"url\":\"https:\/\/urban-connect.com\/de\/\",\"name\":\"Urban Connect\",\"description\":\"\",\"potentialAction\":[{\"@type\":\"SearchAction\",\"target\":{\"@type\":\"EntryPoint\",\"urlTemplate\":\"https:\/\/urban-connect.com\/de\/?s={search_term_string}\"},\"query-input\":\"required name=search_term_string\"}],\"inLanguage\":\"de\"}]}<\/script>\n<!-- \/ Yoast SEO plugin. -->","yoast_head_json":{"title":"Sichern Sie sich Ihr Ticket f\u00fcr die gr\u00f6sste Veranstaltung zum Thema Unternehmensmobilit\u00e4t in der Schweiz am 4. April - Urban Connect","robots":{"index":"index","follow":"follow","max-snippet":"max-snippet:-1","max-image-preview":"max-image-preview:large","max-video-preview":"max-video-preview:-1"},"canonical":"https:\/\/urban-connect.com\/de\/news\/sichern-sie-sich-ihr-ticket-fuer-die-groesste-veranstaltung-zum-thema-unternehmensmobilitaet-in-der-schweiz-am-4-april\/","og_locale":"de_DE","og_type":"article","og_title":"Sichern Sie sich Ihr Ticket f\u00fcr die gr\u00f6sste Veranstaltung zum Thema Unternehmensmobilit\u00e4t in der Schweiz am 4. April - Urban Connect","og_description":"Wir befinden uns an der Schwelle zu einer Revolution der Unternehmensmobilit\u00e4t. Dabei kann es im Kontext des Wandels eine echte Herausforderung sein, den \u00dcberblick zu behalten. Aus diesem Grund bringen wir am 4. April die gr\u00f6ssten Mobilit\u00e4tsakteure und die besten Experten der Branche zusammen, um ihre Erfahrungen, bew\u00e4hrten Praktiken und Zukunftswetten auszutauschen. Die Nr. 1 [&hellip;]","og_url":"https:\/\/urban-connect.com\/de\/news\/sichern-sie-sich-ihr-ticket-fuer-die-groesste-veranstaltung-zum-thema-unternehmensmobilitaet-in-der-schweiz-am-4-april\/","og_site_name":"Urban Connect","article_modified_time":"2024-07-25T11:50:11+00:00","og_image":[{"width":1270,"height":844,"url":"https:\/\/urban-connect.com\/wp-content\/uploads\/2024\/03\/Event_FeatureImage.jpg","type":"image\/jpeg"}],"twitter_card":"summary_large_image","twitter_misc":{"Gesch\u00e4tzte Lesezeit":"2\u00a0Minuten"},"schema":{"@context":"https:\/\/schema.org","@graph":[{"@type":"WebPage","@id":"https:\/\/urban-connect.com\/de\/news\/sichern-sie-sich-ihr-ticket-fuer-die-groesste-veranstaltung-zum-thema-unternehmensmobilitaet-in-der-schweiz-am-4-april\/","url":"https:\/\/urban-connect.com\/de\/news\/sichern-sie-sich-ihr-ticket-fuer-die-groesste-veranstaltung-zum-thema-unternehmensmobilitaet-in-der-schweiz-am-4-april\/","name":"Sichern Sie sich Ihr Ticket f\u00fcr die gr\u00f6sste Veranstaltung zum Thema Unternehmensmobilit\u00e4t in der Schweiz am 4. April - Urban Connect","isPartOf":{"@id":"https:\/\/urban-connect.com\/de\/#website"},"primaryImageOfPage":{"@id":"https:\/\/urban-connect.com\/de\/news\/sichern-sie-sich-ihr-ticket-fuer-die-groesste-veranstaltung-zum-thema-unternehmensmobilitaet-in-der-schweiz-am-4-april\/#primaryimage"},"image":{"@id":"https:\/\/urban-connect.com\/de\/news\/sichern-sie-sich-ihr-ticket-fuer-die-groesste-veranstaltung-zum-thema-unternehmensmobilitaet-in-der-schweiz-am-4-april\/#primaryimage"},"thumbnailUrl":"https:\/\/urban-connect.com\/wp-content\/uploads\/2024\/03\/Event_FeatureImage.jpg","datePublished":"2024-03-27T18:43:02+00:00","dateModified":"2024-07-25T11:50:11+00:00","breadcrumb":{"@id":"https:\/\/urban-connect.com\/de\/news\/sichern-sie-sich-ihr-ticket-fuer-die-groesste-veranstaltung-zum-thema-unternehmensmobilitaet-in-der-schweiz-am-4-april\/#breadcrumb"},"inLanguage":"de","potentialAction":[{"@type":"ReadAction","target":["https:\/\/urban-connect.com\/de\/news\/sichern-sie-sich-ihr-ticket-fuer-die-groesste-veranstaltung-zum-thema-unternehmensmobilitaet-in-der-schweiz-am-4-april\/"]}]},{"@type":"ImageObject","inLanguage":"de","@id":"https:\/\/urban-connect.com\/de\/news\/sichern-sie-sich-ihr-ticket-fuer-die-groesste-veranstaltung-zum-thema-unternehmensmobilitaet-in-der-schweiz-am-4-april\/#primaryimage","url":"https:\/\/urban-connect.com\/wp-content\/uploads\/2024\/03\/Event_FeatureImage.jpg","contentUrl":"https:\/\/urban-connect.com\/wp-content\/uploads\/2024\/03\/Event_FeatureImage.jpg","width":1270,"height":844},{"@type":"BreadcrumbList","@id":"https:\/\/urban-connect.com\/de\/news\/sichern-sie-sich-ihr-ticket-fuer-die-groesste-veranstaltung-zum-thema-unternehmensmobilitaet-in-der-schweiz-am-4-april\/#breadcrumb","itemListElement":[{"@type":"ListItem","position":1,"name":"Home","item":"https:\/\/urban-connect.com\/de\/"},{"@type":"ListItem","position":2,"name":"Sichern Sie sich Ihr Ticket f\u00fcr die gr\u00f6sste Veranstaltung zum Thema Unternehmensmobilit\u00e4t in der Schweiz am 4. April"}]},{"@type":"WebSite","@id":"https:\/\/urban-connect.com\/de\/#website","url":"https:\/\/urban-connect.com\/de\/","name":"Urban Connect","description":"","potentialAction":[{"@type":"SearchAction","target":{"@type":"EntryPoint","urlTemplate":"https:\/\/urban-connect.com\/de\/?s={search_term_string}"},"query-input":"required name=search_term_string"}],"inLanguage":"de"}]}},"_links":{"self":[{"href":"https:\/\/urban-connect.com\/de\/wp-json\/wp\/v2\/news\/4350","targetHints":{"allow":["GET"]}}],"collection":[{"href":"https:\/\/urban-connect.com\/de\/wp-json\/wp\/v2\/news"}],"about":[{"href":"https:\/\/urban-connect.com\/de\/wp-json\/wp\/v2\/types\/news"}],"wp:featuredmedia":[{"embeddable":true,"href":"https:\/\/urban-connect.com\/de\/wp-json\/wp\/v2\/media\/4349"}],"wp:attachment":[{"href":"https:\/\/urban-connect.com\/de\/wp-json\/wp\/v2\/media?parent=4350"}],"wp:term":[{"taxonomy":"news_category","embeddable":true,"href":"https:\/\/urban-connect.com\/de\/wp-json\/wp\/v2\/news_category?post=4350"}],"curies":[{"name":"wp","href":"https:\/\/api.w.org\/{rel}","templated":true}]}}