{"id":3372,"date":"2023-10-30T15:20:42","date_gmt":"2023-10-30T15:20:42","guid":{"rendered":"https:\/\/urban-connect.com\/?post_type=news&#038;p=3372"},"modified":"2024-07-25T12:03:57","modified_gmt":"2024-07-25T12:03:57","slug":"urban-connect-gruender-judith-haeberli-robert-ruttmann-gewinnen-ey-entrepreneur-of-the-year-award","status":"publish","type":"news","link":"https:\/\/urban-connect.com\/de\/news\/urban-connect-gruender-judith-haeberli-robert-ruttmann-gewinnen-ey-entrepreneur-of-the-year-award\/","title":{"rendered":"Urban Connect-Gr\u00fcnder Judith H\u00e4berli &amp; Robert Ruttmann gewinnen EY Entrepreneur of the Year Award!\u00a0"},"content":{"rendered":"\n<p>Wir freuen uns sehr, dass die Gr\u00fcnder von Urban Connect &#8211; Judith H\u00e4berli und Robert Ruttmann &#8211; mit dem angesehenen EY Entrepreneur of the Year Award in der Kategorie Emerging Entrepreneur ausgezeichnet worden sind.&nbsp;<\/p>\n\n\n\n<p><strong>Was ist der EY Entrepreneur of the Year?<\/strong>&nbsp;<\/p>\n\n\n\n<p>Der EY Entrepreneur of the Year ist einer der gr\u00f6ssten und renommiertesten Wirtschaftspreise, der bereits zum 26. Mal in der Schweiz verliehen wird. Der von der Beratungsfirma EY ins Leben gerufene Preis zeichnet Gr\u00fcnder, CEOs und F\u00fchrungskr\u00e4fte aus, die in aussergew\u00f6hnlicher Weise Innovation, Wachstum und positiven Wandel in Unternehmen und Gemeinden vorantreiben.&nbsp;<\/p>\n\n\n\n<p>Die Finalisten in den vier Preiskategorien &#8222;Emerging Entrepreneur&#8220;, &#8222;Service &amp; Retail&#8220;, &#8222;Family Business&#8220; und &#8222;Industry, High-Tech &amp; Life Sciences&#8220; werden von einer engagierten und unabh\u00e4ngigen 11-k\u00f6pfigen Jury ausgew\u00e4hlt, die Monate in den sorgf\u00e4ltigen Auswahlprozess investiert.&nbsp;<\/p>\n\n\n\n<p><strong>Champions der Kategorie Emerging Entrepreneur<\/strong>&nbsp;<\/p>\n\n\n\n<p>Am Freitagabend, 27. Oktober, nahmen Judith H\u00e4berli und Robert Ruttmann an der&nbsp;prestigetr\u00e4chtigen&nbsp;Preisverleihung und dem Galadinner des EoY 2023 in Lausanne teil. Dort verk\u00fcndete Tom Hanan, CEO von Web Republic und unabh\u00e4ngiges Jurymitglied f\u00fcr die Kategorie &#8222;Emerging Entrepreneur&#8220;, dass Judith und Robert den Preis gewonnen haben.&nbsp;<\/p>\n\n\n\n<p>Tom Hanan w\u00fcrdigte Judith und Robert f\u00fcr ihre Risikobereitschaft, ihren Ehrgeiz und ihre Innovation im Bereich der Mobilit\u00e4t. Sie gr\u00fcndeten Urban Connect fast zuf\u00e4llig, nachdem sie urspr\u00fcnglich vorhatten, einen Coffee Shop zu er\u00f6ffnen. Der von ihnen ausgew\u00e4hlte Raum war ein altes Fahrradgesch\u00e4ft, und der urspr\u00fcngliche Besitzer erkl\u00e4rte, dass er das Gesch\u00e4ft nur verkaufen w\u00fcrde, wenn sein Lehrling einen Job bekommen k\u00f6nnte. Judith und Robert stimmten dieser Bedingung gl\u00fccklich zu, und diese unerwartete Wendung der Ereignisse verlagerte den Fokus von Kaffee auf Mobilit\u00e4t.&nbsp;<\/p>\n\n\n\n<figure class=\"wp-block-image size-large\"><img loading=\"lazy\" decoding=\"async\" width=\"1024\" height=\"683\" data-src=\"https:\/\/urban-connect.com\/wp-content\/uploads\/2023\/10\/MicrosoftTeams-image-97-1024x683.jpg\" alt=\"Judith and Robert\" class=\"wp-image-3368 lazyload\" data-srcset=\"https:\/\/urban-connect.com\/wp-content\/uploads\/2023\/10\/MicrosoftTeams-image-97-1024x683.jpg 1024w, https:\/\/urban-connect.com\/wp-content\/uploads\/2023\/10\/MicrosoftTeams-image-97-300x200.jpg 300w, https:\/\/urban-connect.com\/wp-content\/uploads\/2023\/10\/MicrosoftTeams-image-97-768x512.jpg 768w, https:\/\/urban-connect.com\/wp-content\/uploads\/2023\/10\/MicrosoftTeams-image-97-1536x1024.jpg 1536w, https:\/\/urban-connect.com\/wp-content\/uploads\/2023\/10\/MicrosoftTeams-image-97-1620x1080.jpg 1620w, https:\/\/urban-connect.com\/wp-content\/uploads\/2023\/10\/MicrosoftTeams-image-97.jpg 2048w\" data-sizes=\"auto, (max-width: 1024px) 100vw, 1024px\" src=\"data:image\/gif;base64,R0lGODlhAQABAAAAACH5BAEKAAEALAAAAAABAAEAAAICTAEAOw==\" style=\"--smush-placeholder-width: 1024px; --smush-placeholder-aspect-ratio: 1024\/683;\" \/><noscript><img loading=\"lazy\" decoding=\"async\" width=\"1024\" height=\"683\" src=\"https:\/\/urban-connect.com\/wp-content\/uploads\/2023\/10\/MicrosoftTeams-image-97-1024x683.jpg\" alt=\"Judith and Robert\" class=\"wp-image-3368\" srcset=\"https:\/\/urban-connect.com\/wp-content\/uploads\/2023\/10\/MicrosoftTeams-image-97-1024x683.jpg 1024w, https:\/\/urban-connect.com\/wp-content\/uploads\/2023\/10\/MicrosoftTeams-image-97-300x200.jpg 300w, https:\/\/urban-connect.com\/wp-content\/uploads\/2023\/10\/MicrosoftTeams-image-97-768x512.jpg 768w, https:\/\/urban-connect.com\/wp-content\/uploads\/2023\/10\/MicrosoftTeams-image-97-1536x1024.jpg 1536w, https:\/\/urban-connect.com\/wp-content\/uploads\/2023\/10\/MicrosoftTeams-image-97-1620x1080.jpg 1620w, https:\/\/urban-connect.com\/wp-content\/uploads\/2023\/10\/MicrosoftTeams-image-97.jpg 2048w\" sizes=\"auto, (max-width: 1024px) 100vw, 1024px\" \/><\/noscript><\/figure>\n\n\n\n<p><strong>Revolutionierung der Unternehmensmobilit\u00e4t<\/strong>&nbsp;<\/p>\n\n\n\n<p>Heute ist Urban Connect die f\u00fchrende Mobilit\u00e4tsplattform multimodaler L\u00f6sungen f\u00fcr Unternehmen in der Schweiz. Das Dienstleistungsangebot umfasst drei Hauptpfeiler: 1) Flottendienstleistungen, die den Mitarbeitenden einen einfachen Zugang zu hochwertigen E-Bikes, E-Scootern und E-Autos erm\u00f6glichen, die in einem geschlossenen \u00d6kosystem gemeinsam genutzt werden; 2) Mobilit\u00e4tsbudget, das alle Mobilit\u00e4tsdienstleistungen &#8211; auch die von Drittanbieter &#8211; b\u00fcndelt und den Mitarbeitenden eine faire und flexible Zuteilung von Mobilit\u00e4tsressourcen erm\u00f6glicht; und 3) Digitales Parkraummanagement, das Unternehmen hilft, den Zugang zu ihren Parkpl\u00e4tzen systematisch zu steuern. Alle diese Mobilit\u00e4tsdienste sind \u00fcber eine einzige App zug\u00e4nglich, die den Unternehmen helfen Kosten zu sparen, Emissionen zu reduzieren und den Endnutzern ein nahtloses Nutzererlebnis bieten.&nbsp;<\/p>\n\n\n\n<p>In den letzten zwei Jahren hat sich Urban Connect zu einer f\u00fchrenden multimodalen Mobilit\u00e4tsplattform f\u00fcr Unternehmen entwickelt, die mehr als 50 grosse Schweizer Blue-Chip-Unternehmen bei ihren Bem\u00fchungen unterst\u00fctzt, die CO2-Emissionen des Autoverkehrs zu senken. Judith H\u00e4berli, Mitbegr\u00fcnderin von Urban Connect, erkl\u00e4rte,&nbsp;&nbsp;<\/p>\n\n\n\n<blockquote class=\"wp-block-quote is-layout-flow wp-block-quote-is-layout-flow\">\n<p><strong>&#8222;Wir f\u00fchlen uns sehr geehrt, diese prestigetr\u00e4chtige Auszeichnung zu erhalten. Sie ist ein Zeugnis f\u00fcr die harte Arbeit und das Engagement des gesamten Urban Connect-Teams. Diese Anerkennung motiviert uns alle, unsere Mission fortzusetzen, Unternehmen bei der Dekarbonisierung und dem effizienteren Management ihrer Mitarbeitermobilit\u00e4tssysteme zu unterst\u00fctzen.&#8220;<\/strong>&nbsp;<\/p>\n<\/blockquote>\n\n\n\n<figure class=\"wp-block-image size-large\"><img loading=\"lazy\" decoding=\"async\" width=\"1024\" height=\"683\" data-src=\"https:\/\/urban-connect.com\/wp-content\/uploads\/2023\/10\/EOY_2023_074-1-1024x683.jpg\" alt=\"\" class=\"wp-image-3370 lazyload\" data-srcset=\"https:\/\/urban-connect.com\/wp-content\/uploads\/2023\/10\/EOY_2023_074-1-1024x683.jpg 1024w, https:\/\/urban-connect.com\/wp-content\/uploads\/2023\/10\/EOY_2023_074-1-300x200.jpg 300w, https:\/\/urban-connect.com\/wp-content\/uploads\/2023\/10\/EOY_2023_074-1-768x512.jpg 768w, https:\/\/urban-connect.com\/wp-content\/uploads\/2023\/10\/EOY_2023_074-1-1536x1024.jpg 1536w\" data-sizes=\"auto, (max-width: 1024px) 100vw, 1024px\" src=\"data:image\/gif;base64,R0lGODlhAQABAAAAACH5BAEKAAEALAAAAAABAAEAAAICTAEAOw==\" style=\"--smush-placeholder-width: 1024px; --smush-placeholder-aspect-ratio: 1024\/683;\" \/><noscript><img loading=\"lazy\" decoding=\"async\" width=\"1024\" height=\"683\" src=\"https:\/\/urban-connect.com\/wp-content\/uploads\/2023\/10\/EOY_2023_074-1-1024x683.jpg\" alt=\"\" class=\"wp-image-3370\" srcset=\"https:\/\/urban-connect.com\/wp-content\/uploads\/2023\/10\/EOY_2023_074-1-1024x683.jpg 1024w, https:\/\/urban-connect.com\/wp-content\/uploads\/2023\/10\/EOY_2023_074-1-300x200.jpg 300w, https:\/\/urban-connect.com\/wp-content\/uploads\/2023\/10\/EOY_2023_074-1-768x512.jpg 768w, https:\/\/urban-connect.com\/wp-content\/uploads\/2023\/10\/EOY_2023_074-1-1536x1024.jpg 1536w\" sizes=\"auto, (max-width: 1024px) 100vw, 1024px\" \/><\/noscript><\/figure>\n\n\n\n<p><strong>Lasst uns gemeinsam feiern!<\/strong>&nbsp;<\/p>\n\n\n\n<p>Im Namen des Urban-Connect-Teams gratulieren wir auch den ph\u00e4nomenalen Co-Finalisten \u202f<a href=\"https:\/\/www.linkedin.com\/in\/ACoAABx_n4oBS26JpJIpWYwR2AP5fCeGW5f4iIw\" target=\"_blank\" rel=\"noreferrer noopener\">David Gugelmann<\/a>,\u202f<a href=\"https:\/\/www.linkedin.com\/in\/ACoAAAASfZwBvzkJj6HJd93uOYtGCTXv2gm5sBQ\" target=\"_blank\" rel=\"noreferrer noopener\">Majbritt Byskov-Bridges<\/a> und <a href=\"https:\/\/www.linkedin.com\/in\/ACoAAACHztoBbU_CkcVGJateXYoYCK4VWJrU9_8\" target=\"_blank\" rel=\"noreferrer noopener\">Mine Uran<\/a> von Herzen. Ihr seid fantastisch! \ud83c\udf97\ufe0f\ud83c\udf97\ufe0f&nbsp;<\/p>\n\n\n\n<p>Herzlichen Gl\u00fcckwunsch auch an die herausragenden Gewinner in ihren jeweiligen Kategorien:&nbsp;<br><br>\ud83c\udfc6 Industrie, High-Tech &amp; Life Sciences: <a href=\"https:\/\/www.linkedin.com\/in\/ACoAAAGNE_wBbSGQ7JWDMyeUPUqxeo6ZS8PnAQQ\" target=\"_blank\" rel=\"noreferrer noopener\">Luca Santarelli<\/a> von \u202f<a href=\"https:\/\/www.linkedin.com\/company\/vectivbio\/\" target=\"_blank\" rel=\"noreferrer noopener\">VectivBio<\/a><br>\ud83c\udfc6 Dienstleistungen &amp; Handel: <a href=\"https:\/\/www.linkedin.com\/in\/ACoAABP-RNkBSrSu5TYnJ4tfjpvbbXKVe6bjazI\" target=\"_blank\" rel=\"noreferrer noopener\">Paul Fritz<\/a> von <a href=\"https:\/\/www.linkedin.com\/company\/homeinsteadinc\/\" target=\"_blank\" rel=\"noreferrer noopener\">Home Instead<\/a><br>\ud83c\udfc6 Familienunternehmen: <a href=\"https:\/\/www.linkedin.com\/in\/ACoAAAKDzFoBdtek9Ga8TvDsK36cHK9Dc5v1D14\" target=\"_blank\" rel=\"noreferrer noopener\">Daniel Bossard<\/a> from <a href=\"https:\/\/www.linkedin.com\/company\/bossard-schweiz\/\" target=\"_blank\" rel=\"noreferrer noopener\">Bossard Schweiz<\/a><\/p>\n\n\n\n<p>Um die Auszeichnung gemeinsam zu feiern, l\u00e4dt Urban Connect Unternehmen zu einer pers\u00f6nlichen Demonstration ihrer Dienstleistungen ein. Buchen Sie einen Termin mit uns und erfahren Sie, wie wir dazu beitragen k\u00f6nnen, die Art und Weise, wie Ihre Mitarbeiter pendeln, zu revolutionieren!&nbsp;<\/p>\n\n\n\n<p>Change Mobility &#8211; Change the World<\/p>\n\n\n\n<div class=\"wp-block-buttons is-layout-flex wp-block-buttons-is-layout-flex\">\n<div class=\"wp-block-button has-custom-font-size\" style=\"font-size:20px\"><a class=\"wp-block-button__link wp-element-button\" href=\"https:\/\/meetings.hubspot.com\/felix-kruse\/meet-uc\">Demo buchen<\/a><\/div>\n<\/div>\n\n\n    <section class=\"related-posts\">\n        <div class=\"container\">\n            <h4 class=\"block-title\"><\/h4>\n        <\/div>\n        <div class=\"container posts-wrap\">\n            <div class=\"swiper swiper-related-posts\">\n                <div class=\"swiper-wrapper\">\n                                            <div class=\"swiper-slide\">\n                            <div class=\"card-horizontal\">\n    <div class=\"left-side\">\n                    <a href=\"https:\/\/urban-connect.com\/de\/news\/wheels-wine-2026-eine-wegweisende-ausgabe-die-die-zukunft-der-unternehmensmobilitaet-gestaltet\/\">\n                <img decoding=\"async\" \n                    class=\"image lazyload\" data-src=\"https:\/\/urban-connect.com\/wp-content\/uploads\/2026\/03\/F06A4076-768x512.jpg\"\n                    data-srcset=\"https:\/\/urban-connect.com\/wp-content\/uploads\/2026\/03\/F06A4076-768x512.jpg 768w, https:\/\/urban-connect.com\/wp-content\/uploads\/2026\/03\/F06A4076-300x200.jpg 300w, https:\/\/urban-connect.com\/wp-content\/uploads\/2026\/03\/F06A4076-1024x683.jpg 1024w, https:\/\/urban-connect.com\/wp-content\/uploads\/2026\/03\/F06A4076-1536x1024.jpg 1536w, https:\/\/urban-connect.com\/wp-content\/uploads\/2026\/03\/F06A4076-2048x1365.jpg 2048w, https:\/\/urban-connect.com\/wp-content\/uploads\/2026\/03\/F06A4076-1620x1080.jpg 1620w\"\n                    data-sizes=\"(max-width: 768px) 100vw, 768px\"\n                    alt=\"Wheels &amp; Wine 2026 \u2013 Eine wegweisende Ausgabe, die die Zukunft der Unternehmensmobilit\u00e4t gestaltet\"\n                 src=\"data:image\/gif;base64,R0lGODlhAQABAAAAACH5BAEKAAEALAAAAAABAAEAAAICTAEAOw==\" style=\"--smush-placeholder-width: 768px; --smush-placeholder-aspect-ratio: 768\/512;\"><noscript><img decoding=\"async\" \n                    class=\"image\" src=\"https:\/\/urban-connect.com\/wp-content\/uploads\/2026\/03\/F06A4076-768x512.jpg\"\n                    srcset=\"https:\/\/urban-connect.com\/wp-content\/uploads\/2026\/03\/F06A4076-768x512.jpg 768w, https:\/\/urban-connect.com\/wp-content\/uploads\/2026\/03\/F06A4076-300x200.jpg 300w, https:\/\/urban-connect.com\/wp-content\/uploads\/2026\/03\/F06A4076-1024x683.jpg 1024w, https:\/\/urban-connect.com\/wp-content\/uploads\/2026\/03\/F06A4076-1536x1024.jpg 1536w, https:\/\/urban-connect.com\/wp-content\/uploads\/2026\/03\/F06A4076-2048x1365.jpg 2048w, https:\/\/urban-connect.com\/wp-content\/uploads\/2026\/03\/F06A4076-1620x1080.jpg 1620w\"\n                    sizes=\"(max-width: 768px) 100vw, 768px\"\n                    alt=\"Wheels &amp; Wine 2026 \u2013 Eine wegweisende Ausgabe, die die Zukunft der Unternehmensmobilit\u00e4t gestaltet\"\n                ><\/noscript>\n            <\/a>\n                <\/div>\n    <div class=\"right-side\">\n                    <a href=\"https:\/\/urban-connect.com\/de\/news\/wheels-wine-2026-eine-wegweisende-ausgabe-die-die-zukunft-der-unternehmensmobilitaet-gestaltet\/\">\n                <h6 class=\"title\">Wheels &amp; Wine 2026 \u2013 Eine wegweisende Ausgabe, die die Zukunft der Unternehmensmobilit\u00e4t gestaltet<\/h6>\n            <\/a>\n                        <span class=\"date\">M\u00e4rz 24, 2026 <\/span>\n            \n\t        <\/div>\n<\/div>                        <\/div>\n                                                <div class=\"swiper-slide\">\n                            <div class=\"card-horizontal\">\n    <div class=\"left-side\">\n                    <a href=\"https:\/\/urban-connect.com\/de\/news\/was-passiert-wenn-das-laden-von-elektroautos-endlich-funktioniert-wie-urban-connect-und-zaptec-eine-bessere-ladeinfrastruktur-fuer-elektroautos-geschaffen-haben\/\">\n                <img decoding=\"async\" \n                    class=\"image lazyload\" data-src=\"https:\/\/urban-connect.com\/wp-content\/uploads\/2026\/03\/Zaptec-cover-3-1-768x453.png\"\n                    data-srcset=\"https:\/\/urban-connect.com\/wp-content\/uploads\/2026\/03\/Zaptec-cover-3-1-768x453.png 768w, https:\/\/urban-connect.com\/wp-content\/uploads\/2026\/03\/Zaptec-cover-3-1-300x177.png 300w, https:\/\/urban-connect.com\/wp-content\/uploads\/2026\/03\/Zaptec-cover-3-1-1024x604.png 1024w, https:\/\/urban-connect.com\/wp-content\/uploads\/2026\/03\/Zaptec-cover-3-1-1536x906.png 1536w, https:\/\/urban-connect.com\/wp-content\/uploads\/2026\/03\/Zaptec-cover-3-1-2048x1208.png 2048w, https:\/\/urban-connect.com\/wp-content\/uploads\/2026\/03\/Zaptec-cover-3-1-1831x1080.png 1831w\"\n                    data-sizes=\"(max-width: 768px) 100vw, 768px\"\n                    alt=\"Was passiert, wenn das Laden von Elektroautos endlich funktioniert?\"\n                 src=\"data:image\/gif;base64,R0lGODlhAQABAAAAACH5BAEKAAEALAAAAAABAAEAAAICTAEAOw==\" style=\"--smush-placeholder-width: 768px; --smush-placeholder-aspect-ratio: 768\/453;\"><noscript><img decoding=\"async\" \n                    class=\"image\" src=\"https:\/\/urban-connect.com\/wp-content\/uploads\/2026\/03\/Zaptec-cover-3-1-768x453.png\"\n                    srcset=\"https:\/\/urban-connect.com\/wp-content\/uploads\/2026\/03\/Zaptec-cover-3-1-768x453.png 768w, https:\/\/urban-connect.com\/wp-content\/uploads\/2026\/03\/Zaptec-cover-3-1-300x177.png 300w, https:\/\/urban-connect.com\/wp-content\/uploads\/2026\/03\/Zaptec-cover-3-1-1024x604.png 1024w, https:\/\/urban-connect.com\/wp-content\/uploads\/2026\/03\/Zaptec-cover-3-1-1536x906.png 1536w, https:\/\/urban-connect.com\/wp-content\/uploads\/2026\/03\/Zaptec-cover-3-1-2048x1208.png 2048w, https:\/\/urban-connect.com\/wp-content\/uploads\/2026\/03\/Zaptec-cover-3-1-1831x1080.png 1831w\"\n                    sizes=\"(max-width: 768px) 100vw, 768px\"\n                    alt=\"Was passiert, wenn das Laden von Elektroautos endlich funktioniert?\"\n                ><\/noscript>\n            <\/a>\n                <\/div>\n    <div class=\"right-side\">\n                    <a href=\"https:\/\/urban-connect.com\/de\/news\/was-passiert-wenn-das-laden-von-elektroautos-endlich-funktioniert-wie-urban-connect-und-zaptec-eine-bessere-ladeinfrastruktur-fuer-elektroautos-geschaffen-haben\/\">\n                <h6 class=\"title\">Was passiert, wenn das Laden von Elektroautos endlich funktioniert?<\/h6>\n            <\/a>\n                        <span class=\"date\">M\u00e4rz 17, 2026 <\/span>\n            \n\t        <\/div>\n<\/div>                        <\/div>\n                                                <div class=\"swiper-slide\">\n                            <div class=\"card-horizontal\">\n    <div class=\"left-side\">\n                    <a href=\"https:\/\/urban-connect.com\/de\/news\/fallstudie-im-blickpunkt-lonza-visps-partnerschaft-fuer-nachhaltige-mobilitaet-mit-urban-connect\/\">\n                <img decoding=\"async\" \n                    class=\"image lazyload\" data-src=\"https:\/\/urban-connect.com\/wp-content\/uploads\/2026\/02\/HELSANA-x-UC-banner-768x511.png\"\n                    data-srcset=\"https:\/\/urban-connect.com\/wp-content\/uploads\/2026\/02\/HELSANA-x-UC-banner-768x511.png 768w, https:\/\/urban-connect.com\/wp-content\/uploads\/2026\/02\/HELSANA-x-UC-banner-300x199.png 300w, https:\/\/urban-connect.com\/wp-content\/uploads\/2026\/02\/HELSANA-x-UC-banner-1024x681.png 1024w, https:\/\/urban-connect.com\/wp-content\/uploads\/2026\/02\/HELSANA-x-UC-banner-1536x1021.png 1536w, https:\/\/urban-connect.com\/wp-content\/uploads\/2026\/02\/HELSANA-x-UC-banner.png 1590w\"\n                    data-sizes=\"(max-width: 768px) 100vw, 768px\"\n                    alt=\"Fallstudie im Blickpunkt: Helsana erm\u00f6glicht \u00fcber 3'400 Mitarbeitenden ein Urban Connect Mobility Budget \u2013 dank SCIM ganz reibungslos.\"\n                 src=\"data:image\/gif;base64,R0lGODlhAQABAAAAACH5BAEKAAEALAAAAAABAAEAAAICTAEAOw==\" style=\"--smush-placeholder-width: 768px; --smush-placeholder-aspect-ratio: 768\/511;\"><noscript><img decoding=\"async\" \n                    class=\"image\" src=\"https:\/\/urban-connect.com\/wp-content\/uploads\/2026\/02\/HELSANA-x-UC-banner-768x511.png\"\n                    srcset=\"https:\/\/urban-connect.com\/wp-content\/uploads\/2026\/02\/HELSANA-x-UC-banner-768x511.png 768w, https:\/\/urban-connect.com\/wp-content\/uploads\/2026\/02\/HELSANA-x-UC-banner-300x199.png 300w, https:\/\/urban-connect.com\/wp-content\/uploads\/2026\/02\/HELSANA-x-UC-banner-1024x681.png 1024w, https:\/\/urban-connect.com\/wp-content\/uploads\/2026\/02\/HELSANA-x-UC-banner-1536x1021.png 1536w, https:\/\/urban-connect.com\/wp-content\/uploads\/2026\/02\/HELSANA-x-UC-banner.png 1590w\"\n                    sizes=\"(max-width: 768px) 100vw, 768px\"\n                    alt=\"Fallstudie im Blickpunkt: Helsana erm\u00f6glicht \u00fcber 3'400 Mitarbeitenden ein Urban Connect Mobility Budget \u2013 dank SCIM ganz reibungslos.\"\n                ><\/noscript>\n            <\/a>\n                <\/div>\n    <div class=\"right-side\">\n                    <a href=\"https:\/\/urban-connect.com\/de\/news\/fallstudie-im-blickpunkt-lonza-visps-partnerschaft-fuer-nachhaltige-mobilitaet-mit-urban-connect\/\">\n                <h6 class=\"title\">Fallstudie im Blickpunkt: Helsana erm\u00f6glicht \u00fcber 3&#8217;400 Mitarbeitenden ein Urban Connect Mobility Budget \u2013 dank SCIM ganz reibungslos.<\/h6>\n            <\/a>\n                        <span class=\"date\">Februar 05, 2026 <\/span>\n            \n\t        <\/div>\n<\/div>                        <\/div>\n                                        <\/div>\n                <div class=\"btn-slider \">\n    <div class=\"prev\">\n        <svg width=\"22\" height=\"12\" viewBox=\"0 0 22 12\" fill=\"none\" xmlns=\"http:\/\/www.w3.org\/2000\/svg\">\n            <path d=\"M5.094 4.476L7.74 1.83L6.03 0.102L0.432 5.7L6.03 11.298L7.74 9.57L5.076 6.906H21.42V4.476H5.094Z\" fill=\"white\"\/>\n        <\/svg>\n    <\/div>\n    <div class=\"next\">\n        <svg width=\"22\" height=\"12\" viewBox=\"0 0 22 12\" fill=\"none\" xmlns=\"http:\/\/www.w3.org\/2000\/svg\">\n            <path d=\"M14.292 1.83L16.938 4.476H0.612V6.906H16.956L14.292 9.57L16.002 11.298L21.6 5.7L16.002 0.102L14.292 1.83Z\" fill=\"white\"\/>\n        <\/svg>\n    <\/div>\n<\/div>            <\/div>\n        <\/div>\n    <\/section>\n    ","protected":false},"excerpt":{"rendered":"<p>Wir freuen uns sehr, dass die Gr\u00fcnder von Urban Connect &#8211; Judith H\u00e4berli und Robert Ruttmann &#8211; mit dem angesehenen EY Entrepreneur of the Year Award in der Kategorie Emerging Entrepreneur ausgezeichnet worden sind.&nbsp; Was ist der EY Entrepreneur of the Year?&nbsp; Der EY Entrepreneur of the Year ist einer der gr\u00f6ssten und renommiertesten Wirtschaftspreise, [&hellip;]<\/p>\n","protected":false},"featured_media":3366,"parent":0,"template":"","news_category":[38],"class_list":["post-3372","news","type-news","status-publish","has-post-thumbnail","hentry","news_category-news-de"],"acf":[],"yoast_head":"<!-- This site is optimized with the Yoast SEO plugin v23.2 - https:\/\/yoast.com\/wordpress\/plugins\/seo\/ -->\n<title>Urban Connect-Gr\u00fcnder Judith H\u00e4berli &amp; Robert Ruttmann gewinnen EY Entrepreneur of the Year Award!\u00a0 - Urban Connect<\/title>\n<meta name=\"robots\" content=\"index, follow, max-snippet:-1, max-image-preview:large, max-video-preview:-1\" \/>\n<link rel=\"canonical\" href=\"https:\/\/urban-connect.com\/de\/news\/urban-connect-gruender-judith-haeberli-robert-ruttmann-gewinnen-ey-entrepreneur-of-the-year-award\/\" \/>\n<meta property=\"og:locale\" content=\"de_DE\" \/>\n<meta property=\"og:type\" content=\"article\" \/>\n<meta property=\"og:title\" content=\"Urban Connect-Gr\u00fcnder Judith H\u00e4berli &amp; Robert Ruttmann gewinnen EY Entrepreneur of the Year Award!\u00a0 - Urban Connect\" \/>\n<meta property=\"og:description\" content=\"Wir freuen uns sehr, dass die Gr\u00fcnder von Urban Connect &#8211; Judith H\u00e4berli und Robert Ruttmann &#8211; mit dem angesehenen EY Entrepreneur of the Year Award in der Kategorie Emerging Entrepreneur ausgezeichnet worden sind.&nbsp; Was ist der EY Entrepreneur of the Year?&nbsp; Der EY Entrepreneur of the Year ist einer der gr\u00f6ssten und renommiertesten Wirtschaftspreise, [&hellip;]\" \/>\n<meta property=\"og:url\" content=\"https:\/\/urban-connect.com\/de\/news\/urban-connect-gruender-judith-haeberli-robert-ruttmann-gewinnen-ey-entrepreneur-of-the-year-award\/\" \/>\n<meta property=\"og:site_name\" content=\"Urban Connect\" \/>\n<meta property=\"article:modified_time\" content=\"2024-07-25T12:03:57+00:00\" \/>\n<meta property=\"og:image\" content=\"https:\/\/urban-connect.com\/wp-content\/uploads\/2023\/10\/MicrosoftTeams-image-98.jpg\" \/>\n\t<meta property=\"og:image:width\" content=\"2047\" \/>\n\t<meta property=\"og:image:height\" content=\"1365\" \/>\n\t<meta property=\"og:image:type\" content=\"image\/jpeg\" \/>\n<meta name=\"twitter:card\" content=\"summary_large_image\" \/>\n<meta name=\"twitter:label1\" content=\"Gesch\u00e4tzte Lesezeit\" \/>\n\t<meta name=\"twitter:data1\" content=\"3\u00a0Minuten\" \/>\n<script type=\"application\/ld+json\" class=\"yoast-schema-graph\">{\"@context\":\"https:\/\/schema.org\",\"@graph\":[{\"@type\":\"WebPage\",\"@id\":\"https:\/\/urban-connect.com\/de\/news\/urban-connect-gruender-judith-haeberli-robert-ruttmann-gewinnen-ey-entrepreneur-of-the-year-award\/\",\"url\":\"https:\/\/urban-connect.com\/de\/news\/urban-connect-gruender-judith-haeberli-robert-ruttmann-gewinnen-ey-entrepreneur-of-the-year-award\/\",\"name\":\"Urban Connect-Gr\u00fcnder Judith H\u00e4berli &amp; Robert Ruttmann gewinnen EY Entrepreneur of the Year Award!\u00a0 - Urban Connect\",\"isPartOf\":{\"@id\":\"https:\/\/urban-connect.com\/de\/#website\"},\"primaryImageOfPage\":{\"@id\":\"https:\/\/urban-connect.com\/de\/news\/urban-connect-gruender-judith-haeberli-robert-ruttmann-gewinnen-ey-entrepreneur-of-the-year-award\/#primaryimage\"},\"image\":{\"@id\":\"https:\/\/urban-connect.com\/de\/news\/urban-connect-gruender-judith-haeberli-robert-ruttmann-gewinnen-ey-entrepreneur-of-the-year-award\/#primaryimage\"},\"thumbnailUrl\":\"https:\/\/urban-connect.com\/wp-content\/uploads\/2023\/10\/MicrosoftTeams-image-98.jpg\",\"datePublished\":\"2023-10-30T15:20:42+00:00\",\"dateModified\":\"2024-07-25T12:03:57+00:00\",\"breadcrumb\":{\"@id\":\"https:\/\/urban-connect.com\/de\/news\/urban-connect-gruender-judith-haeberli-robert-ruttmann-gewinnen-ey-entrepreneur-of-the-year-award\/#breadcrumb\"},\"inLanguage\":\"de\",\"potentialAction\":[{\"@type\":\"ReadAction\",\"target\":[\"https:\/\/urban-connect.com\/de\/news\/urban-connect-gruender-judith-haeberli-robert-ruttmann-gewinnen-ey-entrepreneur-of-the-year-award\/\"]}]},{\"@type\":\"ImageObject\",\"inLanguage\":\"de\",\"@id\":\"https:\/\/urban-connect.com\/de\/news\/urban-connect-gruender-judith-haeberli-robert-ruttmann-gewinnen-ey-entrepreneur-of-the-year-award\/#primaryimage\",\"url\":\"https:\/\/urban-connect.com\/wp-content\/uploads\/2023\/10\/MicrosoftTeams-image-98.jpg\",\"contentUrl\":\"https:\/\/urban-connect.com\/wp-content\/uploads\/2023\/10\/MicrosoftTeams-image-98.jpg\",\"width\":2047,\"height\":1365,\"caption\":\"Judith and Robert winning EY award\"},{\"@type\":\"BreadcrumbList\",\"@id\":\"https:\/\/urban-connect.com\/de\/news\/urban-connect-gruender-judith-haeberli-robert-ruttmann-gewinnen-ey-entrepreneur-of-the-year-award\/#breadcrumb\",\"itemListElement\":[{\"@type\":\"ListItem\",\"position\":1,\"name\":\"Home\",\"item\":\"https:\/\/urban-connect.com\/de\/\"},{\"@type\":\"ListItem\",\"position\":2,\"name\":\"Urban Connect-Gr\u00fcnder Judith H\u00e4berli &amp; Robert Ruttmann gewinnen EY Entrepreneur of the Year Award!\u00a0\"}]},{\"@type\":\"WebSite\",\"@id\":\"https:\/\/urban-connect.com\/de\/#website\",\"url\":\"https:\/\/urban-connect.com\/de\/\",\"name\":\"Urban Connect\",\"description\":\"\",\"potentialAction\":[{\"@type\":\"SearchAction\",\"target\":{\"@type\":\"EntryPoint\",\"urlTemplate\":\"https:\/\/urban-connect.com\/de\/?s={search_term_string}\"},\"query-input\":\"required name=search_term_string\"}],\"inLanguage\":\"de\"}]}<\/script>\n<!-- \/ Yoast SEO plugin. -->","yoast_head_json":{"title":"Urban Connect-Gr\u00fcnder Judith H\u00e4berli &amp; Robert Ruttmann gewinnen EY Entrepreneur of the Year Award!\u00a0 - Urban Connect","robots":{"index":"index","follow":"follow","max-snippet":"max-snippet:-1","max-image-preview":"max-image-preview:large","max-video-preview":"max-video-preview:-1"},"canonical":"https:\/\/urban-connect.com\/de\/news\/urban-connect-gruender-judith-haeberli-robert-ruttmann-gewinnen-ey-entrepreneur-of-the-year-award\/","og_locale":"de_DE","og_type":"article","og_title":"Urban Connect-Gr\u00fcnder Judith H\u00e4berli &amp; Robert Ruttmann gewinnen EY Entrepreneur of the Year Award!\u00a0 - Urban Connect","og_description":"Wir freuen uns sehr, dass die Gr\u00fcnder von Urban Connect &#8211; Judith H\u00e4berli und Robert Ruttmann &#8211; mit dem angesehenen EY Entrepreneur of the Year Award in der Kategorie Emerging Entrepreneur ausgezeichnet worden sind.&nbsp; Was ist der EY Entrepreneur of the Year?&nbsp; Der EY Entrepreneur of the Year ist einer der gr\u00f6ssten und renommiertesten Wirtschaftspreise, [&hellip;]","og_url":"https:\/\/urban-connect.com\/de\/news\/urban-connect-gruender-judith-haeberli-robert-ruttmann-gewinnen-ey-entrepreneur-of-the-year-award\/","og_site_name":"Urban Connect","article_modified_time":"2024-07-25T12:03:57+00:00","og_image":[{"width":2047,"height":1365,"url":"https:\/\/urban-connect.com\/wp-content\/uploads\/2023\/10\/MicrosoftTeams-image-98.jpg","type":"image\/jpeg"}],"twitter_card":"summary_large_image","twitter_misc":{"Gesch\u00e4tzte Lesezeit":"3\u00a0Minuten"},"schema":{"@context":"https:\/\/schema.org","@graph":[{"@type":"WebPage","@id":"https:\/\/urban-connect.com\/de\/news\/urban-connect-gruender-judith-haeberli-robert-ruttmann-gewinnen-ey-entrepreneur-of-the-year-award\/","url":"https:\/\/urban-connect.com\/de\/news\/urban-connect-gruender-judith-haeberli-robert-ruttmann-gewinnen-ey-entrepreneur-of-the-year-award\/","name":"Urban Connect-Gr\u00fcnder Judith H\u00e4berli &amp; Robert Ruttmann gewinnen EY Entrepreneur of the Year Award!\u00a0 - Urban Connect","isPartOf":{"@id":"https:\/\/urban-connect.com\/de\/#website"},"primaryImageOfPage":{"@id":"https:\/\/urban-connect.com\/de\/news\/urban-connect-gruender-judith-haeberli-robert-ruttmann-gewinnen-ey-entrepreneur-of-the-year-award\/#primaryimage"},"image":{"@id":"https:\/\/urban-connect.com\/de\/news\/urban-connect-gruender-judith-haeberli-robert-ruttmann-gewinnen-ey-entrepreneur-of-the-year-award\/#primaryimage"},"thumbnailUrl":"https:\/\/urban-connect.com\/wp-content\/uploads\/2023\/10\/MicrosoftTeams-image-98.jpg","datePublished":"2023-10-30T15:20:42+00:00","dateModified":"2024-07-25T12:03:57+00:00","breadcrumb":{"@id":"https:\/\/urban-connect.com\/de\/news\/urban-connect-gruender-judith-haeberli-robert-ruttmann-gewinnen-ey-entrepreneur-of-the-year-award\/#breadcrumb"},"inLanguage":"de","potentialAction":[{"@type":"ReadAction","target":["https:\/\/urban-connect.com\/de\/news\/urban-connect-gruender-judith-haeberli-robert-ruttmann-gewinnen-ey-entrepreneur-of-the-year-award\/"]}]},{"@type":"ImageObject","inLanguage":"de","@id":"https:\/\/urban-connect.com\/de\/news\/urban-connect-gruender-judith-haeberli-robert-ruttmann-gewinnen-ey-entrepreneur-of-the-year-award\/#primaryimage","url":"https:\/\/urban-connect.com\/wp-content\/uploads\/2023\/10\/MicrosoftTeams-image-98.jpg","contentUrl":"https:\/\/urban-connect.com\/wp-content\/uploads\/2023\/10\/MicrosoftTeams-image-98.jpg","width":2047,"height":1365,"caption":"Judith and Robert winning EY award"},{"@type":"BreadcrumbList","@id":"https:\/\/urban-connect.com\/de\/news\/urban-connect-gruender-judith-haeberli-robert-ruttmann-gewinnen-ey-entrepreneur-of-the-year-award\/#breadcrumb","itemListElement":[{"@type":"ListItem","position":1,"name":"Home","item":"https:\/\/urban-connect.com\/de\/"},{"@type":"ListItem","position":2,"name":"Urban Connect-Gr\u00fcnder Judith H\u00e4berli &amp; Robert Ruttmann gewinnen EY Entrepreneur of the Year Award!\u00a0"}]},{"@type":"WebSite","@id":"https:\/\/urban-connect.com\/de\/#website","url":"https:\/\/urban-connect.com\/de\/","name":"Urban Connect","description":"","potentialAction":[{"@type":"SearchAction","target":{"@type":"EntryPoint","urlTemplate":"https:\/\/urban-connect.com\/de\/?s={search_term_string}"},"query-input":"required name=search_term_string"}],"inLanguage":"de"}]}},"_links":{"self":[{"href":"https:\/\/urban-connect.com\/de\/wp-json\/wp\/v2\/news\/3372","targetHints":{"allow":["GET"]}}],"collection":[{"href":"https:\/\/urban-connect.com\/de\/wp-json\/wp\/v2\/news"}],"about":[{"href":"https:\/\/urban-connect.com\/de\/wp-json\/wp\/v2\/types\/news"}],"wp:featuredmedia":[{"embeddable":true,"href":"https:\/\/urban-connect.com\/de\/wp-json\/wp\/v2\/media\/3366"}],"wp:attachment":[{"href":"https:\/\/urban-connect.com\/de\/wp-json\/wp\/v2\/media?parent=3372"}],"wp:term":[{"taxonomy":"news_category","embeddable":true,"href":"https:\/\/urban-connect.com\/de\/wp-json\/wp\/v2\/news_category?post=3372"}],"curies":[{"name":"wp","href":"https:\/\/api.w.org\/{rel}","templated":true}]}}