{"id":2978,"date":"2023-08-18T14:55:30","date_gmt":"2023-08-18T14:55:30","guid":{"rendered":"https:\/\/urban-connect.com\/?post_type=news&#038;p=2978"},"modified":"2025-01-27T11:28:44","modified_gmt":"2025-01-27T11:28:44","slug":"stillstand-im-stau-wie-firmen-eine-mobilitaetswende-herbeifuehren-koennen","status":"publish","type":"news","link":"https:\/\/urban-connect.com\/de\/news\/stillstand-im-stau-wie-firmen-eine-mobilitaetswende-herbeifuehren-koennen\/","title":{"rendered":"Stillstand im Stau: wie Firmen eine Mobilit\u00e4tswende herbeif\u00fchren k\u00f6nnen"},"content":{"rendered":"\n<p>In der Schweiz ist das Thema Mobilit\u00e4t schon l\u00e4ngst zum gesellschaftlich relevanten Thema geworden. St\u00e4dte k\u00e4mpften mit Staus und werden zunehmend noch aufgefordert, eine Net Null Verkehrspolitik einzuleiten. Diese Initiativen sind auch berechtigt. Die Schweiz weist im internationalen Vergleich eine der ineffizientesten Fahrzeugauslastungen \u00fcberhaupt aus. Eine Analyse vom Bundesamt f\u00fcr Statistik hat ergeben, dass Fahrzeuge im Schnitt 23h pro Tag stillstehen und wenn im Gebrauch, nur rund 1.6 Sitzpl\u00e4tze beansprucht werden. Dies entspricht einer kombinierten Auslastung von nur 1.6%. Die zunehmenden Staus auf unseren Strassen \u2013 vor allem zu Stosszeiten \u2013 repr\u00e4sentieren das Ergebnis dieser tiefen Auslastung.<\/p>\n\n\n\n<p>Die Schweiz ist in der Tat ein Land von Autopendlern. Mehr als die H\u00e4lfte der Schweizer Pendler benutzen jeden Tag das Auto. Das ist insofern relevant, weil knapp ein Drittel der Schweizer Treibhausgasemissionen auf den Autoverkehr zur\u00fcckzuf\u00fchren ist. Dies bedeutet, dass sowohl die Dekarbonisierung als auch die Auslastungserh\u00f6hung der Mobilit\u00e4t in der Schweiz zum wichtigen Bestandteil einer nachhaltigen Wirtschaftsstrategie werden d\u00fcrfte. Im Grunde liegt die Agenda f\u00fcr eine Verkehrswende in der Schweiz auf der Hand.<\/p>\n\n\n\n<p>Der gesamte Schweizer Fuhrpark von insgesamt 4.7m Personenwagen m\u00fcsste reduziert werden. Doch Ver\u00e4nderungen sind selten leicht. Und das Auto ist schon l\u00e4ngst zum m\u00e4chtigen Symbol unserer Individualit\u00e4t, unserer Selbstbestimmung und sogar unserer Industriekultur geworden. Aus dieser Erkenntnis entsteht eine entscheidende Frage: Was w\u00fcrde die Menschen dazu veranlassen, freiwillig auf ihr eigenes Auto zu verzichten?<\/p>\n\n\n\n<h2 class=\"wp-block-heading\">Wer verzichtet auf das eigene Auto?<\/h2>\n\n\n\n<p>Die Antwort d\u00fcrfte naheliegend sein: Um Menschen dazu einzuladen, auf das eigene Auto zu verzichten, m\u00fcssen die Alternativen zum eigenen Auto ausgeweitet, verbessert und miteinander nutzerfreundlich vernetzt werden. \u00abNutzen statt besitzen\u00bb heisst die Devise. Mobilit\u00e4t als Dienstleistung ist der Begriff der Stunde. Dabei geht es nicht darum, ob der \u00f6ffentlicher Verkehr (\u00d6V), geteilte E-Bikes und E-Scooter oder Carsharing eine einzelne Alternative w\u00e4ren. Es geht viel eher um die digital gest\u00fctzte Vernetzung einer multimodalen Mobilit\u00e4tskette mit einfachem Zugang. Eine interessante Studie des Beratungsinstituts McKinsey best\u00e4tigt dieses Potential: Sie zeigt auf, dass die Bereitschaft der Menschen f\u00fcr die geteilte Nutzung von Fahrzeugen gestiegen ist. Die Studie zeigt ebenfalls auf, dass nicht nur der Besitz von einem Fahrzeug relevant ist, sondern auch der Zugang zu den Fahrzeugen. Bloss wer bietet diesen Zugang zu Mobility-as-a- Service-L\u00f6sungen an?<\/p>\n\n\n\n<h2 class=\"wp-block-heading\">Firmen als Treiber der Innovation<\/h2>\n\n\n\n<p>Innovative Firmen wie Lonza und Roche arbeiten bereits mit Hochdruck an neuen Mobilit\u00e4tsmodellen. Um den motorisierten Individualverkehr zu reduzieren, setzen sie auf multimodale, geteilte Fahrzeugflotten \u2013 von E-Bikes \u00fcber E-Autos bis E-Scooter\u2013 die dann unter den Mitarbeitenden benutzergerecht geteilt werden. Dabei fahren immer weniger Mitarbeitende mit dem eigenen Auto zur Arbeit und teilen stattdessen eine Vielzahl der verschiedenen Mobilit\u00e4tsoptionen. F\u00fcr die geteilten Fahrzeuge gibt es einen zentralen Parkplatz, einen Wartungs- und Reinigungsservice und eine nutzerfreundliche App, mit der sich das gew\u00fcnschte Fahrzeug jederzeit reservieren, aufschliessen und nach der Fahrt nahtlos abrechnen l\u00e4sst. Die Vorteile f\u00fcr die Firmen sind offensichtlich: Kosten sinken, da nicht so viele Autos mehr erworben werden m\u00fcssen, der Parkplatzbedarf f\u00e4llt stark ab, da mehr Menschen weniger Autos nutzen, und die gesamten mobilit\u00e4tsgetriebenen Treibhausgasemissionen gehen zur\u00fcck, insbesondere wenn die geteilten Fahrzeuge E-Autos oder E-Bikes sind.<\/p>\n\n\n\n<h2 class=\"wp-block-heading\">Wie Kosten, Platz und Emissionen eingespart werden<\/h2>\n\n\n\n<p>Um den Nutzen der Urban Connect Mobilit\u00e4tsplattform festzustellen, haben wir bei einem Kunden im Rahmen einer Mitarbeitendenbefragung die Pendlerstrecken sowie den jeweils verwendeten Transportverhalten vor und nach der Einf\u00fchrung der Urban Connect Plattform erfasst. <\/p>\n\n\n\n<p>M\u00f6chtest Du mehr \u00fcber die Vorteile einer Corporate E-Bike-Flotte f\u00fcr Deine Mitarbeitenden erfahren? F\u00fclle einfach das Formular unten aus, und Du erh\u00e4ltst das komplette Whitepaper direkt in Dein E-Mail-Postfach!<\/p>\n\n\n\n<script charset=\"utf-8\" type=\"text\/javascript\" src=\"\/\/js.hsforms.net\/forms\/embed\/v2.js\"><\/script>\n<script>\n  hbspt.forms.create({\n    portalId: \"4873065\",\n    formId: \"e2a10670-1a2b-4eca-bcd5-62f2d35de1d1\"\n  });\n<\/script>\n\n\n        <section class=\"author-block\">\n            <div class=\"container\">\n                <div class=\"left-side\">\n                    <h6 class=\"name\">Robert Ruttmann<\/h6>\n                    <span class=\"position\">Co-Founder and Chief Executive Officer, Urban Connect<\/span>\n                <\/div>\n                <div class=\"right-side\">\n                                            <img decoding=\"async\" \n                        class=\"image lazyload\" data-src=\"https:\/\/urban-connect.com\/wp-content\/uploads\/2023\/03\/15-3-21-53.jpg\"\n                        data-srcset=\"https:\/\/urban-connect.com\/wp-content\/uploads\/2023\/03\/15-3-21-53.jpg 762w, https:\/\/urban-connect.com\/wp-content\/uploads\/2023\/03\/15-3-21-53-300x300.jpg 300w, https:\/\/urban-connect.com\/wp-content\/uploads\/2023\/03\/15-3-21-53-150x150.jpg 150w\"\n                        data-sizes=\"(max-width: 762px) 100vw, 762px\"\n                        alt=\"Chart Image\"\n                         src=\"data:image\/gif;base64,R0lGODlhAQABAAAAACH5BAEKAAEALAAAAAABAAEAAAICTAEAOw==\" style=\"--smush-placeholder-width: 762px; --smush-placeholder-aspect-ratio: 762\/762;\"><noscript><img decoding=\"async\" \n                        class=\"image\" src=\"https:\/\/urban-connect.com\/wp-content\/uploads\/2023\/03\/15-3-21-53.jpg\"\n                        srcset=\"https:\/\/urban-connect.com\/wp-content\/uploads\/2023\/03\/15-3-21-53.jpg 762w, https:\/\/urban-connect.com\/wp-content\/uploads\/2023\/03\/15-3-21-53-300x300.jpg 300w, https:\/\/urban-connect.com\/wp-content\/uploads\/2023\/03\/15-3-21-53-150x150.jpg 150w\"\n                        sizes=\"(max-width: 762px) 100vw, 762px\"\n                        alt=\"Chart Image\"\n                        ><\/noscript>\n                                        <\/div>\n            <\/div>\n        <\/section>\n        \n\n    <section class=\"related-posts\">\n        <div class=\"container\">\n            <h4 class=\"block-title\"><\/h4>\n        <\/div>\n        <div class=\"container posts-wrap\">\n            <div class=\"swiper swiper-related-posts\">\n                <div class=\"swiper-wrapper\">\n                                            <div class=\"swiper-slide\">\n                            <div class=\"card-horizontal\">\n    <div class=\"left-side\">\n                    <a href=\"https:\/\/urban-connect.com\/de\/news\/wheels-wine-2026-eine-wegweisende-ausgabe-die-die-zukunft-der-unternehmensmobilitaet-gestaltet\/\">\n                <img decoding=\"async\" \n                    class=\"image lazyload\" data-src=\"https:\/\/urban-connect.com\/wp-content\/uploads\/2026\/03\/F06A4076-768x512.jpg\"\n                    data-srcset=\"https:\/\/urban-connect.com\/wp-content\/uploads\/2026\/03\/F06A4076-768x512.jpg 768w, https:\/\/urban-connect.com\/wp-content\/uploads\/2026\/03\/F06A4076-300x200.jpg 300w, https:\/\/urban-connect.com\/wp-content\/uploads\/2026\/03\/F06A4076-1024x683.jpg 1024w, https:\/\/urban-connect.com\/wp-content\/uploads\/2026\/03\/F06A4076-1536x1024.jpg 1536w, https:\/\/urban-connect.com\/wp-content\/uploads\/2026\/03\/F06A4076-2048x1365.jpg 2048w, https:\/\/urban-connect.com\/wp-content\/uploads\/2026\/03\/F06A4076-1620x1080.jpg 1620w\"\n                    data-sizes=\"(max-width: 768px) 100vw, 768px\"\n                    alt=\"Wheels &amp; Wine 2026 \u2013 Eine wegweisende Ausgabe, die die Zukunft der Unternehmensmobilit\u00e4t gestaltet\"\n                 src=\"data:image\/gif;base64,R0lGODlhAQABAAAAACH5BAEKAAEALAAAAAABAAEAAAICTAEAOw==\" style=\"--smush-placeholder-width: 768px; --smush-placeholder-aspect-ratio: 768\/512;\"><noscript><img decoding=\"async\" \n                    class=\"image\" src=\"https:\/\/urban-connect.com\/wp-content\/uploads\/2026\/03\/F06A4076-768x512.jpg\"\n                    srcset=\"https:\/\/urban-connect.com\/wp-content\/uploads\/2026\/03\/F06A4076-768x512.jpg 768w, https:\/\/urban-connect.com\/wp-content\/uploads\/2026\/03\/F06A4076-300x200.jpg 300w, https:\/\/urban-connect.com\/wp-content\/uploads\/2026\/03\/F06A4076-1024x683.jpg 1024w, https:\/\/urban-connect.com\/wp-content\/uploads\/2026\/03\/F06A4076-1536x1024.jpg 1536w, https:\/\/urban-connect.com\/wp-content\/uploads\/2026\/03\/F06A4076-2048x1365.jpg 2048w, https:\/\/urban-connect.com\/wp-content\/uploads\/2026\/03\/F06A4076-1620x1080.jpg 1620w\"\n                    sizes=\"(max-width: 768px) 100vw, 768px\"\n                    alt=\"Wheels &amp; Wine 2026 \u2013 Eine wegweisende Ausgabe, die die Zukunft der Unternehmensmobilit\u00e4t gestaltet\"\n                ><\/noscript>\n            <\/a>\n                <\/div>\n    <div class=\"right-side\">\n                    <a href=\"https:\/\/urban-connect.com\/de\/news\/wheels-wine-2026-eine-wegweisende-ausgabe-die-die-zukunft-der-unternehmensmobilitaet-gestaltet\/\">\n                <h6 class=\"title\">Wheels &amp; Wine 2026 \u2013 Eine wegweisende Ausgabe, die die Zukunft der Unternehmensmobilit\u00e4t gestaltet<\/h6>\n            <\/a>\n                        <span class=\"date\">M\u00e4rz 24, 2026 <\/span>\n            \n\t        <\/div>\n<\/div>                        <\/div>\n                                                <div class=\"swiper-slide\">\n                            <div class=\"card-horizontal\">\n    <div class=\"left-side\">\n                    <a href=\"https:\/\/urban-connect.com\/de\/news\/was-passiert-wenn-das-laden-von-elektroautos-endlich-funktioniert-wie-urban-connect-und-zaptec-eine-bessere-ladeinfrastruktur-fuer-elektroautos-geschaffen-haben\/\">\n                <img decoding=\"async\" \n                    class=\"image lazyload\" data-src=\"https:\/\/urban-connect.com\/wp-content\/uploads\/2026\/03\/Zaptec-cover-3-1-768x453.png\"\n                    data-srcset=\"https:\/\/urban-connect.com\/wp-content\/uploads\/2026\/03\/Zaptec-cover-3-1-768x453.png 768w, https:\/\/urban-connect.com\/wp-content\/uploads\/2026\/03\/Zaptec-cover-3-1-300x177.png 300w, https:\/\/urban-connect.com\/wp-content\/uploads\/2026\/03\/Zaptec-cover-3-1-1024x604.png 1024w, https:\/\/urban-connect.com\/wp-content\/uploads\/2026\/03\/Zaptec-cover-3-1-1536x906.png 1536w, https:\/\/urban-connect.com\/wp-content\/uploads\/2026\/03\/Zaptec-cover-3-1-2048x1208.png 2048w, https:\/\/urban-connect.com\/wp-content\/uploads\/2026\/03\/Zaptec-cover-3-1-1831x1080.png 1831w\"\n                    data-sizes=\"(max-width: 768px) 100vw, 768px\"\n                    alt=\"Was passiert, wenn das Laden von Elektroautos endlich funktioniert?\"\n                 src=\"data:image\/gif;base64,R0lGODlhAQABAAAAACH5BAEKAAEALAAAAAABAAEAAAICTAEAOw==\" style=\"--smush-placeholder-width: 768px; --smush-placeholder-aspect-ratio: 768\/453;\"><noscript><img decoding=\"async\" \n                    class=\"image\" src=\"https:\/\/urban-connect.com\/wp-content\/uploads\/2026\/03\/Zaptec-cover-3-1-768x453.png\"\n                    srcset=\"https:\/\/urban-connect.com\/wp-content\/uploads\/2026\/03\/Zaptec-cover-3-1-768x453.png 768w, https:\/\/urban-connect.com\/wp-content\/uploads\/2026\/03\/Zaptec-cover-3-1-300x177.png 300w, https:\/\/urban-connect.com\/wp-content\/uploads\/2026\/03\/Zaptec-cover-3-1-1024x604.png 1024w, https:\/\/urban-connect.com\/wp-content\/uploads\/2026\/03\/Zaptec-cover-3-1-1536x906.png 1536w, https:\/\/urban-connect.com\/wp-content\/uploads\/2026\/03\/Zaptec-cover-3-1-2048x1208.png 2048w, https:\/\/urban-connect.com\/wp-content\/uploads\/2026\/03\/Zaptec-cover-3-1-1831x1080.png 1831w\"\n                    sizes=\"(max-width: 768px) 100vw, 768px\"\n                    alt=\"Was passiert, wenn das Laden von Elektroautos endlich funktioniert?\"\n                ><\/noscript>\n            <\/a>\n                <\/div>\n    <div class=\"right-side\">\n                    <a href=\"https:\/\/urban-connect.com\/de\/news\/was-passiert-wenn-das-laden-von-elektroautos-endlich-funktioniert-wie-urban-connect-und-zaptec-eine-bessere-ladeinfrastruktur-fuer-elektroautos-geschaffen-haben\/\">\n                <h6 class=\"title\">Was passiert, wenn das Laden von Elektroautos endlich funktioniert?<\/h6>\n            <\/a>\n                        <span class=\"date\">M\u00e4rz 17, 2026 <\/span>\n            \n\t        <\/div>\n<\/div>                        <\/div>\n                                                <div class=\"swiper-slide\">\n                            <div class=\"card-horizontal\">\n    <div class=\"left-side\">\n                    <a href=\"https:\/\/urban-connect.com\/de\/news\/fallstudie-im-blickpunkt-lonza-visps-partnerschaft-fuer-nachhaltige-mobilitaet-mit-urban-connect\/\">\n                <img decoding=\"async\" \n                    class=\"image lazyload\" data-src=\"https:\/\/urban-connect.com\/wp-content\/uploads\/2026\/02\/HELSANA-x-UC-banner-768x511.png\"\n                    data-srcset=\"https:\/\/urban-connect.com\/wp-content\/uploads\/2026\/02\/HELSANA-x-UC-banner-768x511.png 768w, https:\/\/urban-connect.com\/wp-content\/uploads\/2026\/02\/HELSANA-x-UC-banner-300x199.png 300w, https:\/\/urban-connect.com\/wp-content\/uploads\/2026\/02\/HELSANA-x-UC-banner-1024x681.png 1024w, https:\/\/urban-connect.com\/wp-content\/uploads\/2026\/02\/HELSANA-x-UC-banner-1536x1021.png 1536w, https:\/\/urban-connect.com\/wp-content\/uploads\/2026\/02\/HELSANA-x-UC-banner.png 1590w\"\n                    data-sizes=\"(max-width: 768px) 100vw, 768px\"\n                    alt=\"Fallstudie im Blickpunkt: Helsana erm\u00f6glicht \u00fcber 3'400 Mitarbeitenden ein Urban Connect Mobility Budget \u2013 dank SCIM ganz reibungslos.\"\n                 src=\"data:image\/gif;base64,R0lGODlhAQABAAAAACH5BAEKAAEALAAAAAABAAEAAAICTAEAOw==\" style=\"--smush-placeholder-width: 768px; --smush-placeholder-aspect-ratio: 768\/511;\"><noscript><img decoding=\"async\" \n                    class=\"image\" src=\"https:\/\/urban-connect.com\/wp-content\/uploads\/2026\/02\/HELSANA-x-UC-banner-768x511.png\"\n                    srcset=\"https:\/\/urban-connect.com\/wp-content\/uploads\/2026\/02\/HELSANA-x-UC-banner-768x511.png 768w, https:\/\/urban-connect.com\/wp-content\/uploads\/2026\/02\/HELSANA-x-UC-banner-300x199.png 300w, https:\/\/urban-connect.com\/wp-content\/uploads\/2026\/02\/HELSANA-x-UC-banner-1024x681.png 1024w, https:\/\/urban-connect.com\/wp-content\/uploads\/2026\/02\/HELSANA-x-UC-banner-1536x1021.png 1536w, https:\/\/urban-connect.com\/wp-content\/uploads\/2026\/02\/HELSANA-x-UC-banner.png 1590w\"\n                    sizes=\"(max-width: 768px) 100vw, 768px\"\n                    alt=\"Fallstudie im Blickpunkt: Helsana erm\u00f6glicht \u00fcber 3'400 Mitarbeitenden ein Urban Connect Mobility Budget \u2013 dank SCIM ganz reibungslos.\"\n                ><\/noscript>\n            <\/a>\n                <\/div>\n    <div class=\"right-side\">\n                    <a href=\"https:\/\/urban-connect.com\/de\/news\/fallstudie-im-blickpunkt-lonza-visps-partnerschaft-fuer-nachhaltige-mobilitaet-mit-urban-connect\/\">\n                <h6 class=\"title\">Fallstudie im Blickpunkt: Helsana erm\u00f6glicht \u00fcber 3&#8217;400 Mitarbeitenden ein Urban Connect Mobility Budget \u2013 dank SCIM ganz reibungslos.<\/h6>\n            <\/a>\n                        <span class=\"date\">Februar 05, 2026 <\/span>\n            \n\t        <\/div>\n<\/div>                        <\/div>\n                                        <\/div>\n                <div class=\"btn-slider \">\n    <div class=\"prev\">\n        <svg width=\"22\" height=\"12\" viewBox=\"0 0 22 12\" fill=\"none\" xmlns=\"http:\/\/www.w3.org\/2000\/svg\">\n            <path d=\"M5.094 4.476L7.74 1.83L6.03 0.102L0.432 5.7L6.03 11.298L7.74 9.57L5.076 6.906H21.42V4.476H5.094Z\" fill=\"white\"\/>\n        <\/svg>\n    <\/div>\n    <div class=\"next\">\n        <svg width=\"22\" height=\"12\" viewBox=\"0 0 22 12\" fill=\"none\" xmlns=\"http:\/\/www.w3.org\/2000\/svg\">\n            <path d=\"M14.292 1.83L16.938 4.476H0.612V6.906H16.956L14.292 9.57L16.002 11.298L21.6 5.7L16.002 0.102L14.292 1.83Z\" fill=\"white\"\/>\n        <\/svg>\n    <\/div>\n<\/div>            <\/div>\n        <\/div>\n    <\/section>\n    ","protected":false},"excerpt":{"rendered":"<p>In der Schweiz ist das Thema Mobilit\u00e4t schon l\u00e4ngst zum gesellschaftlich relevanten Thema geworden. St\u00e4dte k\u00e4mpften mit Staus und werden zunehmend noch aufgefordert, eine Net Null Verkehrspolitik einzuleiten. Diese Initiativen sind auch berechtigt. Die Schweiz weist im internationalen Vergleich eine der ineffizientesten Fahrzeugauslastungen \u00fcberhaupt aus. Eine Analyse vom Bundesamt f\u00fcr Statistik hat ergeben, dass Fahrzeuge [&hellip;]<\/p>\n","protected":false},"featured_media":1342,"parent":0,"template":"","news_category":[38,37],"class_list":["post-2978","news","type-news","status-publish","has-post-thumbnail","hentry","news_category-news-de","news_category-whitepapers-de"],"acf":[],"yoast_head":"<!-- This site is optimized with the Yoast SEO plugin v23.2 - https:\/\/yoast.com\/wordpress\/plugins\/seo\/ -->\n<title>Wie Firmen die Mobilit\u00e4tswende herbeif\u00fchren - Urban Connect<\/title>\n<meta name=\"description\" content=\"In diesem Blogartikel erfahren Sie, welch zentrale Rolle die Firmenmobilit\u00e4t bei der Verkehrswende spielen kann.\" \/>\n<meta name=\"robots\" content=\"index, follow, max-snippet:-1, max-image-preview:large, max-video-preview:-1\" \/>\n<link rel=\"canonical\" href=\"https:\/\/urban-connect.com\/de\/news\/stillstand-im-stau-wie-firmen-eine-mobilitaetswende-herbeifuehren-koennen\/\" \/>\n<meta property=\"og:locale\" content=\"de_DE\" \/>\n<meta property=\"og:type\" content=\"article\" \/>\n<meta property=\"og:title\" content=\"Wie Firmen die Mobilit\u00e4tswende herbeif\u00fchren - Urban Connect\" \/>\n<meta property=\"og:description\" content=\"In diesem Blogartikel erfahren Sie, welch zentrale Rolle die Firmenmobilit\u00e4t bei der Verkehrswende spielen kann.\" \/>\n<meta property=\"og:url\" content=\"https:\/\/urban-connect.com\/de\/news\/stillstand-im-stau-wie-firmen-eine-mobilitaetswende-herbeifuehren-koennen\/\" \/>\n<meta property=\"og:site_name\" content=\"Urban Connect\" \/>\n<meta property=\"article:modified_time\" content=\"2025-01-27T11:28:44+00:00\" \/>\n<meta property=\"og:image\" content=\"https:\/\/urban-connect.com\/wp-content\/uploads\/2023\/04\/Bildschirmfoto-2022-07-18-um-10.36-2.png\" \/>\n\t<meta property=\"og:image:width\" content=\"719\" \/>\n\t<meta property=\"og:image:height\" content=\"540\" \/>\n\t<meta property=\"og:image:type\" content=\"image\/png\" \/>\n<meta name=\"twitter:card\" content=\"summary_large_image\" \/>\n<meta name=\"twitter:label1\" content=\"Gesch\u00e4tzte Lesezeit\" \/>\n\t<meta name=\"twitter:data1\" content=\"3\u00a0Minuten\" \/>\n<script type=\"application\/ld+json\" class=\"yoast-schema-graph\">{\"@context\":\"https:\/\/schema.org\",\"@graph\":[{\"@type\":\"WebPage\",\"@id\":\"https:\/\/urban-connect.com\/de\/news\/stillstand-im-stau-wie-firmen-eine-mobilitaetswende-herbeifuehren-koennen\/\",\"url\":\"https:\/\/urban-connect.com\/de\/news\/stillstand-im-stau-wie-firmen-eine-mobilitaetswende-herbeifuehren-koennen\/\",\"name\":\"Wie Firmen die Mobilit\u00e4tswende herbeif\u00fchren - Urban Connect\",\"isPartOf\":{\"@id\":\"https:\/\/urban-connect.com\/de\/#website\"},\"primaryImageOfPage\":{\"@id\":\"https:\/\/urban-connect.com\/de\/news\/stillstand-im-stau-wie-firmen-eine-mobilitaetswende-herbeifuehren-koennen\/#primaryimage\"},\"image\":{\"@id\":\"https:\/\/urban-connect.com\/de\/news\/stillstand-im-stau-wie-firmen-eine-mobilitaetswende-herbeifuehren-koennen\/#primaryimage\"},\"thumbnailUrl\":\"https:\/\/urban-connect.com\/wp-content\/uploads\/2023\/04\/Bildschirmfoto-2022-07-18-um-10.36-2.png\",\"datePublished\":\"2023-08-18T14:55:30+00:00\",\"dateModified\":\"2025-01-27T11:28:44+00:00\",\"description\":\"In diesem Blogartikel erfahren Sie, welch zentrale Rolle die Firmenmobilit\u00e4t bei der Verkehrswende spielen kann.\",\"breadcrumb\":{\"@id\":\"https:\/\/urban-connect.com\/de\/news\/stillstand-im-stau-wie-firmen-eine-mobilitaetswende-herbeifuehren-koennen\/#breadcrumb\"},\"inLanguage\":\"de\",\"potentialAction\":[{\"@type\":\"ReadAction\",\"target\":[\"https:\/\/urban-connect.com\/de\/news\/stillstand-im-stau-wie-firmen-eine-mobilitaetswende-herbeifuehren-koennen\/\"]}]},{\"@type\":\"ImageObject\",\"inLanguage\":\"de\",\"@id\":\"https:\/\/urban-connect.com\/de\/news\/stillstand-im-stau-wie-firmen-eine-mobilitaetswende-herbeifuehren-koennen\/#primaryimage\",\"url\":\"https:\/\/urban-connect.com\/wp-content\/uploads\/2023\/04\/Bildschirmfoto-2022-07-18-um-10.36-2.png\",\"contentUrl\":\"https:\/\/urban-connect.com\/wp-content\/uploads\/2023\/04\/Bildschirmfoto-2022-07-18-um-10.36-2.png\",\"width\":719,\"height\":540,\"caption\":\"Woman cycling\"},{\"@type\":\"BreadcrumbList\",\"@id\":\"https:\/\/urban-connect.com\/de\/news\/stillstand-im-stau-wie-firmen-eine-mobilitaetswende-herbeifuehren-koennen\/#breadcrumb\",\"itemListElement\":[{\"@type\":\"ListItem\",\"position\":1,\"name\":\"Home\",\"item\":\"https:\/\/urban-connect.com\/de\/\"},{\"@type\":\"ListItem\",\"position\":2,\"name\":\"Stillstand im Stau: wie Firmen eine Mobilit\u00e4tswende herbeif\u00fchren k\u00f6nnen\"}]},{\"@type\":\"WebSite\",\"@id\":\"https:\/\/urban-connect.com\/de\/#website\",\"url\":\"https:\/\/urban-connect.com\/de\/\",\"name\":\"Urban Connect\",\"description\":\"\",\"potentialAction\":[{\"@type\":\"SearchAction\",\"target\":{\"@type\":\"EntryPoint\",\"urlTemplate\":\"https:\/\/urban-connect.com\/de\/?s={search_term_string}\"},\"query-input\":\"required name=search_term_string\"}],\"inLanguage\":\"de\"}]}<\/script>\n<!-- \/ Yoast SEO plugin. -->","yoast_head_json":{"title":"Wie Firmen die Mobilit\u00e4tswende herbeif\u00fchren - Urban Connect","description":"In diesem Blogartikel erfahren Sie, welch zentrale Rolle die Firmenmobilit\u00e4t bei der Verkehrswende spielen kann.","robots":{"index":"index","follow":"follow","max-snippet":"max-snippet:-1","max-image-preview":"max-image-preview:large","max-video-preview":"max-video-preview:-1"},"canonical":"https:\/\/urban-connect.com\/de\/news\/stillstand-im-stau-wie-firmen-eine-mobilitaetswende-herbeifuehren-koennen\/","og_locale":"de_DE","og_type":"article","og_title":"Wie Firmen die Mobilit\u00e4tswende herbeif\u00fchren - Urban Connect","og_description":"In diesem Blogartikel erfahren Sie, welch zentrale Rolle die Firmenmobilit\u00e4t bei der Verkehrswende spielen kann.","og_url":"https:\/\/urban-connect.com\/de\/news\/stillstand-im-stau-wie-firmen-eine-mobilitaetswende-herbeifuehren-koennen\/","og_site_name":"Urban Connect","article_modified_time":"2025-01-27T11:28:44+00:00","og_image":[{"width":719,"height":540,"url":"https:\/\/urban-connect.com\/wp-content\/uploads\/2023\/04\/Bildschirmfoto-2022-07-18-um-10.36-2.png","type":"image\/png"}],"twitter_card":"summary_large_image","twitter_misc":{"Gesch\u00e4tzte Lesezeit":"3\u00a0Minuten"},"schema":{"@context":"https:\/\/schema.org","@graph":[{"@type":"WebPage","@id":"https:\/\/urban-connect.com\/de\/news\/stillstand-im-stau-wie-firmen-eine-mobilitaetswende-herbeifuehren-koennen\/","url":"https:\/\/urban-connect.com\/de\/news\/stillstand-im-stau-wie-firmen-eine-mobilitaetswende-herbeifuehren-koennen\/","name":"Wie Firmen die Mobilit\u00e4tswende herbeif\u00fchren - Urban Connect","isPartOf":{"@id":"https:\/\/urban-connect.com\/de\/#website"},"primaryImageOfPage":{"@id":"https:\/\/urban-connect.com\/de\/news\/stillstand-im-stau-wie-firmen-eine-mobilitaetswende-herbeifuehren-koennen\/#primaryimage"},"image":{"@id":"https:\/\/urban-connect.com\/de\/news\/stillstand-im-stau-wie-firmen-eine-mobilitaetswende-herbeifuehren-koennen\/#primaryimage"},"thumbnailUrl":"https:\/\/urban-connect.com\/wp-content\/uploads\/2023\/04\/Bildschirmfoto-2022-07-18-um-10.36-2.png","datePublished":"2023-08-18T14:55:30+00:00","dateModified":"2025-01-27T11:28:44+00:00","description":"In diesem Blogartikel erfahren Sie, welch zentrale Rolle die Firmenmobilit\u00e4t bei der Verkehrswende spielen kann.","breadcrumb":{"@id":"https:\/\/urban-connect.com\/de\/news\/stillstand-im-stau-wie-firmen-eine-mobilitaetswende-herbeifuehren-koennen\/#breadcrumb"},"inLanguage":"de","potentialAction":[{"@type":"ReadAction","target":["https:\/\/urban-connect.com\/de\/news\/stillstand-im-stau-wie-firmen-eine-mobilitaetswende-herbeifuehren-koennen\/"]}]},{"@type":"ImageObject","inLanguage":"de","@id":"https:\/\/urban-connect.com\/de\/news\/stillstand-im-stau-wie-firmen-eine-mobilitaetswende-herbeifuehren-koennen\/#primaryimage","url":"https:\/\/urban-connect.com\/wp-content\/uploads\/2023\/04\/Bildschirmfoto-2022-07-18-um-10.36-2.png","contentUrl":"https:\/\/urban-connect.com\/wp-content\/uploads\/2023\/04\/Bildschirmfoto-2022-07-18-um-10.36-2.png","width":719,"height":540,"caption":"Woman cycling"},{"@type":"BreadcrumbList","@id":"https:\/\/urban-connect.com\/de\/news\/stillstand-im-stau-wie-firmen-eine-mobilitaetswende-herbeifuehren-koennen\/#breadcrumb","itemListElement":[{"@type":"ListItem","position":1,"name":"Home","item":"https:\/\/urban-connect.com\/de\/"},{"@type":"ListItem","position":2,"name":"Stillstand im Stau: wie Firmen eine Mobilit\u00e4tswende herbeif\u00fchren k\u00f6nnen"}]},{"@type":"WebSite","@id":"https:\/\/urban-connect.com\/de\/#website","url":"https:\/\/urban-connect.com\/de\/","name":"Urban Connect","description":"","potentialAction":[{"@type":"SearchAction","target":{"@type":"EntryPoint","urlTemplate":"https:\/\/urban-connect.com\/de\/?s={search_term_string}"},"query-input":"required name=search_term_string"}],"inLanguage":"de"}]}},"_links":{"self":[{"href":"https:\/\/urban-connect.com\/de\/wp-json\/wp\/v2\/news\/2978","targetHints":{"allow":["GET"]}}],"collection":[{"href":"https:\/\/urban-connect.com\/de\/wp-json\/wp\/v2\/news"}],"about":[{"href":"https:\/\/urban-connect.com\/de\/wp-json\/wp\/v2\/types\/news"}],"wp:featuredmedia":[{"embeddable":true,"href":"https:\/\/urban-connect.com\/de\/wp-json\/wp\/v2\/media\/1342"}],"wp:attachment":[{"href":"https:\/\/urban-connect.com\/de\/wp-json\/wp\/v2\/media?parent=2978"}],"wp:term":[{"taxonomy":"news_category","embeddable":true,"href":"https:\/\/urban-connect.com\/de\/wp-json\/wp\/v2\/news_category?post=2978"}],"curies":[{"name":"wp","href":"https:\/\/api.w.org\/{rel}","templated":true}]}}