{"id":2568,"date":"2021-05-15T11:45:00","date_gmt":"2021-05-15T11:45:00","guid":{"rendered":"http:\/\/www.e139929.easyhosting.at\/news\/why-a-corporate-e-bike-fleet-is-good-for-your-employee-health-and-well-being-2\/"},"modified":"2025-01-27T10:58:22","modified_gmt":"2025-01-27T10:58:22","slug":"why-a-corporate-e-bike-fleet-is-good-for-your-employee-health-and-well-being-2","status":"publish","type":"news","link":"https:\/\/urban-connect.com\/de\/news\/why-a-corporate-e-bike-fleet-is-good-for-your-employee-health-and-well-being-2\/","title":{"rendered":"Warum eine E-Bike-Flotte f\u00fcr Ihr Unternehmen und f\u00fcr die Gesundheit und das Wohlbefinden Ihrer Mitarbeiter gut ist"},"content":{"rendered":"\n<p>Radfahren kann sich positiv auf die Gesundheit und das Wohlbefinden der Arbeitnehmenden auswirken . Die regelm\u00e4\u00dfige Nutzung von Fahrr\u00e4dern und E-Bikes kann folgende positive Auswirkungen auf die Gesundheit der Mitarbeitenden haben: 1) Verbesserung der k\u00f6rperlichen Gesundheit, 2) Verbesserung der kognitiven Funktionen und 3) Steigerung des allgemeinen Wohlbefindens der Mitarbeitenden.<\/p>\n\n\n\n<h2 class=\"wp-block-heading\">Radfahren verbessert die k\u00f6rperliche Gesundheit<\/h2>\n\n\n\n<p>Bewegung wie Radfahren ist erwiesenerma\u00dfen sehr gut f\u00fcr die Gesundheit und das Wohlbefinden <a href=\"https:\/\/bmcpublichealth.biomedcentral.com\/articles\/10.1186\/1471-2458-13-813\">[1<\/a><a href=\"https:\/\/pubmed.ncbi.nlm.nih.gov\/16534088\/\">,2<\/a><a href=\"https:\/\/www.ncbi.nlm.nih.gov\/pmc\/articles\/PMC3448908\/\">,3<\/a><a href=\"https:\/\/www.sciencedirect.com\/science\/article\/pii\/S2095254619300493\">,4]<\/a>. In der Tat hat eine Studie gezeigt, dass Bewegung das Risiko von schweren Krankheiten wie Herzkrankheiten, Diabetes, Fettleibigkeit, etc. reduziert. &#8211; und auch den Schweregrad solcher Erkrankungen begrenzt. <a href=\"https:\/\/pubmed.ncbi.nlm.nih.gov\/16534088\/\">[2]<\/a>.<\/p>\n\n\n\n<figure class=\"wp-block-image size-full\"><img loading=\"lazy\" decoding=\"async\" width=\"545\" height=\"420\" data-src=\"http:\/\/www.urban-connect.com\/wp-content\/uploads\/2023\/05\/15-3-21-2.png\" alt=\"\" class=\"wp-image-2296 lazyload\" data-srcset=\"https:\/\/urban-connect.com\/wp-content\/uploads\/2023\/05\/15-3-21-2.png 545w, https:\/\/urban-connect.com\/wp-content\/uploads\/2023\/05\/15-3-21-2-300x231.png 300w\" data-sizes=\"auto, (max-width: 545px) 100vw, 545px\" src=\"data:image\/gif;base64,R0lGODlhAQABAAAAACH5BAEKAAEALAAAAAABAAEAAAICTAEAOw==\" style=\"--smush-placeholder-width: 545px; --smush-placeholder-aspect-ratio: 545\/420;\" \/><noscript><img loading=\"lazy\" decoding=\"async\" width=\"545\" height=\"420\" src=\"http:\/\/www.urban-connect.com\/wp-content\/uploads\/2023\/05\/15-3-21-2.png\" alt=\"\" class=\"wp-image-2296\" srcset=\"https:\/\/urban-connect.com\/wp-content\/uploads\/2023\/05\/15-3-21-2.png 545w, https:\/\/urban-connect.com\/wp-content\/uploads\/2023\/05\/15-3-21-2-300x231.png 300w\" sizes=\"auto, (max-width: 545px) 100vw, 545px\" \/><\/noscript><\/figure>\n\n\n\n<p>Dar\u00fcber hinaus, und das ist im Zusammenhang mit der Nutzung von E-Bikes wichtig, hat die Forschung gezeigt, dass selbst kleine Erh\u00f6hungen des Bewegungsniveaus von normalerweise sitzenden Menschen &#8211; wie das Testen eines E-Bikes &#8211; mit gro\u00dfen Verbesserungen des Gesundheitszustands verbunden sind <a href=\"https:\/\/www.ncbi.nlm.nih.gov\/pmc\/articles\/PMC3448908\/\">[3]<\/a>. Dies ist eine gute Nachricht f\u00fcr Menschen, die noch untrainiert sind und nicht regelm\u00e4\u00dfig Sport treiben k\u00f6nnen; sie k\u00f6nnen schon durch eine kleine Steigerung der Bewegung einen gro\u00dfen gesundheitlichen Nutzen erzielen. Kurz gesagt: Das E-Bike bietet eine gute Einstiegsm\u00f6glichkeit, um aktiv zu werden.<\/p>\n\n\n\n<p>M\u00f6chtest Du mehr \u00fcber die Vorteile einer Corporate E-Bike-Flotte f\u00fcr Deine Mitarbeitenden erfahren? F\u00fclle einfach das Formular unten aus, und Du erh\u00e4ltst das komplette Whitepaper direkt in Dein E-Mail-Postfach!<\/p>\n\n\n\n<script charset=\"utf-8\" type=\"text\/javascript\" src=\"\/\/js.hsforms.net\/forms\/embed\/v2.js\"><\/script>\n<script>\n  hbspt.forms.create({\n    portalId: \"4873065\",\n    formId: \"e2a10670-1a2b-4eca-bcd5-62f2d35de1d1\"\n  });\n<\/script>\n\n\n        <section class=\"author-block\">\n            <div class=\"container\">\n                <div class=\"left-side\">\n                    <h6 class=\"name\">Finn James<\/h6>\n                    <span class=\"position\">Leiter der Abteilung Strategische Projekte<\/span>\n                <\/div>\n                <div class=\"right-side\">\n                                            <img decoding=\"async\" \n                        class=\"image\" src=\"\"\n                        srcset=\"\"\n                        sizes=\"\"\n                        alt=\"Chart Image\"\n                        >\n                                        <\/div>\n            <\/div>\n        <\/section>\n        \n\n    <section class=\"related-posts\">\n        <div class=\"container\">\n            <h4 class=\"block-title\">Verwandte Nachrichten<\/h4>\n        <\/div>\n        <div class=\"container posts-wrap\">\n            <div class=\"swiper swiper-related-posts\">\n                <div class=\"swiper-wrapper\">\n                                            <div class=\"swiper-slide\">\n                            <div class=\"card-horizontal\">\n    <div class=\"left-side\">\n                    <a href=\"https:\/\/urban-connect.com\/de\/news\/wheels-wine-2026-eine-wegweisende-ausgabe-die-die-zukunft-der-unternehmensmobilitaet-gestaltet\/\">\n                <img decoding=\"async\" \n                    class=\"image lazyload\" data-src=\"https:\/\/urban-connect.com\/wp-content\/uploads\/2026\/03\/F06A4076-768x512.jpg\"\n                    data-srcset=\"https:\/\/urban-connect.com\/wp-content\/uploads\/2026\/03\/F06A4076-768x512.jpg 768w, https:\/\/urban-connect.com\/wp-content\/uploads\/2026\/03\/F06A4076-300x200.jpg 300w, https:\/\/urban-connect.com\/wp-content\/uploads\/2026\/03\/F06A4076-1024x683.jpg 1024w, https:\/\/urban-connect.com\/wp-content\/uploads\/2026\/03\/F06A4076-1536x1024.jpg 1536w, https:\/\/urban-connect.com\/wp-content\/uploads\/2026\/03\/F06A4076-2048x1365.jpg 2048w, https:\/\/urban-connect.com\/wp-content\/uploads\/2026\/03\/F06A4076-1620x1080.jpg 1620w\"\n                    data-sizes=\"(max-width: 768px) 100vw, 768px\"\n                    alt=\"Wheels &amp; Wine 2026 \u2013 Eine wegweisende Ausgabe, die die Zukunft der Unternehmensmobilit\u00e4t gestaltet\"\n                 src=\"data:image\/gif;base64,R0lGODlhAQABAAAAACH5BAEKAAEALAAAAAABAAEAAAICTAEAOw==\" style=\"--smush-placeholder-width: 768px; --smush-placeholder-aspect-ratio: 768\/512;\"><noscript><img decoding=\"async\" \n                    class=\"image\" src=\"https:\/\/urban-connect.com\/wp-content\/uploads\/2026\/03\/F06A4076-768x512.jpg\"\n                    srcset=\"https:\/\/urban-connect.com\/wp-content\/uploads\/2026\/03\/F06A4076-768x512.jpg 768w, https:\/\/urban-connect.com\/wp-content\/uploads\/2026\/03\/F06A4076-300x200.jpg 300w, https:\/\/urban-connect.com\/wp-content\/uploads\/2026\/03\/F06A4076-1024x683.jpg 1024w, https:\/\/urban-connect.com\/wp-content\/uploads\/2026\/03\/F06A4076-1536x1024.jpg 1536w, https:\/\/urban-connect.com\/wp-content\/uploads\/2026\/03\/F06A4076-2048x1365.jpg 2048w, https:\/\/urban-connect.com\/wp-content\/uploads\/2026\/03\/F06A4076-1620x1080.jpg 1620w\"\n                    sizes=\"(max-width: 768px) 100vw, 768px\"\n                    alt=\"Wheels &amp; Wine 2026 \u2013 Eine wegweisende Ausgabe, die die Zukunft der Unternehmensmobilit\u00e4t gestaltet\"\n                ><\/noscript>\n            <\/a>\n                <\/div>\n    <div class=\"right-side\">\n                    <a href=\"https:\/\/urban-connect.com\/de\/news\/wheels-wine-2026-eine-wegweisende-ausgabe-die-die-zukunft-der-unternehmensmobilitaet-gestaltet\/\">\n                <h6 class=\"title\">Wheels &amp; Wine 2026 \u2013 Eine wegweisende Ausgabe, die die Zukunft der Unternehmensmobilit\u00e4t gestaltet<\/h6>\n            <\/a>\n                        <span class=\"date\">M\u00e4rz 24, 2026 <\/span>\n            \n\t        <\/div>\n<\/div>                        <\/div>\n                                                <div class=\"swiper-slide\">\n                            <div class=\"card-horizontal\">\n    <div class=\"left-side\">\n                    <a href=\"https:\/\/urban-connect.com\/de\/news\/was-passiert-wenn-das-laden-von-elektroautos-endlich-funktioniert-wie-urban-connect-und-zaptec-eine-bessere-ladeinfrastruktur-fuer-elektroautos-geschaffen-haben\/\">\n                <img decoding=\"async\" \n                    class=\"image lazyload\" data-src=\"https:\/\/urban-connect.com\/wp-content\/uploads\/2026\/03\/Zaptec-cover-3-1-768x453.png\"\n                    data-srcset=\"https:\/\/urban-connect.com\/wp-content\/uploads\/2026\/03\/Zaptec-cover-3-1-768x453.png 768w, https:\/\/urban-connect.com\/wp-content\/uploads\/2026\/03\/Zaptec-cover-3-1-300x177.png 300w, https:\/\/urban-connect.com\/wp-content\/uploads\/2026\/03\/Zaptec-cover-3-1-1024x604.png 1024w, https:\/\/urban-connect.com\/wp-content\/uploads\/2026\/03\/Zaptec-cover-3-1-1536x906.png 1536w, https:\/\/urban-connect.com\/wp-content\/uploads\/2026\/03\/Zaptec-cover-3-1-2048x1208.png 2048w, https:\/\/urban-connect.com\/wp-content\/uploads\/2026\/03\/Zaptec-cover-3-1-1831x1080.png 1831w\"\n                    data-sizes=\"(max-width: 768px) 100vw, 768px\"\n                    alt=\"Was passiert, wenn das Laden von Elektroautos endlich funktioniert?\"\n                 src=\"data:image\/gif;base64,R0lGODlhAQABAAAAACH5BAEKAAEALAAAAAABAAEAAAICTAEAOw==\" style=\"--smush-placeholder-width: 768px; --smush-placeholder-aspect-ratio: 768\/453;\"><noscript><img decoding=\"async\" \n                    class=\"image\" src=\"https:\/\/urban-connect.com\/wp-content\/uploads\/2026\/03\/Zaptec-cover-3-1-768x453.png\"\n                    srcset=\"https:\/\/urban-connect.com\/wp-content\/uploads\/2026\/03\/Zaptec-cover-3-1-768x453.png 768w, https:\/\/urban-connect.com\/wp-content\/uploads\/2026\/03\/Zaptec-cover-3-1-300x177.png 300w, https:\/\/urban-connect.com\/wp-content\/uploads\/2026\/03\/Zaptec-cover-3-1-1024x604.png 1024w, https:\/\/urban-connect.com\/wp-content\/uploads\/2026\/03\/Zaptec-cover-3-1-1536x906.png 1536w, https:\/\/urban-connect.com\/wp-content\/uploads\/2026\/03\/Zaptec-cover-3-1-2048x1208.png 2048w, https:\/\/urban-connect.com\/wp-content\/uploads\/2026\/03\/Zaptec-cover-3-1-1831x1080.png 1831w\"\n                    sizes=\"(max-width: 768px) 100vw, 768px\"\n                    alt=\"Was passiert, wenn das Laden von Elektroautos endlich funktioniert?\"\n                ><\/noscript>\n            <\/a>\n                <\/div>\n    <div class=\"right-side\">\n                    <a href=\"https:\/\/urban-connect.com\/de\/news\/was-passiert-wenn-das-laden-von-elektroautos-endlich-funktioniert-wie-urban-connect-und-zaptec-eine-bessere-ladeinfrastruktur-fuer-elektroautos-geschaffen-haben\/\">\n                <h6 class=\"title\">Was passiert, wenn das Laden von Elektroautos endlich funktioniert?<\/h6>\n            <\/a>\n                        <span class=\"date\">M\u00e4rz 17, 2026 <\/span>\n            \n\t        <\/div>\n<\/div>                        <\/div>\n                                                <div class=\"swiper-slide\">\n                            <div class=\"card-horizontal\">\n    <div class=\"left-side\">\n                    <a href=\"https:\/\/urban-connect.com\/de\/news\/fallstudie-im-blickpunkt-lonza-visps-partnerschaft-fuer-nachhaltige-mobilitaet-mit-urban-connect\/\">\n                <img decoding=\"async\" \n                    class=\"image lazyload\" data-src=\"https:\/\/urban-connect.com\/wp-content\/uploads\/2026\/02\/HELSANA-x-UC-banner-768x511.png\"\n                    data-srcset=\"https:\/\/urban-connect.com\/wp-content\/uploads\/2026\/02\/HELSANA-x-UC-banner-768x511.png 768w, https:\/\/urban-connect.com\/wp-content\/uploads\/2026\/02\/HELSANA-x-UC-banner-300x199.png 300w, https:\/\/urban-connect.com\/wp-content\/uploads\/2026\/02\/HELSANA-x-UC-banner-1024x681.png 1024w, https:\/\/urban-connect.com\/wp-content\/uploads\/2026\/02\/HELSANA-x-UC-banner-1536x1021.png 1536w, https:\/\/urban-connect.com\/wp-content\/uploads\/2026\/02\/HELSANA-x-UC-banner.png 1590w\"\n                    data-sizes=\"(max-width: 768px) 100vw, 768px\"\n                    alt=\"Fallstudie im Blickpunkt: Helsana erm\u00f6glicht \u00fcber 3'400 Mitarbeitenden ein Urban Connect Mobility Budget \u2013 dank SCIM ganz reibungslos.\"\n                 src=\"data:image\/gif;base64,R0lGODlhAQABAAAAACH5BAEKAAEALAAAAAABAAEAAAICTAEAOw==\" style=\"--smush-placeholder-width: 768px; --smush-placeholder-aspect-ratio: 768\/511;\"><noscript><img decoding=\"async\" \n                    class=\"image\" src=\"https:\/\/urban-connect.com\/wp-content\/uploads\/2026\/02\/HELSANA-x-UC-banner-768x511.png\"\n                    srcset=\"https:\/\/urban-connect.com\/wp-content\/uploads\/2026\/02\/HELSANA-x-UC-banner-768x511.png 768w, https:\/\/urban-connect.com\/wp-content\/uploads\/2026\/02\/HELSANA-x-UC-banner-300x199.png 300w, https:\/\/urban-connect.com\/wp-content\/uploads\/2026\/02\/HELSANA-x-UC-banner-1024x681.png 1024w, https:\/\/urban-connect.com\/wp-content\/uploads\/2026\/02\/HELSANA-x-UC-banner-1536x1021.png 1536w, https:\/\/urban-connect.com\/wp-content\/uploads\/2026\/02\/HELSANA-x-UC-banner.png 1590w\"\n                    sizes=\"(max-width: 768px) 100vw, 768px\"\n                    alt=\"Fallstudie im Blickpunkt: Helsana erm\u00f6glicht \u00fcber 3'400 Mitarbeitenden ein Urban Connect Mobility Budget \u2013 dank SCIM ganz reibungslos.\"\n                ><\/noscript>\n            <\/a>\n                <\/div>\n    <div class=\"right-side\">\n                    <a href=\"https:\/\/urban-connect.com\/de\/news\/fallstudie-im-blickpunkt-lonza-visps-partnerschaft-fuer-nachhaltige-mobilitaet-mit-urban-connect\/\">\n                <h6 class=\"title\">Fallstudie im Blickpunkt: Helsana erm\u00f6glicht \u00fcber 3&#8217;400 Mitarbeitenden ein Urban Connect Mobility Budget \u2013 dank SCIM ganz reibungslos.<\/h6>\n            <\/a>\n                        <span class=\"date\">Februar 05, 2026 <\/span>\n            \n\t        <\/div>\n<\/div>                        <\/div>\n                                        <\/div>\n                <div class=\"btn-slider \">\n    <div class=\"prev\">\n        <svg width=\"22\" height=\"12\" viewBox=\"0 0 22 12\" fill=\"none\" xmlns=\"http:\/\/www.w3.org\/2000\/svg\">\n            <path d=\"M5.094 4.476L7.74 1.83L6.03 0.102L0.432 5.7L6.03 11.298L7.74 9.57L5.076 6.906H21.42V4.476H5.094Z\" fill=\"white\"\/>\n        <\/svg>\n    <\/div>\n    <div class=\"next\">\n        <svg width=\"22\" height=\"12\" viewBox=\"0 0 22 12\" fill=\"none\" xmlns=\"http:\/\/www.w3.org\/2000\/svg\">\n            <path d=\"M14.292 1.83L16.938 4.476H0.612V6.906H16.956L14.292 9.57L16.002 11.298L21.6 5.7L16.002 0.102L14.292 1.83Z\" fill=\"white\"\/>\n        <\/svg>\n    <\/div>\n<\/div>            <\/div>\n        <\/div>\n    <\/section>\n    ","protected":false},"excerpt":{"rendered":"<p>Radfahren kann sich positiv auf die Gesundheit und das Wohlbefinden der Arbeitnehmenden auswirken . Die regelm\u00e4\u00dfige Nutzung von Fahrr\u00e4dern und E-Bikes kann folgende positive Auswirkungen auf die Gesundheit der Mitarbeitenden haben: 1) Verbesserung der k\u00f6rperlichen Gesundheit, 2) Verbesserung der kognitiven Funktionen und 3) Steigerung des allgemeinen Wohlbefindens der Mitarbeitenden. Radfahren verbessert die k\u00f6rperliche Gesundheit Bewegung [&hellip;]<\/p>\n","protected":false},"featured_media":2366,"parent":0,"template":"","news_category":[37],"class_list":["post-2568","news","type-news","status-publish","has-post-thumbnail","hentry","news_category-whitepapers-de"],"acf":[],"yoast_head":"<!-- This site is optimized with the Yoast SEO plugin v23.2 - https:\/\/yoast.com\/wordpress\/plugins\/seo\/ -->\n<title>Wie eine E-Bike-Flotte Ihr Unternehmen boosted - Urban Connect<\/title>\n<meta name=\"description\" content=\"E-Bike-Flotten f\u00f6rdern die Gesundheit Ihrer Mitarbeiter, erh\u00f6hen ihr Wohlbefinden und steigern die kognitive Leistungsf\u00e4higkeit.\" \/>\n<meta name=\"robots\" content=\"index, follow, max-snippet:-1, max-image-preview:large, max-video-preview:-1\" \/>\n<link rel=\"canonical\" href=\"https:\/\/urban-connect.com\/de\/news\/why-a-corporate-e-bike-fleet-is-good-for-your-employee-health-and-well-being-2\/\" \/>\n<meta property=\"og:locale\" content=\"de_DE\" \/>\n<meta property=\"og:type\" content=\"article\" \/>\n<meta property=\"og:title\" content=\"Wie eine E-Bike-Flotte Ihr Unternehmen boosted - Urban Connect\" \/>\n<meta property=\"og:description\" content=\"E-Bike-Flotten f\u00f6rdern die Gesundheit Ihrer Mitarbeiter, erh\u00f6hen ihr Wohlbefinden und steigern die kognitive Leistungsf\u00e4higkeit.\" \/>\n<meta property=\"og:url\" content=\"https:\/\/urban-connect.com\/de\/news\/why-a-corporate-e-bike-fleet-is-good-for-your-employee-health-and-well-being-2\/\" \/>\n<meta property=\"og:site_name\" content=\"Urban Connect\" \/>\n<meta property=\"article:modified_time\" content=\"2025-01-27T10:58:22+00:00\" \/>\n<meta property=\"og:image\" content=\"https:\/\/urban-connect.com\/wp-content\/uploads\/2021\/05\/UC-NEWS-03152021.jpeg\" \/>\n\t<meta property=\"og:image:width\" content=\"882\" \/>\n\t<meta property=\"og:image:height\" content=\"582\" \/>\n\t<meta property=\"og:image:type\" content=\"image\/jpeg\" \/>\n<meta name=\"twitter:card\" content=\"summary_large_image\" \/>\n<meta name=\"twitter:label1\" content=\"Gesch\u00e4tzte Lesezeit\" \/>\n\t<meta name=\"twitter:data1\" content=\"2\u00a0Minuten\" \/>\n<script type=\"application\/ld+json\" class=\"yoast-schema-graph\">{\"@context\":\"https:\/\/schema.org\",\"@graph\":[{\"@type\":\"WebPage\",\"@id\":\"https:\/\/urban-connect.com\/de\/news\/why-a-corporate-e-bike-fleet-is-good-for-your-employee-health-and-well-being-2\/\",\"url\":\"https:\/\/urban-connect.com\/de\/news\/why-a-corporate-e-bike-fleet-is-good-for-your-employee-health-and-well-being-2\/\",\"name\":\"Wie eine E-Bike-Flotte Ihr Unternehmen boosted - Urban Connect\",\"isPartOf\":{\"@id\":\"https:\/\/urban-connect.com\/de\/#website\"},\"primaryImageOfPage\":{\"@id\":\"https:\/\/urban-connect.com\/de\/news\/why-a-corporate-e-bike-fleet-is-good-for-your-employee-health-and-well-being-2\/#primaryimage\"},\"image\":{\"@id\":\"https:\/\/urban-connect.com\/de\/news\/why-a-corporate-e-bike-fleet-is-good-for-your-employee-health-and-well-being-2\/#primaryimage\"},\"thumbnailUrl\":\"https:\/\/urban-connect.com\/wp-content\/uploads\/2021\/05\/UC-NEWS-03152021.jpeg\",\"datePublished\":\"2021-05-15T11:45:00+00:00\",\"dateModified\":\"2025-01-27T10:58:22+00:00\",\"description\":\"E-Bike-Flotten f\u00f6rdern die Gesundheit Ihrer Mitarbeiter, erh\u00f6hen ihr Wohlbefinden und steigern die kognitive Leistungsf\u00e4higkeit.\",\"breadcrumb\":{\"@id\":\"https:\/\/urban-connect.com\/de\/news\/why-a-corporate-e-bike-fleet-is-good-for-your-employee-health-and-well-being-2\/#breadcrumb\"},\"inLanguage\":\"de\",\"potentialAction\":[{\"@type\":\"ReadAction\",\"target\":[\"https:\/\/urban-connect.com\/de\/news\/why-a-corporate-e-bike-fleet-is-good-for-your-employee-health-and-well-being-2\/\"]}]},{\"@type\":\"ImageObject\",\"inLanguage\":\"de\",\"@id\":\"https:\/\/urban-connect.com\/de\/news\/why-a-corporate-e-bike-fleet-is-good-for-your-employee-health-and-well-being-2\/#primaryimage\",\"url\":\"https:\/\/urban-connect.com\/wp-content\/uploads\/2021\/05\/UC-NEWS-03152021.jpeg\",\"contentUrl\":\"https:\/\/urban-connect.com\/wp-content\/uploads\/2021\/05\/UC-NEWS-03152021.jpeg\",\"width\":882,\"height\":582,\"caption\":\"goal sticker\"},{\"@type\":\"BreadcrumbList\",\"@id\":\"https:\/\/urban-connect.com\/de\/news\/why-a-corporate-e-bike-fleet-is-good-for-your-employee-health-and-well-being-2\/#breadcrumb\",\"itemListElement\":[{\"@type\":\"ListItem\",\"position\":1,\"name\":\"Home\",\"item\":\"https:\/\/urban-connect.com\/de\/\"},{\"@type\":\"ListItem\",\"position\":2,\"name\":\"Warum eine E-Bike-Flotte f\u00fcr Ihr Unternehmen und f\u00fcr die Gesundheit und das Wohlbefinden Ihrer Mitarbeiter gut ist\"}]},{\"@type\":\"WebSite\",\"@id\":\"https:\/\/urban-connect.com\/de\/#website\",\"url\":\"https:\/\/urban-connect.com\/de\/\",\"name\":\"Urban Connect\",\"description\":\"\",\"potentialAction\":[{\"@type\":\"SearchAction\",\"target\":{\"@type\":\"EntryPoint\",\"urlTemplate\":\"https:\/\/urban-connect.com\/de\/?s={search_term_string}\"},\"query-input\":\"required name=search_term_string\"}],\"inLanguage\":\"de\"}]}<\/script>\n<!-- \/ Yoast SEO plugin. -->","yoast_head_json":{"title":"Wie eine E-Bike-Flotte Ihr Unternehmen boosted - Urban Connect","description":"E-Bike-Flotten f\u00f6rdern die Gesundheit Ihrer Mitarbeiter, erh\u00f6hen ihr Wohlbefinden und steigern die kognitive Leistungsf\u00e4higkeit.","robots":{"index":"index","follow":"follow","max-snippet":"max-snippet:-1","max-image-preview":"max-image-preview:large","max-video-preview":"max-video-preview:-1"},"canonical":"https:\/\/urban-connect.com\/de\/news\/why-a-corporate-e-bike-fleet-is-good-for-your-employee-health-and-well-being-2\/","og_locale":"de_DE","og_type":"article","og_title":"Wie eine E-Bike-Flotte Ihr Unternehmen boosted - Urban Connect","og_description":"E-Bike-Flotten f\u00f6rdern die Gesundheit Ihrer Mitarbeiter, erh\u00f6hen ihr Wohlbefinden und steigern die kognitive Leistungsf\u00e4higkeit.","og_url":"https:\/\/urban-connect.com\/de\/news\/why-a-corporate-e-bike-fleet-is-good-for-your-employee-health-and-well-being-2\/","og_site_name":"Urban Connect","article_modified_time":"2025-01-27T10:58:22+00:00","og_image":[{"width":882,"height":582,"url":"https:\/\/urban-connect.com\/wp-content\/uploads\/2021\/05\/UC-NEWS-03152021.jpeg","type":"image\/jpeg"}],"twitter_card":"summary_large_image","twitter_misc":{"Gesch\u00e4tzte Lesezeit":"2\u00a0Minuten"},"schema":{"@context":"https:\/\/schema.org","@graph":[{"@type":"WebPage","@id":"https:\/\/urban-connect.com\/de\/news\/why-a-corporate-e-bike-fleet-is-good-for-your-employee-health-and-well-being-2\/","url":"https:\/\/urban-connect.com\/de\/news\/why-a-corporate-e-bike-fleet-is-good-for-your-employee-health-and-well-being-2\/","name":"Wie eine E-Bike-Flotte Ihr Unternehmen boosted - Urban Connect","isPartOf":{"@id":"https:\/\/urban-connect.com\/de\/#website"},"primaryImageOfPage":{"@id":"https:\/\/urban-connect.com\/de\/news\/why-a-corporate-e-bike-fleet-is-good-for-your-employee-health-and-well-being-2\/#primaryimage"},"image":{"@id":"https:\/\/urban-connect.com\/de\/news\/why-a-corporate-e-bike-fleet-is-good-for-your-employee-health-and-well-being-2\/#primaryimage"},"thumbnailUrl":"https:\/\/urban-connect.com\/wp-content\/uploads\/2021\/05\/UC-NEWS-03152021.jpeg","datePublished":"2021-05-15T11:45:00+00:00","dateModified":"2025-01-27T10:58:22+00:00","description":"E-Bike-Flotten f\u00f6rdern die Gesundheit Ihrer Mitarbeiter, erh\u00f6hen ihr Wohlbefinden und steigern die kognitive Leistungsf\u00e4higkeit.","breadcrumb":{"@id":"https:\/\/urban-connect.com\/de\/news\/why-a-corporate-e-bike-fleet-is-good-for-your-employee-health-and-well-being-2\/#breadcrumb"},"inLanguage":"de","potentialAction":[{"@type":"ReadAction","target":["https:\/\/urban-connect.com\/de\/news\/why-a-corporate-e-bike-fleet-is-good-for-your-employee-health-and-well-being-2\/"]}]},{"@type":"ImageObject","inLanguage":"de","@id":"https:\/\/urban-connect.com\/de\/news\/why-a-corporate-e-bike-fleet-is-good-for-your-employee-health-and-well-being-2\/#primaryimage","url":"https:\/\/urban-connect.com\/wp-content\/uploads\/2021\/05\/UC-NEWS-03152021.jpeg","contentUrl":"https:\/\/urban-connect.com\/wp-content\/uploads\/2021\/05\/UC-NEWS-03152021.jpeg","width":882,"height":582,"caption":"goal sticker"},{"@type":"BreadcrumbList","@id":"https:\/\/urban-connect.com\/de\/news\/why-a-corporate-e-bike-fleet-is-good-for-your-employee-health-and-well-being-2\/#breadcrumb","itemListElement":[{"@type":"ListItem","position":1,"name":"Home","item":"https:\/\/urban-connect.com\/de\/"},{"@type":"ListItem","position":2,"name":"Warum eine E-Bike-Flotte f\u00fcr Ihr Unternehmen und f\u00fcr die Gesundheit und das Wohlbefinden Ihrer Mitarbeiter gut ist"}]},{"@type":"WebSite","@id":"https:\/\/urban-connect.com\/de\/#website","url":"https:\/\/urban-connect.com\/de\/","name":"Urban Connect","description":"","potentialAction":[{"@type":"SearchAction","target":{"@type":"EntryPoint","urlTemplate":"https:\/\/urban-connect.com\/de\/?s={search_term_string}"},"query-input":"required name=search_term_string"}],"inLanguage":"de"}]}},"_links":{"self":[{"href":"https:\/\/urban-connect.com\/de\/wp-json\/wp\/v2\/news\/2568","targetHints":{"allow":["GET"]}}],"collection":[{"href":"https:\/\/urban-connect.com\/de\/wp-json\/wp\/v2\/news"}],"about":[{"href":"https:\/\/urban-connect.com\/de\/wp-json\/wp\/v2\/types\/news"}],"wp:featuredmedia":[{"embeddable":true,"href":"https:\/\/urban-connect.com\/de\/wp-json\/wp\/v2\/media\/2366"}],"wp:attachment":[{"href":"https:\/\/urban-connect.com\/de\/wp-json\/wp\/v2\/media?parent=2568"}],"wp:term":[{"taxonomy":"news_category","embeddable":true,"href":"https:\/\/urban-connect.com\/de\/wp-json\/wp\/v2\/news_category?post=2568"}],"curies":[{"name":"wp","href":"https:\/\/api.w.org\/{rel}","templated":true}]}}