{"id":2564,"date":"2021-09-02T11:48:00","date_gmt":"2021-09-02T11:48:00","guid":{"rendered":"http:\/\/www.e139929.easyhosting.at\/news\/die-gruene-flotte-urban-connect-bietet-klimaneutrale-sharing-fahrzeuge\/"},"modified":"2024-07-25T11:42:04","modified_gmt":"2024-07-25T11:42:04","slug":"the-green-fleet-urban-connect-provides-climate-neutral-sharing-vehicles-2","status":"publish","type":"news","link":"https:\/\/urban-connect.com\/de\/news\/the-green-fleet-urban-connect-provides-climate-neutral-sharing-vehicles-2\/","title":{"rendered":"Die gr\u00fcne Flotte: Urban Connect bietet klimaneutrale Sharing-Fahrzeuge"},"content":{"rendered":"\n<p>Urban Connect bietet Mobility-as-a-Service. Dank der Plattform k\u00f6nnen Unternehmen ihren Mitarbeitern den Zugang zu umweltfreundlichen Fahrzeugen im Rahmen eines Sharing-Konzepts erm\u00f6glichen.<\/p>\n\n\n\n<h2 class=\"wp-block-heading\">Die Gesch\u00e4ftsidee?<\/h2>\n\n\n\n<p>Eine multimodale Mobilit\u00e4tsplattform f\u00fcr Unternehmen. Kunden erhalten Zugang zu einem \u00d6kosystem emissionsarmer, gemeinsam genutzter Fahrzeuge, die von E-Bikes \u00fcber E-Scooter bis hin zu E-Autos reichen &#8211; und alle \u00fcber eine App buchbar sind.<\/p>\n\n\n\n<h2 class=\"wp-block-heading\">Wie ist es dazu gekommen?<\/h2>\n\n\n\n<p>Die Idee entstand, weil wir die zunehmende Verkehrs\u00fcberlastung in unseren St\u00e4dten und die damit verbundene Luftverschmutzung bek\u00e4mpfen wollten. Wir sahen in &#8222;Mobility-as-a-Service&#8220; kombiniert mit Unternehmen als Drehscheibe &#8211; den Schl\u00fcssel zu einer nachhaltigeren Mobilit\u00e4tslandschaft.<\/p>\n\n\n\n<h2 class=\"wp-block-heading\">Warum der Name?<\/h2>\n\n\n\n<p>Mobilit\u00e4t verbindet. Gemeinsame Mobilit\u00e4t noch mehr. Wir sehen eine Welt, in der Unternehmen und andere Gemeinschaften (z. B. \u00dcberbauungen) zu Gravitationszentren f\u00fcr die gemeinsame Mobilit\u00e4t von Mitarbeitenden werden.<\/p>\n\n\n\n<h2 class=\"wp-block-heading\">Woher kommt das Startkapital?<\/h2>\n\n\n\n<p>Von den Gr\u00fcndern. Das Unternehmen schloss letztes Jahr eine Seed-Runde \u00fcber 2,5 Millionen Franken ab, die vom Schweizer Technologiefonds finanziert wurde.<\/p>\n\n\n\n<h2 class=\"wp-block-heading\">Die Vision?<\/h2>\n\n\n\n<p>Jedes grosse Unternehmen sollte seinen Mitarbeitenden die Urban Connect App als klimaneutrale Mobilit\u00e4tsplattform anbieten. So k\u00f6nnen wir unsere Kunden auf dem Weg zu &#8222;Net Zero&#8220; begleiten &#8211; vor allem wenn man bedenkt, dass \u00fcber ein Drittel der Schweizer Emissionen aus der Mobilit\u00e4t stammen.<\/p>\n\n\n\n<h2 class=\"wp-block-heading\">Womit erzielen Sie Einnahmen?<\/h2>\n\n\n\n<p>Mobility-as-a-Service und Software-as-a-Service, Geb\u00fchren von Firmenkunden, Kommunen und \u00dcberbauungen.<\/p>\n\n\n\n<h2 class=\"wp-block-heading\">Die gro\u00dfe St\u00e4rke?<\/h2>\n\n\n\n<p>Die F\u00e4higkeit, Unternehmen dabei zu helfen, ihre mobilit\u00e4tsbedingten Emissionen auf Null zu reduzieren, was ihnen Geld, Emissionen und Platz spart.<\/p>\n\n\n\n<h2 class=\"wp-block-heading\">Was ist das \u00dcberraschendste bisher?<\/h2>\n\n\n\n<p>Gro\u00dfe Unternehmen werden heute von Investoren &#8222;gezwungen&#8220;, einen Weg zu Netto-Null-Emissionen einzuschlagen. Doch nur sehr wenige setzen dabei auf die Mobilit\u00e4t der Mitarbeitenden. Das ist erstaunlich, denn Mobilit\u00e4t w\u00e4re f\u00fcr Unternehmen ein leichtes Ziel, um Emissionen zu reduzieren.<\/p>\n\n\n\n<h2 class=\"wp-block-heading\">Die gr\u00f6\u00dfte Herausforderung?<\/h2>\n\n\n\n<p>Die Suche nach Top-Mitarbeitenden, die die Vision teilen und das n\u00f6tige R\u00fcstzeug, einschlie\u00dflich der Einstellung, mitbringen, um weitere Innovationen voranzutreiben und das Gesch\u00e4ftsmodell zu skalieren.<\/p>\n\n\n\n<h2 class=\"wp-block-heading\">Der gr\u00f6\u00dfte Erfolg bisher?<\/h2>\n\n\n\n<p>Wir haben das Corona-Jahr gut \u00fcberstanden. Wir haben tats\u00e4chlich 20 neue Kunden gewonnen und das Jahr f\u00fcr Innovationen genutzt, und E-Autos, sowie E-Scooter in die Plattform integriert.<\/p>\n\n\n\n<h2 class=\"wp-block-heading\">Der n\u00e4chste Schritt?<\/h2>\n\n\n\n<p>Finanzierungsrunde der Serie A im zweiten Quartal 2022 und Auslandsexpansion.<\/p>\n\n\n\n<p><\/p>\n\n\n\n<p><strong>Quelle:<\/strong> BILLANZ. <a href=\"https:\/\/www.handelszeitung.ch\/bilanz\/die-flottenvergruner-urban-connect-vermittelt-okologische-sharing-fahrzeuge-347011\">Lesen Sie den vollst\u00e4ndigen Originalartikel hier.<\/a><\/p>\n\n\n\n<p>Change Mobility &#8211; Change the World<\/p>\n\n\n        <section class=\"author-block\">\n            <div class=\"container\">\n                <div class=\"left-side\">\n                    <h6 class=\"name\">Marc Kowalsky<\/h6>\n                    <span class=\"position\">Stellvertretender Chefredakteur, BILANZ<\/span>\n                <\/div>\n                <div class=\"right-side\">\n                                            <img decoding=\"async\" \n                        class=\"image\" src=\"\"\n                        srcset=\"\"\n                        sizes=\"\"\n                        alt=\"Chart Image\"\n                        >\n                                        <\/div>\n            <\/div>\n        <\/section>\n        \n\n    <section class=\"related-posts\">\n        <div class=\"container\">\n            <h4 class=\"block-title\"><\/h4>\n        <\/div>\n        <div class=\"container posts-wrap\">\n            <div class=\"swiper swiper-related-posts\">\n                <div class=\"swiper-wrapper\">\n                                            <div class=\"swiper-slide\">\n                            <div class=\"card-horizontal\">\n    <div class=\"left-side\">\n                    <a href=\"https:\/\/urban-connect.com\/de\/news\/wheels-wine-2026-eine-wegweisende-ausgabe-die-die-zukunft-der-unternehmensmobilitaet-gestaltet\/\">\n                <img decoding=\"async\" \n                    class=\"image lazyload\" data-src=\"https:\/\/urban-connect.com\/wp-content\/uploads\/2026\/03\/F06A4076-768x512.jpg\"\n                    data-srcset=\"https:\/\/urban-connect.com\/wp-content\/uploads\/2026\/03\/F06A4076-768x512.jpg 768w, https:\/\/urban-connect.com\/wp-content\/uploads\/2026\/03\/F06A4076-300x200.jpg 300w, https:\/\/urban-connect.com\/wp-content\/uploads\/2026\/03\/F06A4076-1024x683.jpg 1024w, https:\/\/urban-connect.com\/wp-content\/uploads\/2026\/03\/F06A4076-1536x1024.jpg 1536w, https:\/\/urban-connect.com\/wp-content\/uploads\/2026\/03\/F06A4076-2048x1365.jpg 2048w, https:\/\/urban-connect.com\/wp-content\/uploads\/2026\/03\/F06A4076-1620x1080.jpg 1620w\"\n                    data-sizes=\"(max-width: 768px) 100vw, 768px\"\n                    alt=\"Wheels &amp; Wine 2026 \u2013 Eine wegweisende Ausgabe, die die Zukunft der Unternehmensmobilit\u00e4t gestaltet\"\n                 src=\"data:image\/gif;base64,R0lGODlhAQABAAAAACH5BAEKAAEALAAAAAABAAEAAAICTAEAOw==\" style=\"--smush-placeholder-width: 768px; --smush-placeholder-aspect-ratio: 768\/512;\"><noscript><img decoding=\"async\" \n                    class=\"image\" src=\"https:\/\/urban-connect.com\/wp-content\/uploads\/2026\/03\/F06A4076-768x512.jpg\"\n                    srcset=\"https:\/\/urban-connect.com\/wp-content\/uploads\/2026\/03\/F06A4076-768x512.jpg 768w, https:\/\/urban-connect.com\/wp-content\/uploads\/2026\/03\/F06A4076-300x200.jpg 300w, https:\/\/urban-connect.com\/wp-content\/uploads\/2026\/03\/F06A4076-1024x683.jpg 1024w, https:\/\/urban-connect.com\/wp-content\/uploads\/2026\/03\/F06A4076-1536x1024.jpg 1536w, https:\/\/urban-connect.com\/wp-content\/uploads\/2026\/03\/F06A4076-2048x1365.jpg 2048w, https:\/\/urban-connect.com\/wp-content\/uploads\/2026\/03\/F06A4076-1620x1080.jpg 1620w\"\n                    sizes=\"(max-width: 768px) 100vw, 768px\"\n                    alt=\"Wheels &amp; Wine 2026 \u2013 Eine wegweisende Ausgabe, die die Zukunft der Unternehmensmobilit\u00e4t gestaltet\"\n                ><\/noscript>\n            <\/a>\n                <\/div>\n    <div class=\"right-side\">\n                    <a href=\"https:\/\/urban-connect.com\/de\/news\/wheels-wine-2026-eine-wegweisende-ausgabe-die-die-zukunft-der-unternehmensmobilitaet-gestaltet\/\">\n                <h6 class=\"title\">Wheels &amp; Wine 2026 \u2013 Eine wegweisende Ausgabe, die die Zukunft der Unternehmensmobilit\u00e4t gestaltet<\/h6>\n            <\/a>\n                        <span class=\"date\">M\u00e4rz 24, 2026 <\/span>\n            \n\t        <\/div>\n<\/div>                        <\/div>\n                                                <div class=\"swiper-slide\">\n                            <div class=\"card-horizontal\">\n    <div class=\"left-side\">\n                    <a href=\"https:\/\/urban-connect.com\/de\/news\/was-passiert-wenn-das-laden-von-elektroautos-endlich-funktioniert-wie-urban-connect-und-zaptec-eine-bessere-ladeinfrastruktur-fuer-elektroautos-geschaffen-haben\/\">\n                <img decoding=\"async\" \n                    class=\"image lazyload\" data-src=\"https:\/\/urban-connect.com\/wp-content\/uploads\/2026\/03\/Zaptec-cover-3-1-768x453.png\"\n                    data-srcset=\"https:\/\/urban-connect.com\/wp-content\/uploads\/2026\/03\/Zaptec-cover-3-1-768x453.png 768w, https:\/\/urban-connect.com\/wp-content\/uploads\/2026\/03\/Zaptec-cover-3-1-300x177.png 300w, https:\/\/urban-connect.com\/wp-content\/uploads\/2026\/03\/Zaptec-cover-3-1-1024x604.png 1024w, https:\/\/urban-connect.com\/wp-content\/uploads\/2026\/03\/Zaptec-cover-3-1-1536x906.png 1536w, https:\/\/urban-connect.com\/wp-content\/uploads\/2026\/03\/Zaptec-cover-3-1-2048x1208.png 2048w, https:\/\/urban-connect.com\/wp-content\/uploads\/2026\/03\/Zaptec-cover-3-1-1831x1080.png 1831w\"\n                    data-sizes=\"(max-width: 768px) 100vw, 768px\"\n                    alt=\"Was passiert, wenn das Laden von Elektroautos endlich funktioniert?\"\n                 src=\"data:image\/gif;base64,R0lGODlhAQABAAAAACH5BAEKAAEALAAAAAABAAEAAAICTAEAOw==\" style=\"--smush-placeholder-width: 768px; --smush-placeholder-aspect-ratio: 768\/453;\"><noscript><img decoding=\"async\" \n                    class=\"image\" src=\"https:\/\/urban-connect.com\/wp-content\/uploads\/2026\/03\/Zaptec-cover-3-1-768x453.png\"\n                    srcset=\"https:\/\/urban-connect.com\/wp-content\/uploads\/2026\/03\/Zaptec-cover-3-1-768x453.png 768w, https:\/\/urban-connect.com\/wp-content\/uploads\/2026\/03\/Zaptec-cover-3-1-300x177.png 300w, https:\/\/urban-connect.com\/wp-content\/uploads\/2026\/03\/Zaptec-cover-3-1-1024x604.png 1024w, https:\/\/urban-connect.com\/wp-content\/uploads\/2026\/03\/Zaptec-cover-3-1-1536x906.png 1536w, https:\/\/urban-connect.com\/wp-content\/uploads\/2026\/03\/Zaptec-cover-3-1-2048x1208.png 2048w, https:\/\/urban-connect.com\/wp-content\/uploads\/2026\/03\/Zaptec-cover-3-1-1831x1080.png 1831w\"\n                    sizes=\"(max-width: 768px) 100vw, 768px\"\n                    alt=\"Was passiert, wenn das Laden von Elektroautos endlich funktioniert?\"\n                ><\/noscript>\n            <\/a>\n                <\/div>\n    <div class=\"right-side\">\n                    <a href=\"https:\/\/urban-connect.com\/de\/news\/was-passiert-wenn-das-laden-von-elektroautos-endlich-funktioniert-wie-urban-connect-und-zaptec-eine-bessere-ladeinfrastruktur-fuer-elektroautos-geschaffen-haben\/\">\n                <h6 class=\"title\">Was passiert, wenn das Laden von Elektroautos endlich funktioniert?<\/h6>\n            <\/a>\n                        <span class=\"date\">M\u00e4rz 17, 2026 <\/span>\n            \n\t        <\/div>\n<\/div>                        <\/div>\n                                                <div class=\"swiper-slide\">\n                            <div class=\"card-horizontal\">\n    <div class=\"left-side\">\n                    <a href=\"https:\/\/urban-connect.com\/de\/news\/fallstudie-im-blickpunkt-lonza-visps-partnerschaft-fuer-nachhaltige-mobilitaet-mit-urban-connect\/\">\n                <img decoding=\"async\" \n                    class=\"image lazyload\" data-src=\"https:\/\/urban-connect.com\/wp-content\/uploads\/2026\/02\/HELSANA-x-UC-banner-768x511.png\"\n                    data-srcset=\"https:\/\/urban-connect.com\/wp-content\/uploads\/2026\/02\/HELSANA-x-UC-banner-768x511.png 768w, https:\/\/urban-connect.com\/wp-content\/uploads\/2026\/02\/HELSANA-x-UC-banner-300x199.png 300w, https:\/\/urban-connect.com\/wp-content\/uploads\/2026\/02\/HELSANA-x-UC-banner-1024x681.png 1024w, https:\/\/urban-connect.com\/wp-content\/uploads\/2026\/02\/HELSANA-x-UC-banner-1536x1021.png 1536w, https:\/\/urban-connect.com\/wp-content\/uploads\/2026\/02\/HELSANA-x-UC-banner.png 1590w\"\n                    data-sizes=\"(max-width: 768px) 100vw, 768px\"\n                    alt=\"Fallstudie im Blickpunkt: Helsana erm\u00f6glicht \u00fcber 3'400 Mitarbeitenden ein Urban Connect Mobility Budget \u2013 dank SCIM ganz reibungslos.\"\n                 src=\"data:image\/gif;base64,R0lGODlhAQABAAAAACH5BAEKAAEALAAAAAABAAEAAAICTAEAOw==\" style=\"--smush-placeholder-width: 768px; --smush-placeholder-aspect-ratio: 768\/511;\"><noscript><img decoding=\"async\" \n                    class=\"image\" src=\"https:\/\/urban-connect.com\/wp-content\/uploads\/2026\/02\/HELSANA-x-UC-banner-768x511.png\"\n                    srcset=\"https:\/\/urban-connect.com\/wp-content\/uploads\/2026\/02\/HELSANA-x-UC-banner-768x511.png 768w, https:\/\/urban-connect.com\/wp-content\/uploads\/2026\/02\/HELSANA-x-UC-banner-300x199.png 300w, https:\/\/urban-connect.com\/wp-content\/uploads\/2026\/02\/HELSANA-x-UC-banner-1024x681.png 1024w, https:\/\/urban-connect.com\/wp-content\/uploads\/2026\/02\/HELSANA-x-UC-banner-1536x1021.png 1536w, https:\/\/urban-connect.com\/wp-content\/uploads\/2026\/02\/HELSANA-x-UC-banner.png 1590w\"\n                    sizes=\"(max-width: 768px) 100vw, 768px\"\n                    alt=\"Fallstudie im Blickpunkt: Helsana erm\u00f6glicht \u00fcber 3'400 Mitarbeitenden ein Urban Connect Mobility Budget \u2013 dank SCIM ganz reibungslos.\"\n                ><\/noscript>\n            <\/a>\n                <\/div>\n    <div class=\"right-side\">\n                    <a href=\"https:\/\/urban-connect.com\/de\/news\/fallstudie-im-blickpunkt-lonza-visps-partnerschaft-fuer-nachhaltige-mobilitaet-mit-urban-connect\/\">\n                <h6 class=\"title\">Fallstudie im Blickpunkt: Helsana erm\u00f6glicht \u00fcber 3&#8217;400 Mitarbeitenden ein Urban Connect Mobility Budget \u2013 dank SCIM ganz reibungslos.<\/h6>\n            <\/a>\n                        <span class=\"date\">Februar 05, 2026 <\/span>\n            \n\t        <\/div>\n<\/div>                        <\/div>\n                                        <\/div>\n                <div class=\"btn-slider \">\n    <div class=\"prev\">\n        <svg width=\"22\" height=\"12\" viewBox=\"0 0 22 12\" fill=\"none\" xmlns=\"http:\/\/www.w3.org\/2000\/svg\">\n            <path d=\"M5.094 4.476L7.74 1.83L6.03 0.102L0.432 5.7L6.03 11.298L7.74 9.57L5.076 6.906H21.42V4.476H5.094Z\" fill=\"white\"\/>\n        <\/svg>\n    <\/div>\n    <div class=\"next\">\n        <svg width=\"22\" height=\"12\" viewBox=\"0 0 22 12\" fill=\"none\" xmlns=\"http:\/\/www.w3.org\/2000\/svg\">\n            <path d=\"M14.292 1.83L16.938 4.476H0.612V6.906H16.956L14.292 9.57L16.002 11.298L21.6 5.7L16.002 0.102L14.292 1.83Z\" fill=\"white\"\/>\n        <\/svg>\n    <\/div>\n<\/div>            <\/div>\n        <\/div>\n    <\/section>\n    ","protected":false},"excerpt":{"rendered":"<p>Urban Connect bietet Mobility-as-a-Service. Dank der Plattform k\u00f6nnen Unternehmen ihren Mitarbeitern den Zugang zu umweltfreundlichen Fahrzeugen im Rahmen eines Sharing-Konzepts erm\u00f6glichen. Die Gesch\u00e4ftsidee? Eine multimodale Mobilit\u00e4tsplattform f\u00fcr Unternehmen. Kunden erhalten Zugang zu einem \u00d6kosystem emissionsarmer, gemeinsam genutzter Fahrzeuge, die von E-Bikes \u00fcber E-Scooter bis hin zu E-Autos reichen &#8211; und alle \u00fcber eine App buchbar [&hellip;]<\/p>\n","protected":false},"featured_media":2276,"parent":0,"template":"","news_category":[38],"class_list":["post-2564","news","type-news","status-publish","has-post-thumbnail","hentry","news_category-news-de"],"acf":[],"yoast_head":"<!-- This site is optimized with the Yoast SEO plugin v23.2 - https:\/\/yoast.com\/wordpress\/plugins\/seo\/ -->\n<title>Klimaneutrale Sharing-Fahrzeuge - Urban Connect<\/title>\n<meta name=\"description\" content=\"Mit der Mobilit\u00e4tsplattform von Urban Connect k\u00f6nnen Unternehmen ihren Mitarbeitenden Zugang zu klimafreundlichen Mobilit\u00e4tsoptionen geben.\" \/>\n<meta name=\"robots\" content=\"index, follow, max-snippet:-1, max-image-preview:large, max-video-preview:-1\" \/>\n<link rel=\"canonical\" href=\"https:\/\/urban-connect.com\/de\/news\/the-green-fleet-urban-connect-provides-climate-neutral-sharing-vehicles-2\/\" \/>\n<meta property=\"og:locale\" content=\"de_DE\" \/>\n<meta property=\"og:type\" content=\"article\" \/>\n<meta property=\"og:title\" content=\"Klimaneutrale Sharing-Fahrzeuge - Urban Connect\" \/>\n<meta property=\"og:description\" content=\"Mit der Mobilit\u00e4tsplattform von Urban Connect k\u00f6nnen Unternehmen ihren Mitarbeitenden Zugang zu klimafreundlichen Mobilit\u00e4tsoptionen geben.\" \/>\n<meta property=\"og:url\" content=\"https:\/\/urban-connect.com\/de\/news\/the-green-fleet-urban-connect-provides-climate-neutral-sharing-vehicles-2\/\" \/>\n<meta property=\"og:site_name\" content=\"Urban Connect\" \/>\n<meta property=\"article:modified_time\" content=\"2024-07-25T11:42:04+00:00\" \/>\n<meta property=\"og:image\" content=\"https:\/\/urban-connect.com\/wp-content\/uploads\/2021\/09\/UC-NEWS-09022021.jpeg\" \/>\n\t<meta property=\"og:image:width\" content=\"882\" \/>\n\t<meta property=\"og:image:height\" content=\"582\" \/>\n\t<meta property=\"og:image:type\" content=\"image\/jpeg\" \/>\n<meta name=\"twitter:card\" content=\"summary_large_image\" \/>\n<meta name=\"twitter:label1\" content=\"Gesch\u00e4tzte Lesezeit\" \/>\n\t<meta name=\"twitter:data1\" content=\"2\u00a0Minuten\" \/>\n<script type=\"application\/ld+json\" class=\"yoast-schema-graph\">{\"@context\":\"https:\/\/schema.org\",\"@graph\":[{\"@type\":\"WebPage\",\"@id\":\"https:\/\/urban-connect.com\/de\/news\/the-green-fleet-urban-connect-provides-climate-neutral-sharing-vehicles-2\/\",\"url\":\"https:\/\/urban-connect.com\/de\/news\/the-green-fleet-urban-connect-provides-climate-neutral-sharing-vehicles-2\/\",\"name\":\"Klimaneutrale Sharing-Fahrzeuge - Urban Connect\",\"isPartOf\":{\"@id\":\"https:\/\/urban-connect.com\/de\/#website\"},\"primaryImageOfPage\":{\"@id\":\"https:\/\/urban-connect.com\/de\/news\/the-green-fleet-urban-connect-provides-climate-neutral-sharing-vehicles-2\/#primaryimage\"},\"image\":{\"@id\":\"https:\/\/urban-connect.com\/de\/news\/the-green-fleet-urban-connect-provides-climate-neutral-sharing-vehicles-2\/#primaryimage\"},\"thumbnailUrl\":\"https:\/\/urban-connect.com\/wp-content\/uploads\/2021\/09\/UC-NEWS-09022021.jpeg\",\"datePublished\":\"2021-09-02T11:48:00+00:00\",\"dateModified\":\"2024-07-25T11:42:04+00:00\",\"description\":\"Mit der Mobilit\u00e4tsplattform von Urban Connect k\u00f6nnen Unternehmen ihren Mitarbeitenden Zugang zu klimafreundlichen Mobilit\u00e4tsoptionen geben.\",\"breadcrumb\":{\"@id\":\"https:\/\/urban-connect.com\/de\/news\/the-green-fleet-urban-connect-provides-climate-neutral-sharing-vehicles-2\/#breadcrumb\"},\"inLanguage\":\"de\",\"potentialAction\":[{\"@type\":\"ReadAction\",\"target\":[\"https:\/\/urban-connect.com\/de\/news\/the-green-fleet-urban-connect-provides-climate-neutral-sharing-vehicles-2\/\"]}]},{\"@type\":\"ImageObject\",\"inLanguage\":\"de\",\"@id\":\"https:\/\/urban-connect.com\/de\/news\/the-green-fleet-urban-connect-provides-climate-neutral-sharing-vehicles-2\/#primaryimage\",\"url\":\"https:\/\/urban-connect.com\/wp-content\/uploads\/2021\/09\/UC-NEWS-09022021.jpeg\",\"contentUrl\":\"https:\/\/urban-connect.com\/wp-content\/uploads\/2021\/09\/UC-NEWS-09022021.jpeg\",\"width\":882,\"height\":582,\"caption\":\"Robert and Judith\"},{\"@type\":\"BreadcrumbList\",\"@id\":\"https:\/\/urban-connect.com\/de\/news\/the-green-fleet-urban-connect-provides-climate-neutral-sharing-vehicles-2\/#breadcrumb\",\"itemListElement\":[{\"@type\":\"ListItem\",\"position\":1,\"name\":\"Home\",\"item\":\"https:\/\/urban-connect.com\/de\/\"},{\"@type\":\"ListItem\",\"position\":2,\"name\":\"Die gr\u00fcne Flotte: Urban Connect bietet klimaneutrale Sharing-Fahrzeuge\"}]},{\"@type\":\"WebSite\",\"@id\":\"https:\/\/urban-connect.com\/de\/#website\",\"url\":\"https:\/\/urban-connect.com\/de\/\",\"name\":\"Urban Connect\",\"description\":\"\",\"potentialAction\":[{\"@type\":\"SearchAction\",\"target\":{\"@type\":\"EntryPoint\",\"urlTemplate\":\"https:\/\/urban-connect.com\/de\/?s={search_term_string}\"},\"query-input\":\"required name=search_term_string\"}],\"inLanguage\":\"de\"}]}<\/script>\n<!-- \/ Yoast SEO plugin. -->","yoast_head_json":{"title":"Klimaneutrale Sharing-Fahrzeuge - Urban Connect","description":"Mit der Mobilit\u00e4tsplattform von Urban Connect k\u00f6nnen Unternehmen ihren Mitarbeitenden Zugang zu klimafreundlichen Mobilit\u00e4tsoptionen geben.","robots":{"index":"index","follow":"follow","max-snippet":"max-snippet:-1","max-image-preview":"max-image-preview:large","max-video-preview":"max-video-preview:-1"},"canonical":"https:\/\/urban-connect.com\/de\/news\/the-green-fleet-urban-connect-provides-climate-neutral-sharing-vehicles-2\/","og_locale":"de_DE","og_type":"article","og_title":"Klimaneutrale Sharing-Fahrzeuge - Urban Connect","og_description":"Mit der Mobilit\u00e4tsplattform von Urban Connect k\u00f6nnen Unternehmen ihren Mitarbeitenden Zugang zu klimafreundlichen Mobilit\u00e4tsoptionen geben.","og_url":"https:\/\/urban-connect.com\/de\/news\/the-green-fleet-urban-connect-provides-climate-neutral-sharing-vehicles-2\/","og_site_name":"Urban Connect","article_modified_time":"2024-07-25T11:42:04+00:00","og_image":[{"width":882,"height":582,"url":"https:\/\/urban-connect.com\/wp-content\/uploads\/2021\/09\/UC-NEWS-09022021.jpeg","type":"image\/jpeg"}],"twitter_card":"summary_large_image","twitter_misc":{"Gesch\u00e4tzte Lesezeit":"2\u00a0Minuten"},"schema":{"@context":"https:\/\/schema.org","@graph":[{"@type":"WebPage","@id":"https:\/\/urban-connect.com\/de\/news\/the-green-fleet-urban-connect-provides-climate-neutral-sharing-vehicles-2\/","url":"https:\/\/urban-connect.com\/de\/news\/the-green-fleet-urban-connect-provides-climate-neutral-sharing-vehicles-2\/","name":"Klimaneutrale Sharing-Fahrzeuge - Urban Connect","isPartOf":{"@id":"https:\/\/urban-connect.com\/de\/#website"},"primaryImageOfPage":{"@id":"https:\/\/urban-connect.com\/de\/news\/the-green-fleet-urban-connect-provides-climate-neutral-sharing-vehicles-2\/#primaryimage"},"image":{"@id":"https:\/\/urban-connect.com\/de\/news\/the-green-fleet-urban-connect-provides-climate-neutral-sharing-vehicles-2\/#primaryimage"},"thumbnailUrl":"https:\/\/urban-connect.com\/wp-content\/uploads\/2021\/09\/UC-NEWS-09022021.jpeg","datePublished":"2021-09-02T11:48:00+00:00","dateModified":"2024-07-25T11:42:04+00:00","description":"Mit der Mobilit\u00e4tsplattform von Urban Connect k\u00f6nnen Unternehmen ihren Mitarbeitenden Zugang zu klimafreundlichen Mobilit\u00e4tsoptionen geben.","breadcrumb":{"@id":"https:\/\/urban-connect.com\/de\/news\/the-green-fleet-urban-connect-provides-climate-neutral-sharing-vehicles-2\/#breadcrumb"},"inLanguage":"de","potentialAction":[{"@type":"ReadAction","target":["https:\/\/urban-connect.com\/de\/news\/the-green-fleet-urban-connect-provides-climate-neutral-sharing-vehicles-2\/"]}]},{"@type":"ImageObject","inLanguage":"de","@id":"https:\/\/urban-connect.com\/de\/news\/the-green-fleet-urban-connect-provides-climate-neutral-sharing-vehicles-2\/#primaryimage","url":"https:\/\/urban-connect.com\/wp-content\/uploads\/2021\/09\/UC-NEWS-09022021.jpeg","contentUrl":"https:\/\/urban-connect.com\/wp-content\/uploads\/2021\/09\/UC-NEWS-09022021.jpeg","width":882,"height":582,"caption":"Robert and Judith"},{"@type":"BreadcrumbList","@id":"https:\/\/urban-connect.com\/de\/news\/the-green-fleet-urban-connect-provides-climate-neutral-sharing-vehicles-2\/#breadcrumb","itemListElement":[{"@type":"ListItem","position":1,"name":"Home","item":"https:\/\/urban-connect.com\/de\/"},{"@type":"ListItem","position":2,"name":"Die gr\u00fcne Flotte: Urban Connect bietet klimaneutrale Sharing-Fahrzeuge"}]},{"@type":"WebSite","@id":"https:\/\/urban-connect.com\/de\/#website","url":"https:\/\/urban-connect.com\/de\/","name":"Urban Connect","description":"","potentialAction":[{"@type":"SearchAction","target":{"@type":"EntryPoint","urlTemplate":"https:\/\/urban-connect.com\/de\/?s={search_term_string}"},"query-input":"required name=search_term_string"}],"inLanguage":"de"}]}},"_links":{"self":[{"href":"https:\/\/urban-connect.com\/de\/wp-json\/wp\/v2\/news\/2564","targetHints":{"allow":["GET"]}}],"collection":[{"href":"https:\/\/urban-connect.com\/de\/wp-json\/wp\/v2\/news"}],"about":[{"href":"https:\/\/urban-connect.com\/de\/wp-json\/wp\/v2\/types\/news"}],"wp:featuredmedia":[{"embeddable":true,"href":"https:\/\/urban-connect.com\/de\/wp-json\/wp\/v2\/media\/2276"}],"wp:attachment":[{"href":"https:\/\/urban-connect.com\/de\/wp-json\/wp\/v2\/media?parent=2564"}],"wp:term":[{"taxonomy":"news_category","embeddable":true,"href":"https:\/\/urban-connect.com\/de\/wp-json\/wp\/v2\/news_category?post=2564"}],"curies":[{"name":"wp","href":"https:\/\/api.w.org\/{rel}","templated":true}]}}