{"id":2563,"date":"2022-05-17T11:41:00","date_gmt":"2022-05-17T11:41:00","guid":{"rendered":"http:\/\/www.e139929.easyhosting.at\/news\/spezielle-e-bike-tarife-fuer-angehoerige-der-eth-gemeinschaft\/"},"modified":"2024-07-25T11:51:49","modified_gmt":"2024-07-25T11:51:49","slug":"special-e-bike-rates-for-members-of-the-eth-community-2","status":"publish","type":"news","link":"https:\/\/urban-connect.com\/de\/news\/special-e-bike-rates-for-members-of-the-eth-community-2\/","title":{"rendered":"Spezielle E-Bike-Tarife f\u00fcr Angeh\u00f6rige der ETH-Gemeinschaft"},"content":{"rendered":"\n<p>Wer an der ETH Z\u00fcrich schnell von einem Ort zum anderen kommen will, kann an vier Standorten bequem ein E-Bike mieten.<\/p>\n\n\n\n<p>Der Anbieter Urban Connect hat eine Flotte von 25 hochwertigen E-Bikes sowie ein E-Cargo-Bike in Stationen an vier Geb\u00e4uden der ETH Z\u00fcrich installiert. Die Leih-E-Bikes und ihre Ladestationen befinden sich auf dem Campus H\u00f6nggerberg beim B\u00fcro- und Laborgeb\u00e4ude HCI (&#8222;F\u00fcnffinger-Dock&#8220;), auf dem Campus Zentrum beim CHN-Geb\u00e4ude (Universit\u00e4tstrasse 8- 22, gut erreichbar von den Tramhaltestellen ETH\/Universit\u00e4tsspital und Haldenbach) sowie bei den ETH-Geb\u00e4uden ONA und Octavo in Z\u00fcrich-Oerlikon.<\/p>\n\n\n\n<h2 class=\"wp-block-heading\">Buchen Sie \u00fcber die App<\/h2>\n\n\n\n<p>ETH-Angeh\u00f6rige, die sich f\u00fcr die Miete eines dieser E-Bikes entscheiden, profitieren von attraktiven Tarifen &#8211; sie zahlen deutlich weniger als die markt\u00fcblichen Preise. Die R\u00e4der kosten 50 Rappen pro Stunde und maximal 3 Franken pro Tag (24 Stunden). Die elektrischen Antriebe erm\u00f6glichen Durchschnittsgeschwindigkeiten von rund 25 km\/h. m Gegensatz zu den Modellen des bisherigen Anbieters Bond ist f\u00fcr diese Fahrr\u00e4der kein Mofa-F\u00fchrerschein erforderlich.<\/p>\n\n\n\n<p>Die Velos k\u00f6nnen \u00fcber die Urban-Connect-App gemietet werden, indem man sich einmalig mit einer ETH-E-Mail-Adresse (ETH-Benutzername gefolgt von @ethz.ch) und einer Kreditkartennummer registriert, um die direkte Abrechnung zu erm\u00f6glichen. Dann einfach ein Velo ausw\u00e4hlen und losfahren! Die Nutzung der E-Bikes ist nicht auf den ETH-Campus beschr\u00e4nkt, sondern es kann auch bis nach Hause gefahren werden. ede Buchung muss an einer UrbanConnect-Ladestation beginnen und enden, und einige Velos m\u00fcssen an der gleichen Ladestation zur\u00fcckgegeben werden, an der sie ausgeliehen wurden (dies gilt speziell f\u00fcr die Station H\u00f6nggerberg und wird in der App ausf\u00fchrlich erkl\u00e4rt).<\/p>\n\n\n\n<figure class=\"wp-block-image size-full\"><img decoding=\"async\" data-src=\"http:\/\/www.urban-connect.com\/wp-content\/uploads\/2023\/05\/17-5-22-1-980x490-1.png\" alt=\"\" class=\"wp-image-2265 lazyload\" src=\"data:image\/gif;base64,R0lGODlhAQABAAAAACH5BAEKAAEALAAAAAABAAEAAAICTAEAOw==\" \/><noscript><img decoding=\"async\" src=\"http:\/\/www.urban-connect.com\/wp-content\/uploads\/2023\/05\/17-5-22-1-980x490-1.png\" alt=\"\" class=\"wp-image-2265\"\/><\/noscript><\/figure>\n\n\n\n<h2 class=\"wp-block-heading\">1000 neue E-Biker bis Juli<\/h2>\n\n\n\n<p>Ziel ist es, bis Ende Juli 1&#8217;000 Nutzerinnen und Nutzer zu erreichen, bevor die E-Bikes im Idealfall in den Alltagsbetrieb \u00fcbergehen (zuvor muss das Pilotprojekt aber noch evaluiert werden). Die Entwicklung der Nutzerzahlen ist vielversprechend: W\u00e4hrend im Januar mehr als 250 ETH-Angeh\u00f6rige die Urban Connect E-Bikes nutzten, stieg diese Zahl im M\u00e4rz und April \u00fcberproportional auf \u00fcber 450 Nutzer an. Im Mai liegt die Gesamtzahl der Nutzerinnen und Nutzer bei 630 (Stand: diese Woche). Das warme Fr\u00fchlingswetter hat dabei zweifellos eine Rolle gespielt &#8211; die Nutzung an sonnigen Tagen ist rund 25 Prozent h\u00f6her als an windigen, regnerischen oder verschneiten Tagen. Die Nachfrage nach den E-Bikes ist auf dem Campus H\u00f6nggerberg am gr\u00f6ssten, weshalb die Anzahl der E-Bikes am HCI bereits erh\u00f6ht wurde.<\/p>\n\n\n\n<h2 class=\"wp-block-heading\">Pilotprogramm f\u00fcr nachhaltige Mobilit\u00e4t auf dem Campus<\/h2>\n\n\n\n<p>Das aktuelle E-Bike-Angebot der ETH befindet sich noch in der Pilotphase. Die ETH Z\u00fcrich hat das Programm in Zusammenarbeit mit dem E-Bike-Anbieter Urban Connect lanciert, nachdem sich der bisherige Anbieter Bond aus dem Markt zur\u00fcckgezogen hat. Die Evaluationsergebnisse werden dar\u00fcber entscheiden, ob das Angebot in den t\u00e4glichen Betrieb \u00fcbergehen wird. Aus rein technologischer Sicht k\u00f6nnte die App auch auf andere Fahrzeuge (E-Scooter, E-Autos, Fahrr\u00e4der) und den \u00f6ffentlichen Verkehr ausgeweitet und zu einer umfassenden Mobilit\u00e4ts-App ausgebaut werden. Das E-Bike-Angebot ist Teil der Mobilit\u00e4tsstrategie der ETH Z\u00fcrich, die derzeit entwickelt wird. Neben den E-Bikes k\u00f6nnen die ETH-Angeh\u00f6rigen auch die &#8222;PubliBike&#8220;-Fahrr\u00e4der der Stadt Z\u00fcrich nutzen.<\/p>\n\n\n\n<p>Change Mobility &#8211; Change the World<\/p>\n\n\n        <section class=\"author-block\">\n            <div class=\"container\">\n                <div class=\"left-side\">\n                    <h6 class=\"name\">Quelle: Eidgen\u00f6ssische Technische Hochschule Z\u00fcrich.<\/h6>\n                    <span class=\"position\"><\/span>\n                <\/div>\n                <div class=\"right-side\">\n                                            <img decoding=\"async\" \n                        class=\"image lazyload\" data-src=\"https:\/\/urban-connect.com\/wp-content\/uploads\/2023\/05\/15-3-21-5.jpeg\"\n                        data-srcset=\"https:\/\/urban-connect.com\/wp-content\/uploads\/2023\/05\/15-3-21-5.jpeg 762w, https:\/\/urban-connect.com\/wp-content\/uploads\/2023\/05\/15-3-21-5-300x300.jpeg 300w, https:\/\/urban-connect.com\/wp-content\/uploads\/2023\/05\/15-3-21-5-150x150.jpeg 150w\"\n                        data-sizes=\"(max-width: 762px) 100vw, 762px\"\n                        alt=\"Chart Image\"\n                         src=\"data:image\/gif;base64,R0lGODlhAQABAAAAACH5BAEKAAEALAAAAAABAAEAAAICTAEAOw==\" style=\"--smush-placeholder-width: 762px; --smush-placeholder-aspect-ratio: 762\/762;\"><noscript><img decoding=\"async\" \n                        class=\"image\" src=\"https:\/\/urban-connect.com\/wp-content\/uploads\/2023\/05\/15-3-21-5.jpeg\"\n                        srcset=\"https:\/\/urban-connect.com\/wp-content\/uploads\/2023\/05\/15-3-21-5.jpeg 762w, https:\/\/urban-connect.com\/wp-content\/uploads\/2023\/05\/15-3-21-5-300x300.jpeg 300w, https:\/\/urban-connect.com\/wp-content\/uploads\/2023\/05\/15-3-21-5-150x150.jpeg 150w\"\n                        sizes=\"(max-width: 762px) 100vw, 762px\"\n                        alt=\"Chart Image\"\n                        ><\/noscript>\n                                        <\/div>\n            <\/div>\n        <\/section>\n        \n\n    <section class=\"related-posts\">\n        <div class=\"container\">\n            <h4 class=\"block-title\"><\/h4>\n        <\/div>\n        <div class=\"container posts-wrap\">\n            <div class=\"swiper swiper-related-posts\">\n                <div class=\"swiper-wrapper\">\n                                            <div class=\"swiper-slide\">\n                            <div class=\"card-horizontal\">\n    <div class=\"left-side\">\n                    <a href=\"https:\/\/urban-connect.com\/de\/news\/wheels-wine-2026-eine-wegweisende-ausgabe-die-die-zukunft-der-unternehmensmobilitaet-gestaltet\/\">\n                <img decoding=\"async\" \n                    class=\"image lazyload\" data-src=\"https:\/\/urban-connect.com\/wp-content\/uploads\/2026\/03\/F06A4076-768x512.jpg\"\n                    data-srcset=\"https:\/\/urban-connect.com\/wp-content\/uploads\/2026\/03\/F06A4076-768x512.jpg 768w, https:\/\/urban-connect.com\/wp-content\/uploads\/2026\/03\/F06A4076-300x200.jpg 300w, https:\/\/urban-connect.com\/wp-content\/uploads\/2026\/03\/F06A4076-1024x683.jpg 1024w, https:\/\/urban-connect.com\/wp-content\/uploads\/2026\/03\/F06A4076-1536x1024.jpg 1536w, https:\/\/urban-connect.com\/wp-content\/uploads\/2026\/03\/F06A4076-2048x1365.jpg 2048w, https:\/\/urban-connect.com\/wp-content\/uploads\/2026\/03\/F06A4076-1620x1080.jpg 1620w\"\n                    data-sizes=\"(max-width: 768px) 100vw, 768px\"\n                    alt=\"Wheels &amp; Wine 2026 \u2013 Eine wegweisende Ausgabe, die die Zukunft der Unternehmensmobilit\u00e4t gestaltet\"\n                 src=\"data:image\/gif;base64,R0lGODlhAQABAAAAACH5BAEKAAEALAAAAAABAAEAAAICTAEAOw==\" style=\"--smush-placeholder-width: 768px; --smush-placeholder-aspect-ratio: 768\/512;\"><noscript><img decoding=\"async\" \n                    class=\"image\" src=\"https:\/\/urban-connect.com\/wp-content\/uploads\/2026\/03\/F06A4076-768x512.jpg\"\n                    srcset=\"https:\/\/urban-connect.com\/wp-content\/uploads\/2026\/03\/F06A4076-768x512.jpg 768w, https:\/\/urban-connect.com\/wp-content\/uploads\/2026\/03\/F06A4076-300x200.jpg 300w, https:\/\/urban-connect.com\/wp-content\/uploads\/2026\/03\/F06A4076-1024x683.jpg 1024w, https:\/\/urban-connect.com\/wp-content\/uploads\/2026\/03\/F06A4076-1536x1024.jpg 1536w, https:\/\/urban-connect.com\/wp-content\/uploads\/2026\/03\/F06A4076-2048x1365.jpg 2048w, https:\/\/urban-connect.com\/wp-content\/uploads\/2026\/03\/F06A4076-1620x1080.jpg 1620w\"\n                    sizes=\"(max-width: 768px) 100vw, 768px\"\n                    alt=\"Wheels &amp; Wine 2026 \u2013 Eine wegweisende Ausgabe, die die Zukunft der Unternehmensmobilit\u00e4t gestaltet\"\n                ><\/noscript>\n            <\/a>\n                <\/div>\n    <div class=\"right-side\">\n                    <a href=\"https:\/\/urban-connect.com\/de\/news\/wheels-wine-2026-eine-wegweisende-ausgabe-die-die-zukunft-der-unternehmensmobilitaet-gestaltet\/\">\n                <h6 class=\"title\">Wheels &amp; Wine 2026 \u2013 Eine wegweisende Ausgabe, die die Zukunft der Unternehmensmobilit\u00e4t gestaltet<\/h6>\n            <\/a>\n                        <span class=\"date\">M\u00e4rz 24, 2026 <\/span>\n            \n\t        <\/div>\n<\/div>                        <\/div>\n                                                <div class=\"swiper-slide\">\n                            <div class=\"card-horizontal\">\n    <div class=\"left-side\">\n                    <a href=\"https:\/\/urban-connect.com\/de\/news\/was-passiert-wenn-das-laden-von-elektroautos-endlich-funktioniert-wie-urban-connect-und-zaptec-eine-bessere-ladeinfrastruktur-fuer-elektroautos-geschaffen-haben\/\">\n                <img decoding=\"async\" \n                    class=\"image lazyload\" data-src=\"https:\/\/urban-connect.com\/wp-content\/uploads\/2026\/03\/Zaptec-cover-3-1-768x453.png\"\n                    data-srcset=\"https:\/\/urban-connect.com\/wp-content\/uploads\/2026\/03\/Zaptec-cover-3-1-768x453.png 768w, https:\/\/urban-connect.com\/wp-content\/uploads\/2026\/03\/Zaptec-cover-3-1-300x177.png 300w, https:\/\/urban-connect.com\/wp-content\/uploads\/2026\/03\/Zaptec-cover-3-1-1024x604.png 1024w, https:\/\/urban-connect.com\/wp-content\/uploads\/2026\/03\/Zaptec-cover-3-1-1536x906.png 1536w, https:\/\/urban-connect.com\/wp-content\/uploads\/2026\/03\/Zaptec-cover-3-1-2048x1208.png 2048w, https:\/\/urban-connect.com\/wp-content\/uploads\/2026\/03\/Zaptec-cover-3-1-1831x1080.png 1831w\"\n                    data-sizes=\"(max-width: 768px) 100vw, 768px\"\n                    alt=\"Was passiert, wenn das Laden von Elektroautos endlich funktioniert?\"\n                 src=\"data:image\/gif;base64,R0lGODlhAQABAAAAACH5BAEKAAEALAAAAAABAAEAAAICTAEAOw==\" style=\"--smush-placeholder-width: 768px; --smush-placeholder-aspect-ratio: 768\/453;\"><noscript><img decoding=\"async\" \n                    class=\"image\" src=\"https:\/\/urban-connect.com\/wp-content\/uploads\/2026\/03\/Zaptec-cover-3-1-768x453.png\"\n                    srcset=\"https:\/\/urban-connect.com\/wp-content\/uploads\/2026\/03\/Zaptec-cover-3-1-768x453.png 768w, https:\/\/urban-connect.com\/wp-content\/uploads\/2026\/03\/Zaptec-cover-3-1-300x177.png 300w, https:\/\/urban-connect.com\/wp-content\/uploads\/2026\/03\/Zaptec-cover-3-1-1024x604.png 1024w, https:\/\/urban-connect.com\/wp-content\/uploads\/2026\/03\/Zaptec-cover-3-1-1536x906.png 1536w, https:\/\/urban-connect.com\/wp-content\/uploads\/2026\/03\/Zaptec-cover-3-1-2048x1208.png 2048w, https:\/\/urban-connect.com\/wp-content\/uploads\/2026\/03\/Zaptec-cover-3-1-1831x1080.png 1831w\"\n                    sizes=\"(max-width: 768px) 100vw, 768px\"\n                    alt=\"Was passiert, wenn das Laden von Elektroautos endlich funktioniert?\"\n                ><\/noscript>\n            <\/a>\n                <\/div>\n    <div class=\"right-side\">\n                    <a href=\"https:\/\/urban-connect.com\/de\/news\/was-passiert-wenn-das-laden-von-elektroautos-endlich-funktioniert-wie-urban-connect-und-zaptec-eine-bessere-ladeinfrastruktur-fuer-elektroautos-geschaffen-haben\/\">\n                <h6 class=\"title\">Was passiert, wenn das Laden von Elektroautos endlich funktioniert?<\/h6>\n            <\/a>\n                        <span class=\"date\">M\u00e4rz 17, 2026 <\/span>\n            \n\t        <\/div>\n<\/div>                        <\/div>\n                                                <div class=\"swiper-slide\">\n                            <div class=\"card-horizontal\">\n    <div class=\"left-side\">\n                    <a href=\"https:\/\/urban-connect.com\/de\/news\/fallstudie-im-blickpunkt-lonza-visps-partnerschaft-fuer-nachhaltige-mobilitaet-mit-urban-connect\/\">\n                <img decoding=\"async\" \n                    class=\"image lazyload\" data-src=\"https:\/\/urban-connect.com\/wp-content\/uploads\/2026\/02\/HELSANA-x-UC-banner-768x511.png\"\n                    data-srcset=\"https:\/\/urban-connect.com\/wp-content\/uploads\/2026\/02\/HELSANA-x-UC-banner-768x511.png 768w, https:\/\/urban-connect.com\/wp-content\/uploads\/2026\/02\/HELSANA-x-UC-banner-300x199.png 300w, https:\/\/urban-connect.com\/wp-content\/uploads\/2026\/02\/HELSANA-x-UC-banner-1024x681.png 1024w, https:\/\/urban-connect.com\/wp-content\/uploads\/2026\/02\/HELSANA-x-UC-banner-1536x1021.png 1536w, https:\/\/urban-connect.com\/wp-content\/uploads\/2026\/02\/HELSANA-x-UC-banner.png 1590w\"\n                    data-sizes=\"(max-width: 768px) 100vw, 768px\"\n                    alt=\"Fallstudie im Blickpunkt: Helsana erm\u00f6glicht \u00fcber 3'400 Mitarbeitenden ein Urban Connect Mobility Budget \u2013 dank SCIM ganz reibungslos.\"\n                 src=\"data:image\/gif;base64,R0lGODlhAQABAAAAACH5BAEKAAEALAAAAAABAAEAAAICTAEAOw==\" style=\"--smush-placeholder-width: 768px; --smush-placeholder-aspect-ratio: 768\/511;\"><noscript><img decoding=\"async\" \n                    class=\"image\" src=\"https:\/\/urban-connect.com\/wp-content\/uploads\/2026\/02\/HELSANA-x-UC-banner-768x511.png\"\n                    srcset=\"https:\/\/urban-connect.com\/wp-content\/uploads\/2026\/02\/HELSANA-x-UC-banner-768x511.png 768w, https:\/\/urban-connect.com\/wp-content\/uploads\/2026\/02\/HELSANA-x-UC-banner-300x199.png 300w, https:\/\/urban-connect.com\/wp-content\/uploads\/2026\/02\/HELSANA-x-UC-banner-1024x681.png 1024w, https:\/\/urban-connect.com\/wp-content\/uploads\/2026\/02\/HELSANA-x-UC-banner-1536x1021.png 1536w, https:\/\/urban-connect.com\/wp-content\/uploads\/2026\/02\/HELSANA-x-UC-banner.png 1590w\"\n                    sizes=\"(max-width: 768px) 100vw, 768px\"\n                    alt=\"Fallstudie im Blickpunkt: Helsana erm\u00f6glicht \u00fcber 3'400 Mitarbeitenden ein Urban Connect Mobility Budget \u2013 dank SCIM ganz reibungslos.\"\n                ><\/noscript>\n            <\/a>\n                <\/div>\n    <div class=\"right-side\">\n                    <a href=\"https:\/\/urban-connect.com\/de\/news\/fallstudie-im-blickpunkt-lonza-visps-partnerschaft-fuer-nachhaltige-mobilitaet-mit-urban-connect\/\">\n                <h6 class=\"title\">Fallstudie im Blickpunkt: Helsana erm\u00f6glicht \u00fcber 3&#8217;400 Mitarbeitenden ein Urban Connect Mobility Budget \u2013 dank SCIM ganz reibungslos.<\/h6>\n            <\/a>\n                        <span class=\"date\">Februar 05, 2026 <\/span>\n            \n\t        <\/div>\n<\/div>                        <\/div>\n                                        <\/div>\n                <div class=\"btn-slider \">\n    <div class=\"prev\">\n        <svg width=\"22\" height=\"12\" viewBox=\"0 0 22 12\" fill=\"none\" xmlns=\"http:\/\/www.w3.org\/2000\/svg\">\n            <path d=\"M5.094 4.476L7.74 1.83L6.03 0.102L0.432 5.7L6.03 11.298L7.74 9.57L5.076 6.906H21.42V4.476H5.094Z\" fill=\"white\"\/>\n        <\/svg>\n    <\/div>\n    <div class=\"next\">\n        <svg width=\"22\" height=\"12\" viewBox=\"0 0 22 12\" fill=\"none\" xmlns=\"http:\/\/www.w3.org\/2000\/svg\">\n            <path d=\"M14.292 1.83L16.938 4.476H0.612V6.906H16.956L14.292 9.57L16.002 11.298L21.6 5.7L16.002 0.102L14.292 1.83Z\" fill=\"white\"\/>\n        <\/svg>\n    <\/div>\n<\/div>            <\/div>\n        <\/div>\n    <\/section>\n    ","protected":false},"excerpt":{"rendered":"<p>Wer an der ETH Z\u00fcrich schnell von einem Ort zum anderen kommen will, kann an vier Standorten bequem ein E-Bike mieten. Der Anbieter Urban Connect hat eine Flotte von 25 hochwertigen E-Bikes sowie ein E-Cargo-Bike in Stationen an vier Geb\u00e4uden der ETH Z\u00fcrich installiert. Die Leih-E-Bikes und ihre Ladestationen befinden sich auf dem Campus H\u00f6nggerberg [&hellip;]<\/p>\n","protected":false},"featured_media":2270,"parent":0,"template":"","news_category":[38],"class_list":["post-2563","news","type-news","status-publish","has-post-thumbnail","hentry","news_category-news-de"],"acf":[],"yoast_head":"<!-- This site is optimized with the Yoast SEO plugin v23.2 - https:\/\/yoast.com\/wordpress\/plugins\/seo\/ -->\n<title>Spezielle E-Bike Tarife f\u00fcr die ETH-Gemeinschaft - Urban Connect<\/title>\n<meta name=\"description\" content=\"Urban Connect stattet die Angeh\u00f6rigen der ETH mit hochwertigen E-Bikes aus. Via App sind sie preiswert und nutzerfreundlich buchbar.\" \/>\n<meta name=\"robots\" content=\"index, follow, max-snippet:-1, max-image-preview:large, max-video-preview:-1\" \/>\n<link rel=\"canonical\" href=\"https:\/\/urban-connect.com\/de\/news\/special-e-bike-rates-for-members-of-the-eth-community-2\/\" \/>\n<meta property=\"og:locale\" content=\"de_DE\" \/>\n<meta property=\"og:type\" content=\"article\" \/>\n<meta property=\"og:title\" content=\"Spezielle E-Bike Tarife f\u00fcr die ETH-Gemeinschaft - Urban Connect\" \/>\n<meta property=\"og:description\" content=\"Urban Connect stattet die Angeh\u00f6rigen der ETH mit hochwertigen E-Bikes aus. Via App sind sie preiswert und nutzerfreundlich buchbar.\" \/>\n<meta property=\"og:url\" content=\"https:\/\/urban-connect.com\/de\/news\/special-e-bike-rates-for-members-of-the-eth-community-2\/\" \/>\n<meta property=\"og:site_name\" content=\"Urban Connect\" \/>\n<meta property=\"article:modified_time\" content=\"2024-07-25T11:51:49+00:00\" \/>\n<meta property=\"og:image\" content=\"https:\/\/urban-connect.com\/wp-content\/uploads\/2023\/05\/UC-NEWS-05172022.jpeg\" \/>\n\t<meta property=\"og:image:width\" content=\"882\" \/>\n\t<meta property=\"og:image:height\" content=\"582\" \/>\n\t<meta property=\"og:image:type\" content=\"image\/jpeg\" \/>\n<meta name=\"twitter:card\" content=\"summary_large_image\" \/>\n<meta name=\"twitter:label1\" content=\"Gesch\u00e4tzte Lesezeit\" \/>\n\t<meta name=\"twitter:data1\" content=\"3\u00a0Minuten\" \/>\n<script type=\"application\/ld+json\" class=\"yoast-schema-graph\">{\"@context\":\"https:\/\/schema.org\",\"@graph\":[{\"@type\":\"WebPage\",\"@id\":\"https:\/\/urban-connect.com\/de\/news\/special-e-bike-rates-for-members-of-the-eth-community-2\/\",\"url\":\"https:\/\/urban-connect.com\/de\/news\/special-e-bike-rates-for-members-of-the-eth-community-2\/\",\"name\":\"Spezielle E-Bike Tarife f\u00fcr die ETH-Gemeinschaft - Urban Connect\",\"isPartOf\":{\"@id\":\"https:\/\/urban-connect.com\/de\/#website\"},\"primaryImageOfPage\":{\"@id\":\"https:\/\/urban-connect.com\/de\/news\/special-e-bike-rates-for-members-of-the-eth-community-2\/#primaryimage\"},\"image\":{\"@id\":\"https:\/\/urban-connect.com\/de\/news\/special-e-bike-rates-for-members-of-the-eth-community-2\/#primaryimage\"},\"thumbnailUrl\":\"https:\/\/urban-connect.com\/wp-content\/uploads\/2023\/05\/UC-NEWS-05172022.jpeg\",\"datePublished\":\"2022-05-17T11:41:00+00:00\",\"dateModified\":\"2024-07-25T11:51:49+00:00\",\"description\":\"Urban Connect stattet die Angeh\u00f6rigen der ETH mit hochwertigen E-Bikes aus. Via App sind sie preiswert und nutzerfreundlich buchbar.\",\"breadcrumb\":{\"@id\":\"https:\/\/urban-connect.com\/de\/news\/special-e-bike-rates-for-members-of-the-eth-community-2\/#breadcrumb\"},\"inLanguage\":\"de\",\"potentialAction\":[{\"@type\":\"ReadAction\",\"target\":[\"https:\/\/urban-connect.com\/de\/news\/special-e-bike-rates-for-members-of-the-eth-community-2\/\"]}]},{\"@type\":\"ImageObject\",\"inLanguage\":\"de\",\"@id\":\"https:\/\/urban-connect.com\/de\/news\/special-e-bike-rates-for-members-of-the-eth-community-2\/#primaryimage\",\"url\":\"https:\/\/urban-connect.com\/wp-content\/uploads\/2023\/05\/UC-NEWS-05172022.jpeg\",\"contentUrl\":\"https:\/\/urban-connect.com\/wp-content\/uploads\/2023\/05\/UC-NEWS-05172022.jpeg\",\"width\":882,\"height\":582,\"caption\":\"E-Bike in action\"},{\"@type\":\"BreadcrumbList\",\"@id\":\"https:\/\/urban-connect.com\/de\/news\/special-e-bike-rates-for-members-of-the-eth-community-2\/#breadcrumb\",\"itemListElement\":[{\"@type\":\"ListItem\",\"position\":1,\"name\":\"Home\",\"item\":\"https:\/\/urban-connect.com\/de\/\"},{\"@type\":\"ListItem\",\"position\":2,\"name\":\"Spezielle E-Bike-Tarife f\u00fcr Angeh\u00f6rige der ETH-Gemeinschaft\"}]},{\"@type\":\"WebSite\",\"@id\":\"https:\/\/urban-connect.com\/de\/#website\",\"url\":\"https:\/\/urban-connect.com\/de\/\",\"name\":\"Urban Connect\",\"description\":\"\",\"potentialAction\":[{\"@type\":\"SearchAction\",\"target\":{\"@type\":\"EntryPoint\",\"urlTemplate\":\"https:\/\/urban-connect.com\/de\/?s={search_term_string}\"},\"query-input\":\"required name=search_term_string\"}],\"inLanguage\":\"de\"}]}<\/script>\n<!-- \/ Yoast SEO plugin. -->","yoast_head_json":{"title":"Spezielle E-Bike Tarife f\u00fcr die ETH-Gemeinschaft - Urban Connect","description":"Urban Connect stattet die Angeh\u00f6rigen der ETH mit hochwertigen E-Bikes aus. Via App sind sie preiswert und nutzerfreundlich buchbar.","robots":{"index":"index","follow":"follow","max-snippet":"max-snippet:-1","max-image-preview":"max-image-preview:large","max-video-preview":"max-video-preview:-1"},"canonical":"https:\/\/urban-connect.com\/de\/news\/special-e-bike-rates-for-members-of-the-eth-community-2\/","og_locale":"de_DE","og_type":"article","og_title":"Spezielle E-Bike Tarife f\u00fcr die ETH-Gemeinschaft - Urban Connect","og_description":"Urban Connect stattet die Angeh\u00f6rigen der ETH mit hochwertigen E-Bikes aus. Via App sind sie preiswert und nutzerfreundlich buchbar.","og_url":"https:\/\/urban-connect.com\/de\/news\/special-e-bike-rates-for-members-of-the-eth-community-2\/","og_site_name":"Urban Connect","article_modified_time":"2024-07-25T11:51:49+00:00","og_image":[{"width":882,"height":582,"url":"https:\/\/urban-connect.com\/wp-content\/uploads\/2023\/05\/UC-NEWS-05172022.jpeg","type":"image\/jpeg"}],"twitter_card":"summary_large_image","twitter_misc":{"Gesch\u00e4tzte Lesezeit":"3\u00a0Minuten"},"schema":{"@context":"https:\/\/schema.org","@graph":[{"@type":"WebPage","@id":"https:\/\/urban-connect.com\/de\/news\/special-e-bike-rates-for-members-of-the-eth-community-2\/","url":"https:\/\/urban-connect.com\/de\/news\/special-e-bike-rates-for-members-of-the-eth-community-2\/","name":"Spezielle E-Bike Tarife f\u00fcr die ETH-Gemeinschaft - Urban Connect","isPartOf":{"@id":"https:\/\/urban-connect.com\/de\/#website"},"primaryImageOfPage":{"@id":"https:\/\/urban-connect.com\/de\/news\/special-e-bike-rates-for-members-of-the-eth-community-2\/#primaryimage"},"image":{"@id":"https:\/\/urban-connect.com\/de\/news\/special-e-bike-rates-for-members-of-the-eth-community-2\/#primaryimage"},"thumbnailUrl":"https:\/\/urban-connect.com\/wp-content\/uploads\/2023\/05\/UC-NEWS-05172022.jpeg","datePublished":"2022-05-17T11:41:00+00:00","dateModified":"2024-07-25T11:51:49+00:00","description":"Urban Connect stattet die Angeh\u00f6rigen der ETH mit hochwertigen E-Bikes aus. Via App sind sie preiswert und nutzerfreundlich buchbar.","breadcrumb":{"@id":"https:\/\/urban-connect.com\/de\/news\/special-e-bike-rates-for-members-of-the-eth-community-2\/#breadcrumb"},"inLanguage":"de","potentialAction":[{"@type":"ReadAction","target":["https:\/\/urban-connect.com\/de\/news\/special-e-bike-rates-for-members-of-the-eth-community-2\/"]}]},{"@type":"ImageObject","inLanguage":"de","@id":"https:\/\/urban-connect.com\/de\/news\/special-e-bike-rates-for-members-of-the-eth-community-2\/#primaryimage","url":"https:\/\/urban-connect.com\/wp-content\/uploads\/2023\/05\/UC-NEWS-05172022.jpeg","contentUrl":"https:\/\/urban-connect.com\/wp-content\/uploads\/2023\/05\/UC-NEWS-05172022.jpeg","width":882,"height":582,"caption":"E-Bike in action"},{"@type":"BreadcrumbList","@id":"https:\/\/urban-connect.com\/de\/news\/special-e-bike-rates-for-members-of-the-eth-community-2\/#breadcrumb","itemListElement":[{"@type":"ListItem","position":1,"name":"Home","item":"https:\/\/urban-connect.com\/de\/"},{"@type":"ListItem","position":2,"name":"Spezielle E-Bike-Tarife f\u00fcr Angeh\u00f6rige der ETH-Gemeinschaft"}]},{"@type":"WebSite","@id":"https:\/\/urban-connect.com\/de\/#website","url":"https:\/\/urban-connect.com\/de\/","name":"Urban Connect","description":"","potentialAction":[{"@type":"SearchAction","target":{"@type":"EntryPoint","urlTemplate":"https:\/\/urban-connect.com\/de\/?s={search_term_string}"},"query-input":"required name=search_term_string"}],"inLanguage":"de"}]}},"_links":{"self":[{"href":"https:\/\/urban-connect.com\/de\/wp-json\/wp\/v2\/news\/2563","targetHints":{"allow":["GET"]}}],"collection":[{"href":"https:\/\/urban-connect.com\/de\/wp-json\/wp\/v2\/news"}],"about":[{"href":"https:\/\/urban-connect.com\/de\/wp-json\/wp\/v2\/types\/news"}],"wp:featuredmedia":[{"embeddable":true,"href":"https:\/\/urban-connect.com\/de\/wp-json\/wp\/v2\/media\/2270"}],"wp:attachment":[{"href":"https:\/\/urban-connect.com\/de\/wp-json\/wp\/v2\/media?parent=2563"}],"wp:term":[{"taxonomy":"news_category","embeddable":true,"href":"https:\/\/urban-connect.com\/de\/wp-json\/wp\/v2\/news_category?post=2563"}],"curies":[{"name":"wp","href":"https:\/\/api.w.org\/{rel}","templated":true}]}}