{"id":2562,"date":"2022-09-19T11:47:00","date_gmt":"2022-09-19T11:47:00","guid":{"rendered":"http:\/\/www.e139929.easyhosting.at\/news\/corporate-mobility-as-the-key-to-a-traffic-turnaround-2\/"},"modified":"2025-01-27T11:47:42","modified_gmt":"2025-01-27T11:47:42","slug":"corporate-mobility-as-the-key-to-a-traffic-turnaround-2","status":"publish","type":"news","link":"https:\/\/urban-connect.com\/de\/news\/corporate-mobility-as-the-key-to-a-traffic-turnaround-2\/","title":{"rendered":"Unternehmensmobilit\u00e4t als Schl\u00fcssel zur Verkehrswende"},"content":{"rendered":"\n<p>Der Begriff Mobilit\u00e4tswende ist in aller Munde. St\u00e4dte k\u00e4mpfen mit Staus und werden zunehmend aufgefordert, eine Netto-Null-Verkehrspolitik zu initiieren. Doch diese Initiativen sind gerechtfertigt. 39% der gesamten Treibhausgasemissionen der Schweiz stammen aus dem Verkehr, 69% davon aus dem Personenverkehr <a href=\"https:\/\/www.bfs.admin.ch\/bfs\/de\/home\/statistiken\/mobilitaet-verkehr\/unfaelle-umweltauswirkungen\/umweltauswirkungen.html\">[1]<\/a>. Der Verkehr ist in den meisten Industriel\u00e4ndern der gr\u00f6\u00dfte Verursacher von CO2-Emissionen <a href=\"https:\/\/www.weforum.org\/agenda\/2021\/11\/global-transport-carbon-emissions-decarbonise\">[2]<\/a>. Dar\u00fcber hinaus stiegen die Emissionen des Verkehrssektors in der EU um mehr als 33 % und <a href=\"https:\/\/www.eea.europa.eu\/\/publications\/transport-and-environment-report-2021\">[3]<\/a> und 79 % weltweit <a href=\"https:\/\/ourworldindata.org\/emissions-by-sector\">[4]<\/a> seit 1990. Daher wird die Dekarbonisierung des Verkehrs wahrscheinlich zum grundlegenden wirtschaftlichen Prinzip der Zukunft werden.<\/p>\n\n\n\n<h2 class=\"wp-block-heading\">Stagnation im Verkehr<\/h2>\n\n\n\n<p>Doch der Wandel ist selten einfach. Das Auto ist l\u00e4ngst zu einem m\u00e4chtigen Symbol f\u00fcr unsere Individualit\u00e4t, unsere Selbstbestimmung, ja sogar f\u00fcr unsere Industriekultur geworden. Deshalb wird die Diskussion um eine Verkehrswende meist besonders emotional gef\u00fchrt. Gerade deshalb lohnt es sich, einen Blick auf die Fakten zu werfen: Im Durchschnitt steht ein Auto in der Schweiz 23 Stunden pro Tag still <a href=\"https:\/\/www.nzz.ch\/mobilitaet\/hsg-experten-herrmann-und-stackmann-zur-mobilitaet-der-zukunft-ld.1703651\" target=\"_blank\" rel=\"noreferrer noopener\">[5]<\/a>. Das entspricht einem Nutzungsgrad von nur 4%. Zudem sind selbst beim Fahren meist nur 1,6 Sitze besetzt <a href=\"https:\/\/www.bfs.admin.ch\/bfs\/de\/home\/statistiken\/mobilitaet-verkehr\/personenverkehr\/verkehrsverhalten.html\" target=\"_blank\" rel=\"noreferrer noopener\">[6]<\/a> Das ergibt einen Auslastungsgrad von nur 32%. Nimmt man diese beiden Fakten zusammen, so ergibt sich eine Sitzauslastung von nur 1.3 %. Das ist ein katastrophaler Auslastungsgrad, der eine gro\u00dfe Ineffizienz &#8211; und damit eine gro\u00dfe Chance &#8211; darstellt.<\/p>\n\n\n\n<p>Aus diesem Grund haben viele St\u00e4dte der Verkehrs\u00fcberlastung und insbesondere dem motorisierten Individualverkehr den Kampf angesagt. Einige St\u00e4dte wie Oslo, Paris und Madrid haben das private Auto zumindest teilweise aus ihren Zentren verdr\u00e4ngt. Einige Kommunen spielen sogar mit dem Gedanken, den privaten Fahrzeugbesitz aufzugeben und stattdessen auf Fahrzeugflotten zu setzen. &#8222;Benutzen statt besitzen&#8220; ist die Devise. Die Einwohner sind nicht mehr die Eigent\u00fcmer der Autos, sondern nutzen gemeinsam die leicht verf\u00fcgbaren Leihwagen. Die Vorteile f\u00fcr die St\u00e4dte liegen auf der Hand: Mietwagen reduzieren den Bedarf an Parkpl\u00e4tzen, verringern die Zahl der Autos in den Innenst\u00e4dten und reduzieren als E-Autos auch die Emissionen.<\/p>\n\n\n\n<h2 class=\"wp-block-heading\">Mobilit\u00e4t-as-a-Service<\/h2>\n\n\n\n<p>Agenda f\u00fcr die Verkehrswende ist im Grunde offensichtlich. Die gesamte Schweizer Flotte von 4,7 Mio. <a href=\"https:\/\/www.bfs.admin.ch\/bfs\/en\/home\/statistics\/mobility-transport.html\">[7]<\/a> Personenwagen kann deutlich reduziert werden. Doch was w\u00fcrde die Menschen dazu bringen, auf ihr eigenes Auto zu verzichten? Die Antwort liegt auf der Hand. Die Alternative(n) zum eigenen Auto m\u00fcssen ausgebaut, verbessert und benutzerfreundlich vernetzt werden. Dabei geht es nicht um die Frage, ob \u00f6ffentliche Verkehrsmittel, (E-)Bikes, (E-)Roller oder Carsharing eine einzige Alternative darstellen w\u00fcrden. Es geht um die digital gest\u00fctzte Vernetzung dieser multimodalen Mobilit\u00e4tskette mit einfachem Zugang f\u00fcr alle B\u00fcrger.<\/p>\n\n\n\n<p><br>M\u00f6chtest Du mehr dar\u00fcber erfahren, wie das Mobility-as-a-Service-Angebot von Urban Connect Dein Unternehmen revolutionieren kann? F\u00fclle einfach das Formular unten aus, und Du erh\u00e4ltst das komplette Whitepaper direkt in Dein E-Mail-Postfach!<\/p>\n\n\n\n<script charset=\"utf-8\" type=\"text\/javascript\" src=\"\/\/js.hsforms.net\/forms\/embed\/v2.js\"><\/script>\n<script>\n  hbspt.forms.create({\n    portalId: \"4873065\",\n    formId: \"fbdac4ac-1562-4fd1-83aa-c3eef3c91638\"\n  });\n<\/script>\n\n\n    <section class=\"hero-image-text \">\n        <img decoding=\"async\" class=\"hero-image-text-background no-lazyload\" src=\"https:\/\/urban-connect.com\/wp-content\/uploads\/2022\/09\/22-8-22-1-2-980x550-1.png\" alt=\"\">\n\n        \n            <\/section>\n\n\n\n<p>Und es ist auch gut f\u00fcr den Arbeitgeber. Er spart Kosten, Platz und Emissionen &#8211; und bekommt sogar seine Scope-3-Mobilit\u00e4tsemissionen angerechnet. Dar\u00fcber hinaus kann das Unternehmen sogar die Restemissionen ausgleichen, so dass alle \u00fcber die Plattform gefahrenen Kilometer als klimaneutral zertifiziert werden. Diese Mobilit\u00e4t als Dienstleistung, bei der die Fahrzeuge besser ausgelastet und elektrifiziert werden, k\u00f6nnte ein Beitrag zu einer \u00f6konomisch und \u00f6kologisch nachhaltigen Verkehrspolitik sein. Damit w\u00e4re vielleicht das Jahrhundert der fossilen Mobilit\u00e4t bald zu Ende.<\/p>\n\n\n        <section class=\"author-block\">\n            <div class=\"container\">\n                <div class=\"left-side\">\n                    <h6 class=\"name\">Robert Ruttmann<\/h6>\n                    <span class=\"position\">Mitbegr\u00fcnder und kaufm\u00e4nnischer Leiter, Urban Connect<\/span>\n                <\/div>\n                <div class=\"right-side\">\n                                            <img decoding=\"async\" \n                        class=\"image lazyload\" data-src=\"https:\/\/urban-connect.com\/wp-content\/uploads\/2023\/03\/15-3-21-53.jpg\"\n                        data-srcset=\"https:\/\/urban-connect.com\/wp-content\/uploads\/2023\/03\/15-3-21-53.jpg 762w, https:\/\/urban-connect.com\/wp-content\/uploads\/2023\/03\/15-3-21-53-300x300.jpg 300w, https:\/\/urban-connect.com\/wp-content\/uploads\/2023\/03\/15-3-21-53-150x150.jpg 150w\"\n                        data-sizes=\"(max-width: 762px) 100vw, 762px\"\n                        alt=\"Chart Image\"\n                         src=\"data:image\/gif;base64,R0lGODlhAQABAAAAACH5BAEKAAEALAAAAAABAAEAAAICTAEAOw==\" style=\"--smush-placeholder-width: 762px; --smush-placeholder-aspect-ratio: 762\/762;\"><noscript><img decoding=\"async\" \n                        class=\"image\" src=\"https:\/\/urban-connect.com\/wp-content\/uploads\/2023\/03\/15-3-21-53.jpg\"\n                        srcset=\"https:\/\/urban-connect.com\/wp-content\/uploads\/2023\/03\/15-3-21-53.jpg 762w, https:\/\/urban-connect.com\/wp-content\/uploads\/2023\/03\/15-3-21-53-300x300.jpg 300w, https:\/\/urban-connect.com\/wp-content\/uploads\/2023\/03\/15-3-21-53-150x150.jpg 150w\"\n                        sizes=\"(max-width: 762px) 100vw, 762px\"\n                        alt=\"Chart Image\"\n                        ><\/noscript>\n                                        <\/div>\n            <\/div>\n        <\/section>\n        \n\n    <section class=\"related-posts\">\n        <div class=\"container\">\n            <h4 class=\"block-title\"><\/h4>\n        <\/div>\n        <div class=\"container posts-wrap\">\n            <div class=\"swiper swiper-related-posts\">\n                <div class=\"swiper-wrapper\">\n                                            <div class=\"swiper-slide\">\n                            <div class=\"card-horizontal\">\n    <div class=\"left-side\">\n                    <a href=\"https:\/\/urban-connect.com\/de\/news\/wheels-wine-2026-eine-wegweisende-ausgabe-die-die-zukunft-der-unternehmensmobilitaet-gestaltet\/\">\n                <img decoding=\"async\" \n                    class=\"image lazyload\" data-src=\"https:\/\/urban-connect.com\/wp-content\/uploads\/2026\/03\/F06A4076-768x512.jpg\"\n                    data-srcset=\"https:\/\/urban-connect.com\/wp-content\/uploads\/2026\/03\/F06A4076-768x512.jpg 768w, https:\/\/urban-connect.com\/wp-content\/uploads\/2026\/03\/F06A4076-300x200.jpg 300w, https:\/\/urban-connect.com\/wp-content\/uploads\/2026\/03\/F06A4076-1024x683.jpg 1024w, https:\/\/urban-connect.com\/wp-content\/uploads\/2026\/03\/F06A4076-1536x1024.jpg 1536w, https:\/\/urban-connect.com\/wp-content\/uploads\/2026\/03\/F06A4076-2048x1365.jpg 2048w, https:\/\/urban-connect.com\/wp-content\/uploads\/2026\/03\/F06A4076-1620x1080.jpg 1620w\"\n                    data-sizes=\"(max-width: 768px) 100vw, 768px\"\n                    alt=\"Wheels &amp; Wine 2026 \u2013 Eine wegweisende Ausgabe, die die Zukunft der Unternehmensmobilit\u00e4t gestaltet\"\n                 src=\"data:image\/gif;base64,R0lGODlhAQABAAAAACH5BAEKAAEALAAAAAABAAEAAAICTAEAOw==\" style=\"--smush-placeholder-width: 768px; --smush-placeholder-aspect-ratio: 768\/512;\"><noscript><img decoding=\"async\" \n                    class=\"image\" src=\"https:\/\/urban-connect.com\/wp-content\/uploads\/2026\/03\/F06A4076-768x512.jpg\"\n                    srcset=\"https:\/\/urban-connect.com\/wp-content\/uploads\/2026\/03\/F06A4076-768x512.jpg 768w, https:\/\/urban-connect.com\/wp-content\/uploads\/2026\/03\/F06A4076-300x200.jpg 300w, https:\/\/urban-connect.com\/wp-content\/uploads\/2026\/03\/F06A4076-1024x683.jpg 1024w, https:\/\/urban-connect.com\/wp-content\/uploads\/2026\/03\/F06A4076-1536x1024.jpg 1536w, https:\/\/urban-connect.com\/wp-content\/uploads\/2026\/03\/F06A4076-2048x1365.jpg 2048w, https:\/\/urban-connect.com\/wp-content\/uploads\/2026\/03\/F06A4076-1620x1080.jpg 1620w\"\n                    sizes=\"(max-width: 768px) 100vw, 768px\"\n                    alt=\"Wheels &amp; Wine 2026 \u2013 Eine wegweisende Ausgabe, die die Zukunft der Unternehmensmobilit\u00e4t gestaltet\"\n                ><\/noscript>\n            <\/a>\n                <\/div>\n    <div class=\"right-side\">\n                    <a href=\"https:\/\/urban-connect.com\/de\/news\/wheels-wine-2026-eine-wegweisende-ausgabe-die-die-zukunft-der-unternehmensmobilitaet-gestaltet\/\">\n                <h6 class=\"title\">Wheels &amp; Wine 2026 \u2013 Eine wegweisende Ausgabe, die die Zukunft der Unternehmensmobilit\u00e4t gestaltet<\/h6>\n            <\/a>\n                        <span class=\"date\">M\u00e4rz 24, 2026 <\/span>\n            \n\t        <\/div>\n<\/div>                        <\/div>\n                                                <div class=\"swiper-slide\">\n                            <div class=\"card-horizontal\">\n    <div class=\"left-side\">\n                    <a href=\"https:\/\/urban-connect.com\/de\/news\/was-passiert-wenn-das-laden-von-elektroautos-endlich-funktioniert-wie-urban-connect-und-zaptec-eine-bessere-ladeinfrastruktur-fuer-elektroautos-geschaffen-haben\/\">\n                <img decoding=\"async\" \n                    class=\"image lazyload\" data-src=\"https:\/\/urban-connect.com\/wp-content\/uploads\/2026\/03\/Zaptec-cover-3-1-768x453.png\"\n                    data-srcset=\"https:\/\/urban-connect.com\/wp-content\/uploads\/2026\/03\/Zaptec-cover-3-1-768x453.png 768w, https:\/\/urban-connect.com\/wp-content\/uploads\/2026\/03\/Zaptec-cover-3-1-300x177.png 300w, https:\/\/urban-connect.com\/wp-content\/uploads\/2026\/03\/Zaptec-cover-3-1-1024x604.png 1024w, https:\/\/urban-connect.com\/wp-content\/uploads\/2026\/03\/Zaptec-cover-3-1-1536x906.png 1536w, https:\/\/urban-connect.com\/wp-content\/uploads\/2026\/03\/Zaptec-cover-3-1-2048x1208.png 2048w, https:\/\/urban-connect.com\/wp-content\/uploads\/2026\/03\/Zaptec-cover-3-1-1831x1080.png 1831w\"\n                    data-sizes=\"(max-width: 768px) 100vw, 768px\"\n                    alt=\"Was passiert, wenn das Laden von Elektroautos endlich funktioniert?\"\n                 src=\"data:image\/gif;base64,R0lGODlhAQABAAAAACH5BAEKAAEALAAAAAABAAEAAAICTAEAOw==\" style=\"--smush-placeholder-width: 768px; --smush-placeholder-aspect-ratio: 768\/453;\"><noscript><img decoding=\"async\" \n                    class=\"image\" src=\"https:\/\/urban-connect.com\/wp-content\/uploads\/2026\/03\/Zaptec-cover-3-1-768x453.png\"\n                    srcset=\"https:\/\/urban-connect.com\/wp-content\/uploads\/2026\/03\/Zaptec-cover-3-1-768x453.png 768w, https:\/\/urban-connect.com\/wp-content\/uploads\/2026\/03\/Zaptec-cover-3-1-300x177.png 300w, https:\/\/urban-connect.com\/wp-content\/uploads\/2026\/03\/Zaptec-cover-3-1-1024x604.png 1024w, https:\/\/urban-connect.com\/wp-content\/uploads\/2026\/03\/Zaptec-cover-3-1-1536x906.png 1536w, https:\/\/urban-connect.com\/wp-content\/uploads\/2026\/03\/Zaptec-cover-3-1-2048x1208.png 2048w, https:\/\/urban-connect.com\/wp-content\/uploads\/2026\/03\/Zaptec-cover-3-1-1831x1080.png 1831w\"\n                    sizes=\"(max-width: 768px) 100vw, 768px\"\n                    alt=\"Was passiert, wenn das Laden von Elektroautos endlich funktioniert?\"\n                ><\/noscript>\n            <\/a>\n                <\/div>\n    <div class=\"right-side\">\n                    <a href=\"https:\/\/urban-connect.com\/de\/news\/was-passiert-wenn-das-laden-von-elektroautos-endlich-funktioniert-wie-urban-connect-und-zaptec-eine-bessere-ladeinfrastruktur-fuer-elektroautos-geschaffen-haben\/\">\n                <h6 class=\"title\">Was passiert, wenn das Laden von Elektroautos endlich funktioniert?<\/h6>\n            <\/a>\n                        <span class=\"date\">M\u00e4rz 17, 2026 <\/span>\n            \n\t        <\/div>\n<\/div>                        <\/div>\n                                                <div class=\"swiper-slide\">\n                            <div class=\"card-horizontal\">\n    <div class=\"left-side\">\n                    <a href=\"https:\/\/urban-connect.com\/de\/news\/fallstudie-im-blickpunkt-lonza-visps-partnerschaft-fuer-nachhaltige-mobilitaet-mit-urban-connect\/\">\n                <img decoding=\"async\" \n                    class=\"image lazyload\" data-src=\"https:\/\/urban-connect.com\/wp-content\/uploads\/2026\/02\/HELSANA-x-UC-banner-768x511.png\"\n                    data-srcset=\"https:\/\/urban-connect.com\/wp-content\/uploads\/2026\/02\/HELSANA-x-UC-banner-768x511.png 768w, https:\/\/urban-connect.com\/wp-content\/uploads\/2026\/02\/HELSANA-x-UC-banner-300x199.png 300w, https:\/\/urban-connect.com\/wp-content\/uploads\/2026\/02\/HELSANA-x-UC-banner-1024x681.png 1024w, https:\/\/urban-connect.com\/wp-content\/uploads\/2026\/02\/HELSANA-x-UC-banner-1536x1021.png 1536w, https:\/\/urban-connect.com\/wp-content\/uploads\/2026\/02\/HELSANA-x-UC-banner.png 1590w\"\n                    data-sizes=\"(max-width: 768px) 100vw, 768px\"\n                    alt=\"Fallstudie im Blickpunkt: Helsana erm\u00f6glicht \u00fcber 3'400 Mitarbeitenden ein Urban Connect Mobility Budget \u2013 dank SCIM ganz reibungslos.\"\n                 src=\"data:image\/gif;base64,R0lGODlhAQABAAAAACH5BAEKAAEALAAAAAABAAEAAAICTAEAOw==\" style=\"--smush-placeholder-width: 768px; --smush-placeholder-aspect-ratio: 768\/511;\"><noscript><img decoding=\"async\" \n                    class=\"image\" src=\"https:\/\/urban-connect.com\/wp-content\/uploads\/2026\/02\/HELSANA-x-UC-banner-768x511.png\"\n                    srcset=\"https:\/\/urban-connect.com\/wp-content\/uploads\/2026\/02\/HELSANA-x-UC-banner-768x511.png 768w, https:\/\/urban-connect.com\/wp-content\/uploads\/2026\/02\/HELSANA-x-UC-banner-300x199.png 300w, https:\/\/urban-connect.com\/wp-content\/uploads\/2026\/02\/HELSANA-x-UC-banner-1024x681.png 1024w, https:\/\/urban-connect.com\/wp-content\/uploads\/2026\/02\/HELSANA-x-UC-banner-1536x1021.png 1536w, https:\/\/urban-connect.com\/wp-content\/uploads\/2026\/02\/HELSANA-x-UC-banner.png 1590w\"\n                    sizes=\"(max-width: 768px) 100vw, 768px\"\n                    alt=\"Fallstudie im Blickpunkt: Helsana erm\u00f6glicht \u00fcber 3'400 Mitarbeitenden ein Urban Connect Mobility Budget \u2013 dank SCIM ganz reibungslos.\"\n                ><\/noscript>\n            <\/a>\n                <\/div>\n    <div class=\"right-side\">\n                    <a href=\"https:\/\/urban-connect.com\/de\/news\/fallstudie-im-blickpunkt-lonza-visps-partnerschaft-fuer-nachhaltige-mobilitaet-mit-urban-connect\/\">\n                <h6 class=\"title\">Fallstudie im Blickpunkt: Helsana erm\u00f6glicht \u00fcber 3&#8217;400 Mitarbeitenden ein Urban Connect Mobility Budget \u2013 dank SCIM ganz reibungslos.<\/h6>\n            <\/a>\n                        <span class=\"date\">Februar 05, 2026 <\/span>\n            \n\t        <\/div>\n<\/div>                        <\/div>\n                                        <\/div>\n                <div class=\"btn-slider \">\n    <div class=\"prev\">\n        <svg width=\"22\" height=\"12\" viewBox=\"0 0 22 12\" fill=\"none\" xmlns=\"http:\/\/www.w3.org\/2000\/svg\">\n            <path d=\"M5.094 4.476L7.74 1.83L6.03 0.102L0.432 5.7L6.03 11.298L7.74 9.57L5.076 6.906H21.42V4.476H5.094Z\" fill=\"white\"\/>\n        <\/svg>\n    <\/div>\n    <div class=\"next\">\n        <svg width=\"22\" height=\"12\" viewBox=\"0 0 22 12\" fill=\"none\" xmlns=\"http:\/\/www.w3.org\/2000\/svg\">\n            <path d=\"M14.292 1.83L16.938 4.476H0.612V6.906H16.956L14.292 9.57L16.002 11.298L21.6 5.7L16.002 0.102L14.292 1.83Z\" fill=\"white\"\/>\n        <\/svg>\n    <\/div>\n<\/div>            <\/div>\n        <\/div>\n    <\/section>\n    ","protected":false},"excerpt":{"rendered":"<p>Der Begriff Mobilit\u00e4tswende ist in aller Munde. St\u00e4dte k\u00e4mpfen mit Staus und werden zunehmend aufgefordert, eine Netto-Null-Verkehrspolitik zu initiieren. Doch diese Initiativen sind gerechtfertigt. 39% der gesamten Treibhausgasemissionen der Schweiz stammen aus dem Verkehr, 69% davon aus dem Personenverkehr [1]. Der Verkehr ist in den meisten Industriel\u00e4ndern der gr\u00f6\u00dfte Verursacher von CO2-Emissionen [2]. Dar\u00fcber hinaus [&hellip;]<\/p>\n","protected":false},"featured_media":1804,"parent":0,"template":"","news_category":[37],"class_list":["post-2562","news","type-news","status-publish","has-post-thumbnail","hentry","news_category-whitepapers-de"],"acf":[],"yoast_head":"<!-- This site is optimized with the Yoast SEO plugin v23.2 - https:\/\/yoast.com\/wordpress\/plugins\/seo\/ -->\n<title>Der Schl\u00fcssel zur Verkehrswende - Urban Connect<\/title>\n<meta name=\"description\" content=\"Unternehmensmobilit\u00e4t ist der Schl\u00fcssel zur Verkehrswende. Ziel ist Mobility-as-a-service und die Schaffung von Anreizen f\u00fcr Mitarbeitende.\" \/>\n<meta name=\"robots\" content=\"index, follow, max-snippet:-1, max-image-preview:large, max-video-preview:-1\" \/>\n<link rel=\"canonical\" href=\"https:\/\/urban-connect.com\/de\/news\/corporate-mobility-as-the-key-to-a-traffic-turnaround-2\/\" \/>\n<meta property=\"og:locale\" content=\"de_DE\" \/>\n<meta property=\"og:type\" content=\"article\" \/>\n<meta property=\"og:title\" content=\"Der Schl\u00fcssel zur Verkehrswende - Urban Connect\" \/>\n<meta property=\"og:description\" content=\"Unternehmensmobilit\u00e4t ist der Schl\u00fcssel zur Verkehrswende. Ziel ist Mobility-as-a-service und die Schaffung von Anreizen f\u00fcr Mitarbeitende.\" \/>\n<meta property=\"og:url\" content=\"https:\/\/urban-connect.com\/de\/news\/corporate-mobility-as-the-key-to-a-traffic-turnaround-2\/\" \/>\n<meta property=\"og:site_name\" content=\"Urban Connect\" \/>\n<meta property=\"article:modified_time\" content=\"2025-01-27T11:47:42+00:00\" \/>\n<meta property=\"og:image\" content=\"https:\/\/urban-connect.com\/wp-content\/uploads\/2023\/03\/Corporate-mobility.jpg\" \/>\n\t<meta property=\"og:image:width\" content=\"882\" \/>\n\t<meta property=\"og:image:height\" content=\"582\" \/>\n\t<meta property=\"og:image:type\" content=\"image\/jpeg\" \/>\n<meta name=\"twitter:card\" content=\"summary_large_image\" \/>\n<meta name=\"twitter:label1\" content=\"Gesch\u00e4tzte Lesezeit\" \/>\n\t<meta name=\"twitter:data1\" content=\"3\u00a0Minuten\" \/>\n<script type=\"application\/ld+json\" class=\"yoast-schema-graph\">{\"@context\":\"https:\/\/schema.org\",\"@graph\":[{\"@type\":\"WebPage\",\"@id\":\"https:\/\/urban-connect.com\/de\/news\/corporate-mobility-as-the-key-to-a-traffic-turnaround-2\/\",\"url\":\"https:\/\/urban-connect.com\/de\/news\/corporate-mobility-as-the-key-to-a-traffic-turnaround-2\/\",\"name\":\"Der Schl\u00fcssel zur Verkehrswende - Urban Connect\",\"isPartOf\":{\"@id\":\"https:\/\/urban-connect.com\/de\/#website\"},\"primaryImageOfPage\":{\"@id\":\"https:\/\/urban-connect.com\/de\/news\/corporate-mobility-as-the-key-to-a-traffic-turnaround-2\/#primaryimage\"},\"image\":{\"@id\":\"https:\/\/urban-connect.com\/de\/news\/corporate-mobility-as-the-key-to-a-traffic-turnaround-2\/#primaryimage\"},\"thumbnailUrl\":\"https:\/\/urban-connect.com\/wp-content\/uploads\/2023\/03\/Corporate-mobility.jpg\",\"datePublished\":\"2022-09-19T11:47:00+00:00\",\"dateModified\":\"2025-01-27T11:47:42+00:00\",\"description\":\"Unternehmensmobilit\u00e4t ist der Schl\u00fcssel zur Verkehrswende. Ziel ist Mobility-as-a-service und die Schaffung von Anreizen f\u00fcr Mitarbeitende.\",\"breadcrumb\":{\"@id\":\"https:\/\/urban-connect.com\/de\/news\/corporate-mobility-as-the-key-to-a-traffic-turnaround-2\/#breadcrumb\"},\"inLanguage\":\"de\",\"potentialAction\":[{\"@type\":\"ReadAction\",\"target\":[\"https:\/\/urban-connect.com\/de\/news\/corporate-mobility-as-the-key-to-a-traffic-turnaround-2\/\"]}]},{\"@type\":\"ImageObject\",\"inLanguage\":\"de\",\"@id\":\"https:\/\/urban-connect.com\/de\/news\/corporate-mobility-as-the-key-to-a-traffic-turnaround-2\/#primaryimage\",\"url\":\"https:\/\/urban-connect.com\/wp-content\/uploads\/2023\/03\/Corporate-mobility.jpg\",\"contentUrl\":\"https:\/\/urban-connect.com\/wp-content\/uploads\/2023\/03\/Corporate-mobility.jpg\",\"width\":882,\"height\":582,\"caption\":\"Tesla steering wheel\"},{\"@type\":\"BreadcrumbList\",\"@id\":\"https:\/\/urban-connect.com\/de\/news\/corporate-mobility-as-the-key-to-a-traffic-turnaround-2\/#breadcrumb\",\"itemListElement\":[{\"@type\":\"ListItem\",\"position\":1,\"name\":\"Home\",\"item\":\"https:\/\/urban-connect.com\/de\/\"},{\"@type\":\"ListItem\",\"position\":2,\"name\":\"Unternehmensmobilit\u00e4t als Schl\u00fcssel zur Verkehrswende\"}]},{\"@type\":\"WebSite\",\"@id\":\"https:\/\/urban-connect.com\/de\/#website\",\"url\":\"https:\/\/urban-connect.com\/de\/\",\"name\":\"Urban Connect\",\"description\":\"\",\"potentialAction\":[{\"@type\":\"SearchAction\",\"target\":{\"@type\":\"EntryPoint\",\"urlTemplate\":\"https:\/\/urban-connect.com\/de\/?s={search_term_string}\"},\"query-input\":\"required name=search_term_string\"}],\"inLanguage\":\"de\"}]}<\/script>\n<!-- \/ Yoast SEO plugin. -->","yoast_head_json":{"title":"Der Schl\u00fcssel zur Verkehrswende - Urban Connect","description":"Unternehmensmobilit\u00e4t ist der Schl\u00fcssel zur Verkehrswende. Ziel ist Mobility-as-a-service und die Schaffung von Anreizen f\u00fcr Mitarbeitende.","robots":{"index":"index","follow":"follow","max-snippet":"max-snippet:-1","max-image-preview":"max-image-preview:large","max-video-preview":"max-video-preview:-1"},"canonical":"https:\/\/urban-connect.com\/de\/news\/corporate-mobility-as-the-key-to-a-traffic-turnaround-2\/","og_locale":"de_DE","og_type":"article","og_title":"Der Schl\u00fcssel zur Verkehrswende - Urban Connect","og_description":"Unternehmensmobilit\u00e4t ist der Schl\u00fcssel zur Verkehrswende. Ziel ist Mobility-as-a-service und die Schaffung von Anreizen f\u00fcr Mitarbeitende.","og_url":"https:\/\/urban-connect.com\/de\/news\/corporate-mobility-as-the-key-to-a-traffic-turnaround-2\/","og_site_name":"Urban Connect","article_modified_time":"2025-01-27T11:47:42+00:00","og_image":[{"width":882,"height":582,"url":"https:\/\/urban-connect.com\/wp-content\/uploads\/2023\/03\/Corporate-mobility.jpg","type":"image\/jpeg"}],"twitter_card":"summary_large_image","twitter_misc":{"Gesch\u00e4tzte Lesezeit":"3\u00a0Minuten"},"schema":{"@context":"https:\/\/schema.org","@graph":[{"@type":"WebPage","@id":"https:\/\/urban-connect.com\/de\/news\/corporate-mobility-as-the-key-to-a-traffic-turnaround-2\/","url":"https:\/\/urban-connect.com\/de\/news\/corporate-mobility-as-the-key-to-a-traffic-turnaround-2\/","name":"Der Schl\u00fcssel zur Verkehrswende - Urban Connect","isPartOf":{"@id":"https:\/\/urban-connect.com\/de\/#website"},"primaryImageOfPage":{"@id":"https:\/\/urban-connect.com\/de\/news\/corporate-mobility-as-the-key-to-a-traffic-turnaround-2\/#primaryimage"},"image":{"@id":"https:\/\/urban-connect.com\/de\/news\/corporate-mobility-as-the-key-to-a-traffic-turnaround-2\/#primaryimage"},"thumbnailUrl":"https:\/\/urban-connect.com\/wp-content\/uploads\/2023\/03\/Corporate-mobility.jpg","datePublished":"2022-09-19T11:47:00+00:00","dateModified":"2025-01-27T11:47:42+00:00","description":"Unternehmensmobilit\u00e4t ist der Schl\u00fcssel zur Verkehrswende. Ziel ist Mobility-as-a-service und die Schaffung von Anreizen f\u00fcr Mitarbeitende.","breadcrumb":{"@id":"https:\/\/urban-connect.com\/de\/news\/corporate-mobility-as-the-key-to-a-traffic-turnaround-2\/#breadcrumb"},"inLanguage":"de","potentialAction":[{"@type":"ReadAction","target":["https:\/\/urban-connect.com\/de\/news\/corporate-mobility-as-the-key-to-a-traffic-turnaround-2\/"]}]},{"@type":"ImageObject","inLanguage":"de","@id":"https:\/\/urban-connect.com\/de\/news\/corporate-mobility-as-the-key-to-a-traffic-turnaround-2\/#primaryimage","url":"https:\/\/urban-connect.com\/wp-content\/uploads\/2023\/03\/Corporate-mobility.jpg","contentUrl":"https:\/\/urban-connect.com\/wp-content\/uploads\/2023\/03\/Corporate-mobility.jpg","width":882,"height":582,"caption":"Tesla steering wheel"},{"@type":"BreadcrumbList","@id":"https:\/\/urban-connect.com\/de\/news\/corporate-mobility-as-the-key-to-a-traffic-turnaround-2\/#breadcrumb","itemListElement":[{"@type":"ListItem","position":1,"name":"Home","item":"https:\/\/urban-connect.com\/de\/"},{"@type":"ListItem","position":2,"name":"Unternehmensmobilit\u00e4t als Schl\u00fcssel zur Verkehrswende"}]},{"@type":"WebSite","@id":"https:\/\/urban-connect.com\/de\/#website","url":"https:\/\/urban-connect.com\/de\/","name":"Urban Connect","description":"","potentialAction":[{"@type":"SearchAction","target":{"@type":"EntryPoint","urlTemplate":"https:\/\/urban-connect.com\/de\/?s={search_term_string}"},"query-input":"required name=search_term_string"}],"inLanguage":"de"}]}},"_links":{"self":[{"href":"https:\/\/urban-connect.com\/de\/wp-json\/wp\/v2\/news\/2562","targetHints":{"allow":["GET"]}}],"collection":[{"href":"https:\/\/urban-connect.com\/de\/wp-json\/wp\/v2\/news"}],"about":[{"href":"https:\/\/urban-connect.com\/de\/wp-json\/wp\/v2\/types\/news"}],"wp:featuredmedia":[{"embeddable":true,"href":"https:\/\/urban-connect.com\/de\/wp-json\/wp\/v2\/media\/1804"}],"wp:attachment":[{"href":"https:\/\/urban-connect.com\/de\/wp-json\/wp\/v2\/media?parent=2562"}],"wp:term":[{"taxonomy":"news_category","embeddable":true,"href":"https:\/\/urban-connect.com\/de\/wp-json\/wp\/v2\/news_category?post=2562"}],"curies":[{"name":"wp","href":"https:\/\/api.w.org\/{rel}","templated":true}]}}